{"id":5238,"date":"2011-02-03T21:52:22","date_gmt":"2011-02-03T21:52:22","guid":{"rendered":"https:\/\/moir.org.co\/web\/avanza-la-resistencia-contra-la-politica-minera-de-santos\/"},"modified":"2011-02-03T21:52:22","modified_gmt":"2011-02-03T21:52:22","slug":"avanza-la-resistencia-contra-la-politica-minera-de-santos","status":"publish","type":"post","link":"https:\/\/moir.com.co\/web\/avanza-la-resistencia-contra-la-politica-minera-de-santos\/","title":{"rendered":"Avanza la resistencia contra la pol\u00edtica minera de Santos"},"content":{"rendered":"<p>El a\u00f1o 2011 comenz\u00f3 con inmensos desaf\u00edos para los movimientos sociales que, articulados en la Red Colombiana Frente a la Gran Miner\u00eda Transnacional, han emprendido tareas para frenar los proyectos a cielo abierto que el gobierno nacional auspicia, desconociendo todas las pruebas que demuestran su inconveniencia.<\/p>\n<p>No se trata, como lo mencionan las cajas de resonancia de las multinacionales, de \u201calcabaleros, ambientalistas\u201d y \u201coportunistas de toda \u00edndole\u201d. Es una fuerza social informada que a punta de argumentos ha generado un proceso de resistencia civil para advertir a la sociedad colombiana de las funestas consecuencias sociales, econ\u00f3micas y ambientales que se producir\u00e1n de seguir con el legado minero que dej\u00f3 Uribe y que ha convenido el actual r\u00e9gimen en alianza con transnacionales mineras y especuladores financieros.<\/p>\n<p>Como tareas urgentes para el primer periodo de 2011, est\u00e1n las de acompa\u00f1ar, impulsar y visibilizar las acciones, movilizaciones y denuncias de los comit\u00e9s c\u00edvicos, sindicatos, asociaciones mineras y dem\u00e1s organizaciones que se han constituido en las principales zonas de explotaci\u00f3n y de proyecci\u00f3n minera:<\/p>\n<p>\u2022 A lo largo y ancho del pa\u00eds, las asociaciones y federaciones de mineros se est\u00e1n agrupando para resistir el embate que contra su actividad inici\u00f3 el gobierno de Uribe y profundiza el de Santos. Desde el Establecimiento avanza una acuciosa campa\u00f1a que pone a estos productores nacionales en el mismo costal con la miner\u00eda que desarrollan grupos al margen de la ley. La propaganda oficial en contra de la peque\u00f1a miner\u00eda, les impide el acceso a las herramientas y materiales adecuadas para realizar su actividad, produciendo lamentables accidentes que le han costado la vida en el \u00faltimo a\u00f1o a cientos de colombianos, como sucedi\u00f3 en Amag\u00e1, Antioquia en el 2010, y recientemente en Sardinata, N. de Santander y Sutatausa, Cundinamarca.<\/p>\n<p>\u2022 En la Guajira, los trabajadores de El Cerrej\u00f3n aprobaron la huelga en medio de la represi\u00f3n de la compa\u00f1\u00eda y Sintracarb\u00f3n contin\u00faa presionando por mejores condiciones laborales para los m\u00e1s de 5.000 trabajadores tercerizados. Adem\u00e1s, protestan por la defensa de la salud y la educaci\u00f3n en una regi\u00f3n con los \u00edndices de necesidades b\u00e1sicas insatisfechas m\u00e1s altos del pa\u00eds. El 9 de febrero se realizar\u00e1 una jornada de movilizaci\u00f3n con los trabajadores, sus familias y la comunidad guajira.<\/p>\n<p>\u2022 El Comit\u00e9 Ciudadano en defensa del p\u00e1ramo de Santurb\u00e1n, en Santander, junto con destacados sectores gremiales como Fenalco, la Sociedad Santandereana de Ingenieros, la C\u00e1mara de Comercio y la Sociedad de Mejoras P\u00fablicas, est\u00e1n invitando a toda la comunidad a una marcha para el 25 de febrero, en defensa del agua y contra el proyecto Angostura, de la canadiense Greystar Resources. As\u00ed, los santandereanos se preparan para la audiencia p\u00fablica convocada para el 4 de marzo, para saldar definitivamente el proyecto.<\/p>\n<p>\u2022 En Marmato se est\u00e1 consolidando el Comit\u00e9 C\u00edvico y se han sumado importantes sectores de la sociedad caldense para defender a los habitantes, trabajadores y peque\u00f1os mineros de la zona, contra el proyecto de la empresa Medoro Resources.<\/p>\n<p>\u2022 En la Provincia Garc\u00eda Rovira, Santander, el Comit\u00e9 de Defensa del p\u00e1ramo del Almorzadero durante dos d\u00e9cadas ha frenado el avance minero, y en el municipio de Cerrito, a trav\u00e9s de una Iniciativa Popular Normativa, aprobada por unanimidad por el Consejo Municipal y apoyada por la alcald\u00eda municipal excluye el \u00e1rea del p\u00e1ramo correspondiente a la jurisdicci\u00f3n de ese municipio las actividades mineras. Mientras se fortalece la resistencia en los municipios vecinos de Norte de Santander<\/p>\n<p>En medio de esta situaci\u00f3n, las 51 organizaciones nacionales que conforman Reclame se est\u00e1n preparando para realizar el Segundo Encuentro de la red, el 8 y 9 de abril de este a\u00f1o, en el que se definir\u00e1 un plan de acci\u00f3n conjunto y de crecimiento en la unidad, para enfrentar la actual pol\u00edtica miner\u00eda, que le genera m\u00e1s conflictos y costos que beneficios para el pa\u00eds.<\/p>\n<p>Secretar\u00eda Operativa de Reclame<\/p>\n<p>Informaci\u00f3n: red@reclamecolombia.org<\/p>\n<p>www.reclamecolombia.org<\/p>\n","protected":false},"excerpt":{"rendered":"<p>El a\u00f1o 2011 comenz\u00f3 con inmensos desaf\u00edos para los movimientos sociales que, articulados en la Red Colombiana Frente a la Gran Miner\u00eda Transnacional, han emprendido tareas para frenar los proyectos a cielo abierto que el gobierno nacional auspicia, desconociendo todas las pruebas que demuestran su inconveniencia. No se trata, como lo mencionan las cajas de [&hellip;]<\/p>\n","protected":false},"author":1,"featured_media":0,"comment_status":"open","ping_status":"open","sticky":false,"template":"","format":"standard","meta":{"advanced_seo_description":"","jetpack_seo_html_title":"","jetpack_seo_noindex":false,"_jetpack_memberships_contains_paid_content":false,"footnotes":""},"categories":[7],"tags":[],"class_list":["post-5238","post","type-post","status-publish","format-standard","hentry","category-pronunciamientos-de-organizaciones-sociales"],"jetpack_featured_media_url":"","jetpack-related-posts":[{"id":4143,"url":"https:\/\/moir.com.co\/web\/nace-la-red-colombiana-frente-a-la-gran-mineria-transnacional\/","url_meta":{"origin":5238,"position":0},"title":"Nace la Red Colombiana Frente a la Gran Miner\u00eda Transnacional","author":"admin","date":"febrero 22, 2010","format":false,"excerpt":"En el marco de la grave crisis econ\u00f3mica, pol\u00edtica y social que vive Colombia, los grandes capitales han continuado fortaleciendo sus m\u00e9todos de acumulaci\u00f3n en toda la geograf\u00eda nacional, especialmente a partir de la pol\u00edtica del gobierno nacional en la \u201cVisi\u00f3n 2019: Colombia un pa\u00eds minero\u201d, de entrega de nuestras\u2026","rel":"","context":"En \u00abPronunciamientos de Organizaciones Sociales\u00bb","block_context":{"text":"Pronunciamientos de Organizaciones Sociales","link":"https:\/\/moir.com.co\/web\/category\/pronunciamientos-de-organizaciones-sociales\/"},"img":{"alt_text":"","src":"","width":0,"height":0},"classes":[]},{"id":4539,"url":"https:\/\/moir.com.co\/web\/consecuencias-laborales-sociales-y-ambientales-de-la-explotacion-minera-transnacional-en-el-cesar\/","url_meta":{"origin":5238,"position":1},"title":"Consecuencias laborales, sociales y ambientales de la explotaci\u00f2n minera transnacional en el Cesar","author":"admin","date":"julio 7, 2010","format":false,"excerpt":"LA CENTRAL UNITARIA DE TRABAJADORES DEL CESAR, SINTRAMIENERGETICA NACIONAL, SINTRACARB\u00d2N, ADUCESAR, CENTRO DE ESTUDIOS DEL CARB\u00d2N Y LA RED COLOMBIANA FRENTE A LA GRAN MINER\u00cdA TRANSNACIONAL CONVOCAN AL FORO SOBRE \u201cCONSECUENCIAS LABORALES, SOCIALES Y AMBIENTALES DE LA EXPLOTACI\u00d2N MINERA TRANSNACIONAL EN EL CESAR\u201d A REALIZARSE EN LA JAGUA DE IBIRICO\u2026","rel":"","context":"En \u00abPronunciamientos de Organizaciones Sociales\u00bb","block_context":{"text":"Pronunciamientos de Organizaciones Sociales","link":"https:\/\/moir.com.co\/web\/category\/pronunciamientos-de-organizaciones-sociales\/"},"img":{"alt_text":"","src":"","width":0,"height":0},"classes":[]},{"id":4356,"url":"https:\/\/moir.com.co\/web\/las-multinacionales-mineras-estan-acabando-con-la-loma-cesar\/","url_meta":{"origin":5238,"position":2},"title":"Las multinacionales mineras est\u00e1n acabando con La Loma, Cesar","author":"admin","date":"mayo 11, 2010","format":false,"excerpt":"El pasado mes de febrero de 2010, m\u00e1s de 60 organizaciones sociales constituimos la Red Colombiana Frente a la Gran Miner\u00eda Transnacional, con el \u00e1nimo de articular las luchas que cientos de miles de colombianos est\u00e1n librando para enfrentar el accionar de las grandes compa\u00f1\u00edas mineras, que act\u00faan contra los\u2026","rel":"","context":"En \u00abTemas\u00bb","block_context":{"text":"Temas","link":"https:\/\/moir.com.co\/web\/category\/temas\/"},"img":{"alt_text":"","src":"","width":0,"height":0},"classes":[]},{"id":7370,"url":"https:\/\/moir.com.co\/web\/estigmatizacion-minera-o-cruda-realidad\/","url_meta":{"origin":5238,"position":3},"title":"\u00bfEstigmatizaci\u00f3n minera o cruda realidad?","author":"admin","date":"marzo 14, 2013","format":false,"excerpt":"Algunos dirigentes de la miner\u00eda se vienen lamentando de que en Colombia exista un proceso de estigmatizaci\u00f3n en su contra. Lejos de esta imputaci\u00f3n, quienes conformamos procesos sociales como la Red Colombiana Frente a la Gran Miner\u00eda Transnacional, Reclame, m\u00e1s que detractores del sector minero-energ\u00e9tico somos ciudadanos conscientes de los\u2026","rel":"","context":"En \u00abPronunciamientos de Organizaciones Sociales\u00bb","block_context":{"text":"Pronunciamientos de Organizaciones Sociales","link":"https:\/\/moir.com.co\/web\/category\/pronunciamientos-de-organizaciones-sociales\/"},"img":{"alt_text":"","src":"","width":0,"height":0},"classes":[]},{"id":6944,"url":"https:\/\/moir.com.co\/web\/transnacionales-mineras-deben-pagar-mas-impuestos-que-el-resto-de-empresas\/","url_meta":{"origin":5238,"position":4},"title":"\u201cTransnacionales mineras deben pagar m\u00e1s impuestos que el resto de empresas\u201d","author":"admin","date":"octubre 22, 2012","format":false,"excerpt":"As\u00ed lo manifest\u00f3 el movimiento por la Justicia Tributaria en Colombia, conformado por acad\u00e9micos y sectores sociales. Seg\u00fan el movimiento, \u201clos impuestos y regal\u00edas de estas compa\u00f1\u00edas extranjeras que operan en Colombia no est\u00e1n generando los recursos suficientes para compensar las afectaciones ambientales, laborales, sociales e incluso agr\u00edcolas, que son\u2026","rel":"","context":"En \u00abPronunciamientos de Organizaciones Sociales\u00bb","block_context":{"text":"Pronunciamientos de Organizaciones Sociales","link":"https:\/\/moir.com.co\/web\/category\/pronunciamientos-de-organizaciones-sociales\/"},"img":{"alt_text":"","src":"","width":0,"height":0},"classes":[]},{"id":7314,"url":"https:\/\/moir.com.co\/web\/reclame-respalda-el-paro-cafetero\/","url_meta":{"origin":5238,"position":5},"title":"Reclame respalda el paro cafetero","author":"admin","date":"marzo 1, 2013","format":false,"excerpt":"Como si los cafeteros no tuvieran suficiente con el abandono estatal y la incompetencia del gremio que dice representarlos, adem\u00e1s los amenaza tambi\u00e9n la gran miner\u00eda transnacional. Numerosos proyectos, que abarcan t\u00edtulos mineros en m\u00e1s del 46% del paisaje cafetero, y la intimidante presencia de compa\u00f1\u00edas extranjeras con sus ojos\u2026","rel":"","context":"En \u00abPronunciamientos de Organizaciones Sociales\u00bb","block_context":{"text":"Pronunciamientos de Organizaciones Sociales","link":"https:\/\/moir.com.co\/web\/category\/pronunciamientos-de-organizaciones-sociales\/"},"img":{"alt_text":"","src":"","width":0,"height":0},"classes":[]}],"jetpack_sharing_enabled":true,"_links":{"self":[{"href":"https:\/\/moir.com.co\/web\/wp-json\/wp\/v2\/posts\/5238","targetHints":{"allow":["GET"]}}],"collection":[{"href":"https:\/\/moir.com.co\/web\/wp-json\/wp\/v2\/posts"}],"about":[{"href":"https:\/\/moir.com.co\/web\/wp-json\/wp\/v2\/types\/post"}],"author":[{"embeddable":true,"href":"https:\/\/moir.com.co\/web\/wp-json\/wp\/v2\/users\/1"}],"replies":[{"embeddable":true,"href":"https:\/\/moir.com.co\/web\/wp-json\/wp\/v2\/comments?post=5238"}],"version-history":[{"count":0,"href":"https:\/\/moir.com.co\/web\/wp-json\/wp\/v2\/posts\/5238\/revisions"}],"wp:attachment":[{"href":"https:\/\/moir.com.co\/web\/wp-json\/wp\/v2\/media?parent=5238"}],"wp:term":[{"taxonomy":"category","embeddable":true,"href":"https:\/\/moir.com.co\/web\/wp-json\/wp\/v2\/categories?post=5238"},{"taxonomy":"post_tag","embeddable":true,"href":"https:\/\/moir.com.co\/web\/wp-json\/wp\/v2\/tags?post=5238"}],"curies":[{"name":"wp","href":"https:\/\/api.w.org\/{rel}","templated":true}]}}