{"id":523,"date":"2004-08-10T07:00:00","date_gmt":"2004-08-10T07:00:00","guid":{"rendered":"https:\/\/moir.org.co\/web\/circular-urgente-del-comando-nacional-unitario\/"},"modified":"2004-08-10T07:00:00","modified_gmt":"2004-08-10T07:00:00","slug":"circular-urgente-del-comando-nacional-unitario","status":"publish","type":"post","link":"https:\/\/moir.com.co\/web\/circular-urgente-del-comando-nacional-unitario\/","title":{"rendered":"CIRCULAR URGENTE DEL COMANDO NACIONAL UNITARIO"},"content":{"rendered":"<p>Junio 13 de 2003<\/p>\n<p>Fraternal saludo<\/p>\n<p>En reuni\u00f3n extraordinaria del Comando Nacional Unitario CNU, realizada en la fecha, en la sede sindical de la USTC, teniendo en cuenta la agresiva pol\u00edtica y decisi\u00f3n del Gobierno del doctor ALVARO URIBE VELEZ, frente a los trabajadores de TELECOM, la militarizaci\u00f3n de sus sitios de trabajo y la inminente promulgaci\u00f3n de otras normas que buscar\u00e1n liquidar, fusionar o privatizar otras entidades del orden estatal, aprobamos para ejecuci\u00f3n inmediata las siguientes tareas:<\/p>\n<p>Expedir y difundir masivamente la declaraci\u00f3n del CNU y CUT, que adjuntamos.<\/p>\n<p>Enviar y distribuir en la Asamblea de la OIT, la declaraci\u00f3n y orientar a los delegados de las Centrales Obreras a denunciar y ganar un pronunciamiento de este evento ante el gobierno de ALVARO URIBE VELEZ y a la vez insistir en la COMISION DE ENCUESTA para Colombia.<\/p>\n<p>Promover y realizar en todo el pa\u00eds en cada sindicato y organizaci\u00f3n social, asambleas en donde se expliquen y denuncien las agresiones del gobierno de ALVARO URIBE VELEZ contra los trabajadores de TELECOM y ganar la presencia permanente en su sitio de lucha, acompa\u00f1\u00e1ndolos en sus acciones jur\u00eddicas, pol\u00edticas y de movilizaci\u00f3n.<\/p>\n<p>El lunes 16 de junio, realizar en los alrededores de las sedes de TELECOM de todo el pa\u00eds, asambleas sindicales y populares de solidaridad y denuncia; se propone que sea a partir de las 5:00 p.m. y nos sirva para agitar y fortalecer la participaci\u00f3n en el PARO NACIONAL DEL 19 DE JUNIO.<\/p>\n<p>Trabajar con mayor inter\u00e9s para que el paro nacional del 19 de junio sea masivo y se comprometan con \u00e9l la mayor\u00eda de organizaciones sindicales y sociales.<\/p>\n<p>Haremos nueva reuni\u00f3n del CNU el pr\u00f3ximo martes 17 a las 8:00 a.m. en la sede de la USTC; igual actividad recomendamos realizar en cada departamento.<\/p>\n<p>El foro nacional del TLC Y ALCA, que se realiza en Bogot\u00e1 y el FORO MUNDIAL SOCIAL TEM\u00c1TICO de Cartagena, debemos aprovecharlos para la denuncia y a agitaci\u00f3n de estas tareas en las que estamos comprometidos.<\/p>\n<p>Fraternalmente,<\/p>\n<p>COMANDO NACIONAL UNITARIO<\/p>\n<p>DECLARACI\u00d3N<\/p>\n<p>Los Comit\u00e9s Ejecutivos de las centrales obreras colombianas \u2013CUT, CGTD y CTC- y las juntas directivas de los sindicatos nacionales estatales, reunidos en el Comando Nacional Unitario, denuncia:<\/p>\n<p>Anta la brutal embestida del Gobierno de se\u00f1or \u00c1lvaro Uribe V\u00e9lez contra el patrimonio p\u00fablico, la soberan\u00eda nacional, los intereses de los usuarios colombianos y los derechos de los trabajadores estatales, materializada en la expedici\u00f3n de decretos ley, al amparo de la ley de facultades extraordinarias, que liquidan, escinden, privatizan y marchitan las principales empresas del Estado y a renunciar al papel de palanca del desarrollo nacional.<\/p>\n<p>Las medidas adoptadas por el Gobierno Nacional liquidan la mayor empresa de telecomunicaciones del pa\u00eds, coloc\u00e1ndola a la voracidad de las multinacionales, especialmente norteamericanas; despide a diez mil trabajadores, sumiendo en la pobreza y miseria a igual n\u00famero de familias, acrecentando el desempleo y perjudicando a los usuarios de este servicio p\u00fablico, todo para atender las recomendaciones del gobierno de Washington y el Fondo Monetario Internacional.<\/p>\n<p>Denunciamos las arbitrarias medidas contra Telecom y sus trabajadores; llamamos al pueblo colombiano a permanecer alerta para resistir los oscuros anuncios de reestructuraci\u00f3n de ECOPETROL, Seguro Social, el SENA y dem\u00e1s entidades del Estado. Ratificamos la decisi\u00f3n de realizar un vigoroso y contundente PARO NACIONAL de los trabajadores estatales, el pr\u00f3ximo jueves 19 de junio del presente a\u00f1o, por 24 horas.<\/p>\n<p>Convocamos la solidaridad de la Naci\u00f3n hacia los trabajadores colombianos y al pueblo a participar activamente en las tareas de motivaci\u00f3n y resistencia que la gravedad de la hora exige.<\/p>\n<p>Bogot\u00e1, D.C. 13 de junio de 2003<\/p>\n<p>\u00a1ABAJO EL GOBIERNO NEOLIBERAL DE URIBE V\u00c9LEZ!<\/p>\n<p>\u00a1UN\u00c1MONOS EN LA DEFENSA DE LA SOBERAN\u00cdA NACIONAL Y EL PATRIMONIO P\u00daBLICO!<\/p>\n","protected":false},"excerpt":{"rendered":"<p>Junio 13 de 2003 Fraternal saludo En reuni\u00f3n extraordinaria del Comando Nacional Unitario CNU, realizada en la fecha, en la sede sindical de la USTC, teniendo en cuenta la agresiva pol\u00edtica y decisi\u00f3n del Gobierno del doctor ALVARO URIBE VELEZ, frente a los trabajadores de TELECOM, la militarizaci\u00f3n de sus sitios de trabajo y la [&hellip;]<\/p>\n","protected":false},"author":1,"featured_media":0,"comment_status":"open","ping_status":"open","sticky":false,"template":"","format":"standard","meta":{"advanced_seo_description":"","jetpack_seo_html_title":"","jetpack_seo_noindex":false,"_jetpack_memberships_contains_paid_content":false,"footnotes":""},"categories":[7],"tags":[],"class_list":["post-523","post","type-post","status-publish","format-standard","hentry","category-pronunciamientos-de-organizaciones-sociales"],"jetpack_featured_media_url":"","jetpack-related-posts":[{"id":10032,"url":"https:\/\/moir.com.co\/web\/exitoso-paro-del-17-marzo\/","url_meta":{"origin":523,"position":0},"title":"\u00a1Exitoso Paro del 17 Marzo!","author":"admin","date":"marzo 20, 2016","format":false,"excerpt":"El Comando Nacional Unitario \u2013CNU- y la Coordinaci\u00f3n de organizaciones sociales da un parte de victoria en la realizaci\u00f3n, a todo lo largo y ancho del pa\u00eds, del Paro Nacional de este 17 de marzo. En medio de gigantescas movilizaciones, las diversas organizaciones participantes y los ciudadanos vinculados a ella,\u2026","rel":"","context":"En \u00abPronunciamientos de Organizaciones Sociales\u00bb","block_context":{"text":"Pronunciamientos de Organizaciones Sociales","link":"https:\/\/moir.com.co\/web\/category\/pronunciamientos-de-organizaciones-sociales\/"},"img":{"alt_text":"","src":"","width":0,"height":0},"classes":[]},{"id":536,"url":"https:\/\/moir.com.co\/web\/todos-al-paro-civico-nacional\/","url_meta":{"origin":523,"position":1},"title":"TODOS AL PARO C\u00cdVICO NACIONAL!!","author":"admin","date":"agosto 10, 2004","format":false,"excerpt":"En reuni\u00f3n plena de Comando Nacional Unitario, los representantes de los distintos sectores de los trabajadores ratificaron la realizaci\u00f3n del PARO C\u00cdVICO NACIONAL para el 12 de agosto de 2003 y, adem\u00e1s, la ejecuci\u00f3n de diversas tareas preparatorias del mismo, que relacionamos a continuaci\u00f3n: 16 de julio, 8:00 a.m., Plenario\u2026","rel":"","context":"En \u00abPronunciamientos de Organizaciones Sociales\u00bb","block_context":{"text":"Pronunciamientos de Organizaciones Sociales","link":"https:\/\/moir.com.co\/web\/category\/pronunciamientos-de-organizaciones-sociales\/"},"img":{"alt_text":"","src":"","width":0,"height":0},"classes":[]},{"id":657,"url":"https:\/\/moir.com.co\/web\/alca-y-tlc-en-la-picota-publica\/","url_meta":{"origin":523,"position":2},"title":"\u00a1ALCA Y TLC EN LA PICOTA P\u00daBLICA!","author":"admin","date":"agosto 11, 2004","format":false,"excerpt":"Comando Regional Unitario del Magdalena, Santa Marta, mayo 28 de 2004 Las movilizaciones realizadas el pasado 18 de mayo en todo el pa\u00eds contra el ALCA y el tratado de libre comercio con Estados Unidos han tenido importantes repercusiones y ense\u00f1anzas. Dos posiciones antag\u00f3nicas han quedado expuestas a la luz\u2026","rel":"","context":"En \u00abPronunciamientos de Organizaciones Sociales\u00bb","block_context":{"text":"Pronunciamientos de Organizaciones Sociales","link":"https:\/\/moir.com.co\/web\/category\/pronunciamientos-de-organizaciones-sociales\/"},"img":{"alt_text":"","src":"","width":0,"height":0},"classes":[]},{"id":4108,"url":"https:\/\/moir.com.co\/web\/declaracion-politica-3\/","url_meta":{"origin":523,"position":3},"title":"DECLARACIO\u0301N POLI\u0301TICA","author":"admin","date":"febrero 16, 2010","format":false,"excerpt":"El pai\u0301s atraviesa por una grave crisis como consecuencia de las poli\u0301ticas neoliberales del gobierno de A\u0301lvaro Uribe Ve\u0301lez. Crisis que se expresa en la contraccio\u0301n del PIB, la cai\u0301da de las exportaciones, el abultado de\u0301ficit fiscal, el aumento del desempleo, la informalidad y pobreza que segu\u0301n datos oficiales supera\u2026","rel":"","context":"En \u00abPronunciamientos de Organizaciones Sociales\u00bb","block_context":{"text":"Pronunciamientos de Organizaciones Sociales","link":"https:\/\/moir.com.co\/web\/category\/pronunciamientos-de-organizaciones-sociales\/"},"img":{"alt_text":"","src":"","width":0,"height":0},"classes":[]},{"id":502,"url":"https:\/\/moir.com.co\/web\/declaracion-del-comando-regional-unitario-del-magdalena\/","url_meta":{"origin":523,"position":4},"title":"DECLARACI\u00d3N DEL COMANDO REGIONAL UNITARIO DEL MAGDALENA","author":"admin","date":"agosto 9, 2004","format":false,"excerpt":"Comando Regional Unitario del Magdalena, Santa Marta, marzo 27 de 2003 Frente a la grave crisis que padece nuestro pa\u00eds en el contexto nacional y mundial, el Comando Regional Unitario del Magdalena hace suya la siguiente declaraci\u00f3n. 1. La causa principal de la crisis de la sociedad colombiana es la\u2026","rel":"","context":"En \u00abPronunciamientos de Organizaciones Sociales\u00bb","block_context":{"text":"Pronunciamientos de Organizaciones Sociales","link":"https:\/\/moir.com.co\/web\/category\/pronunciamientos-de-organizaciones-sociales\/"},"img":{"alt_text":"","src":"","width":0,"height":0},"classes":[]},{"id":1151,"url":"https:\/\/moir.com.co\/web\/declaracion-politica-del-seminario-nacional-del-sindicalismo-clasista-y-unitario\/","url_meta":{"origin":523,"position":5},"title":"DECLARACI\u00d3N POL\u00cdTICA DEL SEMINARIO NACIONAL DEL SINDICALISMO CLASISTA Y UNITARIO","author":"admin","date":"abril 16, 2005","format":false,"excerpt":"Contexto nacional e internacional El gobierno de \u00c1lvaro Uribe ha correspondido d\u00f3cilmente a todos los lineamientos econ\u00f3micos, pol\u00edticos y militares de su hom\u00f3logo de Estados Unidos, no solamente en Colombia, sino que se convirti\u00f3 en el m\u00e1s abyecto agente del imperialismo en esta parte del continente. Para los colombianos el\u2026","rel":"","context":"En \u00abPronunciamientos de Organizaciones Sociales\u00bb","block_context":{"text":"Pronunciamientos de Organizaciones Sociales","link":"https:\/\/moir.com.co\/web\/category\/pronunciamientos-de-organizaciones-sociales\/"},"img":{"alt_text":"","src":"","width":0,"height":0},"classes":[]}],"jetpack_sharing_enabled":true,"_links":{"self":[{"href":"https:\/\/moir.com.co\/web\/wp-json\/wp\/v2\/posts\/523","targetHints":{"allow":["GET"]}}],"collection":[{"href":"https:\/\/moir.com.co\/web\/wp-json\/wp\/v2\/posts"}],"about":[{"href":"https:\/\/moir.com.co\/web\/wp-json\/wp\/v2\/types\/post"}],"author":[{"embeddable":true,"href":"https:\/\/moir.com.co\/web\/wp-json\/wp\/v2\/users\/1"}],"replies":[{"embeddable":true,"href":"https:\/\/moir.com.co\/web\/wp-json\/wp\/v2\/comments?post=523"}],"version-history":[{"count":0,"href":"https:\/\/moir.com.co\/web\/wp-json\/wp\/v2\/posts\/523\/revisions"}],"wp:attachment":[{"href":"https:\/\/moir.com.co\/web\/wp-json\/wp\/v2\/media?parent=523"}],"wp:term":[{"taxonomy":"category","embeddable":true,"href":"https:\/\/moir.com.co\/web\/wp-json\/wp\/v2\/categories?post=523"},{"taxonomy":"post_tag","embeddable":true,"href":"https:\/\/moir.com.co\/web\/wp-json\/wp\/v2\/tags?post=523"}],"curies":[{"name":"wp","href":"https:\/\/api.w.org\/{rel}","templated":true}]}}