{"id":5219,"date":"2011-01-28T11:42:12","date_gmt":"2011-01-28T11:42:12","guid":{"rendered":"https:\/\/moir.org.co\/web\/foro-prodefensa-de-la-cadena-lactea-de-antioquia\/"},"modified":"2011-01-28T11:42:12","modified_gmt":"2011-01-28T11:42:12","slug":"foro-prodefensa-de-la-cadena-lactea-de-antioquia","status":"publish","type":"post","link":"https:\/\/moir.com.co\/web\/foro-prodefensa-de-la-cadena-lactea-de-antioquia\/","title":{"rendered":"Foro prodefensa de la cadena l\u00e1ctea de Antioquia"},"content":{"rendered":"<h2>E V E N T O<\/p>\n<p>FORO PRODEFENSA DE LA CADENA L\u00c1CTEA DE ANTIOQUIA<\/p>\n<p>SAN PEDRO DE LOS MILAGROS JUEVES 10 DE FEBRERO 2011<\/h2>\n<p>La poblaci\u00f3n de San Pedro de Los Milagros actuar\u00e1 como sede para el Foro Prodefensa de la Cadena L\u00e1ctea del Norte de Antioquia que se realizar\u00e1 el jueves 10 de febrero pr\u00f3ximo, entre las 9:00 a.m. y la 1:00 p.m.; actividad convocada por la Alcald\u00eda de la localidad y su UMATA, la Federaci\u00f3n de Lecheros de Antioquia (FEDELAN) y la Asociaci\u00f3n por la Salvaci\u00f3n Agropecuaria de Antioquia.<\/p>\n<p>Durante este foro se tratar\u00e1n tres temas fundamentales, entre ellos el an\u00e1lisis de la situaci\u00f3n lechera a nivel internacional con base en el estudio \u201cCOLOMBIA, UNA PIEZA M\u00c1S EN LA CONQUISTA DE \u2018UN NUEVO MUNDO\u2019 L\u00c1CTEO\u201d, realizado por la Red Colombiana de Acci\u00f3n Frente al Libre Comercio (RECALCA) y dirigido por el Ing. Industrial Aurelio Su\u00e1rez Montoya, Director Ejecutivo de la Asociaci\u00f3n Nacional por la Salvaci\u00f3n Agropecuaria, documento que fue entregado a cada uno de los dirigentes de la organizaciones con vocantes. Cualquier persona que lo desee podr\u00e1 consultar dicho documento y reprodu-cirlo, desde la siguiente direcci\u00f3n electr\u00f3nica: www.recalca.org.co.<\/p>\n<p>De igual manera, siendo otro de los puntos a desarrollar como parte del Foro, se difundir\u00e1 la Declaraci\u00f3n del Congreso de Unidad de la Cadena L\u00e1ctea Nacional, actividad que se efectu\u00f3 el pasado 24 de noviembre en Bogot\u00e1. La presentaci\u00f3n resumida y analizada de dicha declaraci\u00f3n estar\u00eda a cargo del Coordinador de la Asociaci\u00f3n por la Salvaci\u00f3n Agropecuaria de Antioquia.<\/p>\n","protected":false},"excerpt":{"rendered":"<p>E V E N T O FORO PRODEFENSA DE LA CADENA L\u00c1CTEA DE ANTIOQUIA SAN PEDRO DE LOS MILAGROS JUEVES 10 DE FEBRERO 2011 La poblaci\u00f3n de San Pedro de Los Milagros actuar\u00e1 como sede para el Foro Prodefensa de la Cadena L\u00e1ctea del Norte de Antioquia que se realizar\u00e1 el jueves 10 de febrero [&hellip;]<\/p>\n","protected":false},"author":1,"featured_media":0,"comment_status":"open","ping_status":"open","sticky":false,"template":"","format":"standard","meta":{"advanced_seo_description":"","jetpack_seo_html_title":"","jetpack_seo_noindex":false,"_jetpack_memberships_contains_paid_content":false,"footnotes":""},"categories":[7],"tags":[],"class_list":["post-5219","post","type-post","status-publish","format-standard","hentry","category-pronunciamientos-de-organizaciones-sociales"],"jetpack_featured_media_url":"","jetpack-related-posts":[{"id":193,"url":"https:\/\/moir.com.co\/web\/foro-en-antioquia-sobre-crisis-lechera-y-papera\/","url_meta":{"origin":5219,"position":0},"title":"FORO EN ANTIOQUIA SOBRE CRISIS LECHERA Y PAPERA","author":"admin","date":"agosto 7, 2004","format":false,"excerpt":"Se podr\u00e1 imaginar Usted amable lector, lo que ser\u00e1 de San Pedro de los Milagros y las zonas fr\u00edas de Antioquia y el pa\u00eds, si contin\u00faan las importaciones de leche en polvo y papa, autorizadas por el Gobierno, que amenazan con liquidar el patri\u00f3tico esfuerzo de generaciones enteras de nuestros\u2026","rel":"","context":"En \u00abTemas\u00bb","block_context":{"text":"Temas","link":"https:\/\/moir.com.co\/web\/category\/temas\/"},"img":{"alt_text":"","src":"","width":0,"height":0},"classes":[]},{"id":5383,"url":"https:\/\/moir.com.co\/web\/varios-congresistas-participaran-en-la-marcha-lechera-en-defensa-de-la-cadena-lactea-nacional\/","url_meta":{"origin":5219,"position":1},"title":"Varios congresistas participar\u00e1n en la marcha lechera en defensa de la cadena l\u00e1ctea nacional","author":"admin","date":"marzo 8, 2011","format":false,"excerpt":"La senadora Daira Galvis, los senadores Germ\u00e1n Carlosama, Jorge Enrique Robledo y otros congresistas, participar\u00e1n en la marcha lechera que se realizar\u00e1 el mi\u00e9rcoles 9 de marzo en Bogot\u00e1. Los parlamentarios acompa\u00f1ar\u00e1n a decenas de organizaciones de la cadena l\u00e1ctea, que marchar\u00e1n en defensa de la leche cantina y la\u2026","rel":"","context":"En \u00abJorge Enrique Robledo\u00bb","block_context":{"text":"Jorge Enrique Robledo","link":"https:\/\/moir.com.co\/web\/category\/jorge-enrique-robledo\/"},"img":{"alt_text":"","src":"","width":0,"height":0},"classes":[]},{"id":422,"url":"https:\/\/moir.com.co\/web\/la-suiza-colombiana-no-a-importacion-lechera\/","url_meta":{"origin":5219,"position":2},"title":"LA SUIZA COLOMBIANA: NO A  IMPORTACI\u00d3N LECHERA","author":"admin","date":"agosto 8, 2004","format":false,"excerpt":"Los 800 productores de 224.000 litros diarios de leche de Entrerr\u00edos, Antioquia, conocida como la Suiza Colombiana de los Festivales del Paisaje, rechazaron un\u00e1nimemente las importaciones masivas de leche en polvo en Foro efectuado el 5 de junio en la Cooperativa Agropecuaria. En carta al Presidente saliente Andr\u00e9s Pastrana y\u2026","rel":"","context":"En \u00abPronunciamientos de Organizaciones Sociales\u00bb","block_context":{"text":"Pronunciamientos de Organizaciones Sociales","link":"https:\/\/moir.com.co\/web\/category\/pronunciamientos-de-organizaciones-sociales\/"},"img":{"alt_text":"","src":"","width":0,"height":0},"classes":[]},{"id":12424,"url":"https:\/\/moir.com.co\/web\/precios-competitivos-de-exportacion-otra-estocada-a-la-produccion-lactea-nacional\/","url_meta":{"origin":5219,"position":3},"title":"Precios competitivos de exportaci\u00f3n otra estocada a la producci\u00f3n l\u00e1ctea nacional","author":"admin","date":"mayo 17, 2017","format":false,"excerpt":"Dignidad Agropecuaria Colombiana y Dignidad Lechera, Bogot\u00e1, mayo 16 de 2017 La adici\u00f3n a la resoluci\u00f3n 017 de 2012, propuesta por el ministro de agricultura, que fija el sistema de pago de excedentes de leche al ganadero, la rebaja en el precio de la leche al productor\u00a0 en Boyac\u00e1, Norte\u2026","rel":"","context":"En \u00abAgro\u00bb","block_context":{"text":"Agro","link":"https:\/\/moir.com.co\/web\/category\/temas\/agro\/"},"img":{"alt_text":"","src":"","width":0,"height":0},"classes":[]},{"id":17009,"url":"https:\/\/moir.com.co\/web\/de-nuevo-a-defender-la-cadena-lactea-popular\/","url_meta":{"origin":5219,"position":4},"title":"\u00a1De nuevo a defender la cadena l\u00e1ctea popular!","author":"admin","date":"febrero 26, 2019","format":false,"excerpt":"Ramiro Camacho B., La Dorada, febrero 25 de 2019 El pasado 11 de Febrero el Ministro de Agricultura Andr\u00e9s Valencia Pinz\u00f3n, hizo p\u00fablico su programa estrella para el Sector Agropecuario: \u201cEl ordenamiento de la producci\u00f3n\u201d de ma\u00edz, arroz, leche, panela, forestales, papa, aguacate Hass, cebolla bulbo, algod\u00f3n, pesca y acuicultura,\u2026","rel":"","context":"En \u00abAgro\u00bb","block_context":{"text":"Agro","link":"https:\/\/moir.com.co\/web\/category\/temas\/agro\/"},"img":{"alt_text":"","src":"https:\/\/i0.wp.com\/moir.com.co\/web\/wp-content\/uploads\/2017\/07\/leche.jpg?fit=200%2C208&ssl=1&resize=350%2C200","width":350,"height":200},"classes":[]},{"id":13076,"url":"https:\/\/moir.com.co\/web\/video-jorge-enrique-robledo-envia-saludo-al-foro-sobre-crisis-lechera-citado-por-dignidad-lechera-en-ubate\/","url_meta":{"origin":5219,"position":5},"title":"Video: Jorge Enrique Robledo env\u00eda saludo al foro sobre crisis lechera citado por Dignidad Lechera en Ubat\u00e9","author":"admin","date":"agosto 9, 2017","format":"video","excerpt":"VIDEO CONFERENCIA: Participaci\u00f3n del precandidato presidencial y Senador del PDA Jorge Enrique Robledo en el foro lechero organizado por Dignidad Lechera Nacional, en el cual analiza la crisis actual por la que atraviesan los productores l\u00e1cteos colombianos, Ubat\u00e9, julio 25 de 2017","rel":"","context":"En \u00abAgro\u00bb","block_context":{"text":"Agro","link":"https:\/\/moir.com.co\/web\/category\/temas\/agro\/"},"img":{"alt_text":"","src":"","width":0,"height":0},"classes":[]}],"jetpack_sharing_enabled":true,"_links":{"self":[{"href":"https:\/\/moir.com.co\/web\/wp-json\/wp\/v2\/posts\/5219","targetHints":{"allow":["GET"]}}],"collection":[{"href":"https:\/\/moir.com.co\/web\/wp-json\/wp\/v2\/posts"}],"about":[{"href":"https:\/\/moir.com.co\/web\/wp-json\/wp\/v2\/types\/post"}],"author":[{"embeddable":true,"href":"https:\/\/moir.com.co\/web\/wp-json\/wp\/v2\/users\/1"}],"replies":[{"embeddable":true,"href":"https:\/\/moir.com.co\/web\/wp-json\/wp\/v2\/comments?post=5219"}],"version-history":[{"count":0,"href":"https:\/\/moir.com.co\/web\/wp-json\/wp\/v2\/posts\/5219\/revisions"}],"wp:attachment":[{"href":"https:\/\/moir.com.co\/web\/wp-json\/wp\/v2\/media?parent=5219"}],"wp:term":[{"taxonomy":"category","embeddable":true,"href":"https:\/\/moir.com.co\/web\/wp-json\/wp\/v2\/categories?post=5219"},{"taxonomy":"post_tag","embeddable":true,"href":"https:\/\/moir.com.co\/web\/wp-json\/wp\/v2\/tags?post=5219"}],"curies":[{"name":"wp","href":"https:\/\/api.w.org\/{rel}","templated":true}]}}