{"id":5211,"date":"2011-01-26T12:15:37","date_gmt":"2011-01-26T12:15:37","guid":{"rendered":"https:\/\/moir.org.co\/web\/el-garrote-de-char-favorece-a-los-monopolios\/"},"modified":"2011-01-26T12:15:37","modified_gmt":"2011-01-26T12:15:37","slug":"el-garrote-de-char-favorece-a-los-monopolios","status":"publish","type":"post","link":"https:\/\/moir.com.co\/web\/el-garrote-de-char-favorece-a-los-monopolios\/","title":{"rendered":"El garrote de Char favorece a los monopolios"},"content":{"rendered":"<p>Alejandro Char inicia su cuarto a\u00f1o de mandato como alcalde de Barranquilla blandiendo de nuevo el garrote contra amplios sectores de la poblaci\u00f3n, en este caso las v\u00edctimas son m\u00e1s de veinte mil moto taxistas que con sus familias representan unos cien mil habitantes, a trav\u00e9s del decreto metropolitano 001 de 2011 con el que pretende acabar esta actividad sin solucionar la problem\u00e1tica que envuelve.<\/p>\n<p>El mototaxismo, una actividad informal riesgosa que no est\u00e1 reglamentada pero que en s\u00ed misma no es il\u00edcita por cuanto no representa un delito al no estar tipificada en el c\u00f3digo penal, viene proliferando en vastos sectores geogr\u00e1ficos del pa\u00eds teniendo como caldo de cultivo el desenfrenado desempleo ocasionado por las pol\u00edticas neoliberales impuestas por las clases olig\u00e1rquicas y el imperialismo norteamericano a nuestro pa\u00eds desde hace dos d\u00e9cadas. Situaci\u00f3n parecida padecen los peque\u00f1os comerciantes estacionarios que pululan en los centros de las grandes capitales asediados por las autoridades que so pretexto de recuperar el espacio p\u00fablico tratan de sacarlos sin tener en cuenta las sentencias del poder judicial que prescriben acuerdos de concertaci\u00f3n para reubicarlos en sitios adecuados.<\/p>\n<p>El dictadorcito barranquillero no tiene en cuenta que en el congreso de la Rep\u00fablica cursa un proyecto de ley que busca reglamentar esta modalidad de transporte informal que involucra m\u00e1s de medio mill\u00f3n de personas, con todas las complejidades que encierra y que muestran c\u00f3mo se est\u00e1 descuadernando el pa\u00eds por la falta de un replanteamiento a fondo de la conducci\u00f3n de los destinos nacionales que lleve a recuperar la soberan\u00eda, el aparato productivo del agro y la industria generadores de empleo e ingresos y los derechos democr\u00e1ticos de la poblaci\u00f3n.<\/p>\n<p>Las actitudes del alcalde Char solo llevan a favorecer los intereses de una minor\u00eda monopolista, en este caso de los usufructuarios del Transmetro, cuya infraestructura fue financiada con cuantiosos recursos p\u00fablicos y que requiere, para ser rentable,  transportar 150.000 pasajeros diarios cuando en la actualidad solo lo utilizan 30.000, para lo cual se ven impelidos a sacar ahora a los moto taxista y luego a las empresas de buses, para que las ganancias sean succionadas por el capital financiero y los concesionarios ligados al burgomaestre.<\/p>\n<p>La Gran Coalici\u00f3n Democr\u00e1tica en el Atl\u00e1ntico rechaza el trato represivo contra miles de moto taxistas en el \u00e1rea metropolitana de Barranquilla sin buscar una salida concertada a la problem\u00e1tica, como tambi\u00e9n repudia el decreto 053 del 24 de enero de 2011 por medio del cual se cercenan los derechos de protesta, de expresi\u00f3n y de movilizaci\u00f3n, actitud propia de un r\u00e9gimen dictatorial.<\/p>\n<p><strong>Gran Coalici\u00f3n Democr\u00e1tica, Polo Democr\u00e1tico Alternativo, Centrales Obreras, CUT, UTRAL-CGT, CTC, ADEA, ADEBA, UNEB, Organizaciones Estudiantiles  Uniatl\u00e1ntico, Asociaciones de Pensionados, Comit\u00e9  de Comerciantes Estacionarios, Comit\u00e9 de Base de la Salud, Asocomunal.<\/strong><\/p>\n","protected":false},"excerpt":{"rendered":"<p>Alejandro Char inicia su cuarto a\u00f1o de mandato como alcalde de Barranquilla blandiendo de nuevo el garrote contra amplios sectores de la poblaci\u00f3n, en este caso las v\u00edctimas son m\u00e1s de veinte mil moto taxistas que con sus familias representan unos cien mil habitantes, a trav\u00e9s del decreto metropolitano 001 de 2011 con el que [&hellip;]<\/p>\n","protected":false},"author":1,"featured_media":0,"comment_status":"open","ping_status":"open","sticky":false,"template":"","format":"standard","meta":{"advanced_seo_description":"","jetpack_seo_html_title":"","jetpack_seo_noindex":false,"_jetpack_memberships_contains_paid_content":false,"footnotes":""},"categories":[7],"tags":[],"class_list":["post-5211","post","type-post","status-publish","format-standard","hentry","category-pronunciamientos-de-organizaciones-sociales"],"jetpack_featured_media_url":"","jetpack-related-posts":[{"id":5336,"url":"https:\/\/moir.com.co\/web\/se-agravan-los-conflictos-sociales-en-barranquilla\/","url_meta":{"origin":5211,"position":0},"title":"Se agravan los conflictos sociales en Barranquilla","author":"admin","date":"febrero 26, 2011","format":false,"excerpt":"El mi\u00e9rcoles 23 de febrero el alcalde distrital Alejandro Char dio a conocer una rendici\u00f3n de cuentas de su gesti\u00f3n durante el a\u00f1o 2010, en la cual hizo alarde de sus pretendidos logros en los \u00e1mbitos sociales, econ\u00f3micos, institucionales y ambientales que, seg\u00fan \u00e9l, han llevado a que \u201clos barranquilleros\u2026","rel":"","context":"En \u00abPronunciamientos de Organizaciones Sociales\u00bb","block_context":{"text":"Pronunciamientos de Organizaciones Sociales","link":"https:\/\/moir.com.co\/web\/category\/pronunciamientos-de-organizaciones-sociales\/"},"img":{"alt_text":"","src":"","width":0,"height":0},"classes":[]},{"id":6178,"url":"https:\/\/moir.com.co\/web\/corte-de-cuentas-a-alex-char-haran-organizaciones-sociales\/","url_meta":{"origin":5211,"position":1},"title":"Corte de cuentas a Alex Char har\u00e1n organizaciones sociales","author":"admin","date":"diciembre 12, 2011","format":false,"excerpt":"Organizaciones sociales como: Frente Amplio C\u00edvico por el Rescate de Barranquilla, Gran Coalici\u00f3n Democr\u00e1tica del Atl\u00e1ntico, C\u00edvicos en Acci\u00f3n, Comit\u00e9s de taxistas y mototaxistas, Frente Social Popular, Damnificados de la ladera occidental de Barranquilla, Cuchilla de Villate, Sim\u00f3n Bol\u00edvar, Siete de Abril, Representantes estudiantiles, Centrales Obreras, asociaciones de pensionados, Sincontaxbar,\u2026","rel":"","context":"En \u00abPronunciamientos de Organizaciones Sociales\u00bb","block_context":{"text":"Pronunciamientos de Organizaciones Sociales","link":"https:\/\/moir.com.co\/web\/category\/pronunciamientos-de-organizaciones-sociales\/"},"img":{"alt_text":"","src":"","width":0,"height":0},"classes":[]},{"id":6199,"url":"https:\/\/moir.com.co\/web\/corte-de-cuentas-rajo-a-alex-char-en-barranquilla\/","url_meta":{"origin":5211,"position":2},"title":"Corte de cuentas raj\u00f3 a Alex Char en Barranquilla","author":"admin","date":"diciembre 21, 2011","format":false,"excerpt":"M\u00e1s de tres mil personas se concentraron el martes 20 de diciembre en el Paseo Bol\u00edvar frente a la alcald\u00eda distrital para hacerle un corte de cuentas a los cuatro a\u00f1os de la administraci\u00f3n presidida por Alex Char. Para una fecha navide\u00f1a, los medios de comunicaci\u00f3n, destacaron la numerosa participaci\u00f3n\u2026","rel":"","context":"En \u00abTemas\u00bb","block_context":{"text":"Temas","link":"https:\/\/moir.com.co\/web\/category\/temas\/"},"img":{"alt_text":"","src":"","width":0,"height":0},"classes":[]},{"id":5868,"url":"https:\/\/moir.com.co\/web\/la-pobreza-no-cede-en-barranquilla-premio-de-naciones-unidas-a-char-sin-sustento-real\/","url_meta":{"origin":5211,"position":3},"title":"La pobreza no cede en Barranquilla: Premio de Naciones Unidas a Char sin sustento real","author":"admin","date":"agosto 25, 2011","format":false,"excerpt":"El pasado dos de agosto el peri\u00f3dico El Heraldo dio a conocer el estudio del Centro de Estudios Regionales del Banco de la Rep\u00fablica, seg\u00fan el cual \u201cCon 40,7% de su poblaci\u00f3n por debajo de la l\u00ednea de pobreza, Barranquilla es la tercera \u00e1rea metropolitana con mayor porcentaje de pobres\u2026","rel":"","context":"En \u00abTemas\u00bb","block_context":{"text":"Temas","link":"https:\/\/moir.com.co\/web\/category\/temas\/"},"img":{"alt_text":"","src":"","width":0,"height":0},"classes":[]},{"id":6174,"url":"https:\/\/moir.com.co\/web\/petro-copia-modelo-de-salud-de-barranquilla-en-crisis\/","url_meta":{"origin":5211,"position":4},"title":"Petro copia modelo de salud de Barranquilla en crisis","author":"admin","date":"diciembre 11, 2011","format":false,"excerpt":"El martes 20 de diciembre un grueso n\u00famero de organizaciones sociales y pol\u00edticas de Barranquilla se concentrar\u00e1 en el Paseo Bol\u00edvar para hacerle un in\u00e9dito corte de cuentas al alcalde distrital Alejandro Char en m\u00faltiples aspectos. Uno de ellos es el relacionado con la salud de m\u00e1s de un mill\u00f3n\u2026","rel":"","context":"En \u00abTemas\u00bb","block_context":{"text":"Temas","link":"https:\/\/moir.com.co\/web\/category\/temas\/"},"img":{"alt_text":"","src":"","width":0,"height":0},"classes":[]},{"id":6984,"url":"https:\/\/moir.com.co\/web\/amparo-a-los-especuladores-y-garrote-al-trabajo\/","url_meta":{"origin":5211,"position":5},"title":"Amparo a los especuladores y garrote al trabajo","author":"admin","date":"noviembre 5, 2012","format":false,"excerpt":"Todas las semanas los medios de comunicaci\u00f3n masiva registran un sinn\u00famero de noticias que tienen que ver con el transcurrir de la econom\u00eda nacional, en la que acaba de terminar una de las primicias a destacar tiene que ver con la intervenci\u00f3n de la mayor firma de comisionistas de bolsa\u2026","rel":"","context":"En \u00abTemas\u00bb","block_context":{"text":"Temas","link":"https:\/\/moir.com.co\/web\/category\/temas\/"},"img":{"alt_text":"","src":"","width":0,"height":0},"classes":[]}],"jetpack_sharing_enabled":true,"_links":{"self":[{"href":"https:\/\/moir.com.co\/web\/wp-json\/wp\/v2\/posts\/5211","targetHints":{"allow":["GET"]}}],"collection":[{"href":"https:\/\/moir.com.co\/web\/wp-json\/wp\/v2\/posts"}],"about":[{"href":"https:\/\/moir.com.co\/web\/wp-json\/wp\/v2\/types\/post"}],"author":[{"embeddable":true,"href":"https:\/\/moir.com.co\/web\/wp-json\/wp\/v2\/users\/1"}],"replies":[{"embeddable":true,"href":"https:\/\/moir.com.co\/web\/wp-json\/wp\/v2\/comments?post=5211"}],"version-history":[{"count":0,"href":"https:\/\/moir.com.co\/web\/wp-json\/wp\/v2\/posts\/5211\/revisions"}],"wp:attachment":[{"href":"https:\/\/moir.com.co\/web\/wp-json\/wp\/v2\/media?parent=5211"}],"wp:term":[{"taxonomy":"category","embeddable":true,"href":"https:\/\/moir.com.co\/web\/wp-json\/wp\/v2\/categories?post=5211"},{"taxonomy":"post_tag","embeddable":true,"href":"https:\/\/moir.com.co\/web\/wp-json\/wp\/v2\/tags?post=5211"}],"curies":[{"name":"wp","href":"https:\/\/api.w.org\/{rel}","templated":true}]}}