{"id":521,"date":"2004-08-09T07:00:00","date_gmt":"2004-08-09T07:00:00","guid":{"rendered":"https:\/\/moir.org.co\/web\/foro-alca-y-tlc-el-espejismo-del-libre-comercio-los-verdaderos-efectos-sobre-la-sociedad-colombiana\/"},"modified":"2004-08-09T07:00:00","modified_gmt":"2004-08-09T07:00:00","slug":"foro-alca-y-tlc-el-espejismo-del-libre-comercio-los-verdaderos-efectos-sobre-la-sociedad-colombiana","status":"publish","type":"post","link":"https:\/\/moir.com.co\/web\/foro-alca-y-tlc-el-espejismo-del-libre-comercio-los-verdaderos-efectos-sobre-la-sociedad-colombiana\/","title":{"rendered":"FORO &#8220;ALCA Y TLC: EL ESPEJISMO DEL LIBRE COMERCIO, LOS VERDADEROS EFECTOS SOBRE LA SOCIEDAD COLOMBIANA&#8221;"},"content":{"rendered":"<p>Hace cuatro meses organizamos un desayuno para debatir la posibilidad de realizar un foro que facilitara unificar a los cr\u00edticos del ALCA. La idea tuvo una gran acogida y m\u00e1s de 40 organizaciones se comprometieron en el proyecto. Hemos trabajado intensamente todo este tiempo y hoy estamos lanzando p\u00fablicamente dicho foro, el cual cuenta con un importante respaldo.<\/p>\n<p>La idea surgi\u00f3 al observar que durante el a\u00f1o pasado se realizaron numerosos eventos sobre el tema, tales como el foro del Cinep, las conferencias de la Academia de Ciencias Econ\u00f3micas, las publicaciones de Indepaz, Cedetrabajo, Caja de Herramientas, Nueva Gaceta y Desde Abajo, algunos eventos en la Universidad Nacional, y las labores del Comit\u00e9 contra el ALCA creado por la CUT entre el movimiento sindical, entre otros. Dichos eventos tuvieron, a pesar de sus indudables m\u00e9ritos, un limitado alcance: se circunscribieron a la \u00f3rbita de las organizaciones promotoras, no fueron coordinados ni producto de un prop\u00f3sito com\u00fan. Su voz fue clara pero de poco alcance y no logr\u00f3 escucharse por los sectores m\u00e1s avanzados de la sociedad.<\/p>\n<p>Esta situaci\u00f3n tiene causas objetivas. El gobierno ha mantenido las conversaciones conducentes al ALCA en secreto, no se ha consultado a los sectores interesados y se act\u00faa de espaldas a los m\u00e1s afectados. Sin embargo, el problema no es solamente de procedimiento. Las posiciones gubernamentales en las negociaciones no han defendido los intereses de la naci\u00f3n, son concertadas con las multinacionales y no con los ciudadanos y son producto de la presi\u00f3n y el chantaje norteamericano que, a trav\u00e9s de figuras como el ATPA o los acuerdos con el Fondo Monetario Internacional, han condicionado todo el manejo econ\u00f3mico de la naci\u00f3n.<\/p>\n<p>Hemos visto con preocupaci\u00f3n como importantes sectores de la producci\u00f3n, del mundo acad\u00e9mico e incluso del movimiento popular se han mantenido indiferentes ante el peligro que representa este acuerdo. Los medios de comunicaci\u00f3n no divulgan las posiciones cr\u00edticas y nos avecinamos a la toma de decisiones cruciales que afectar\u00e1n durante d\u00e9cadas el desarrollo del pa\u00eds. El Foro representa un esfuerzo por unir en un prop\u00f3sito com\u00fan a sectores empresariales, del movimiento sindical, campesino y popular, un sector importante de Ongs y destacados intelectuales y acad\u00e9micos. Tambi\u00e9n nos han apoyado un peque\u00f1o pero cualificado n\u00facleo de parlamentarios como Carlos Gaviria, Piedad C\u00f3rdoba y Jorge Enrique Robledo, para no enumerar los 16 parlamentarios que nos apoyan. Hemos mantenida informada a la Iglesia Cat\u00f3lica y deseamos contar con su bendici\u00f3n. Esta confluencia permitir\u00e1 que resuene la denuncia y se alerte a la sociedad. Insistiremos en preservar la acci\u00f3n com\u00fan en torno a lo que nos une y no introducir en este proceso diferencias sobre asuntos secundarios, manteniendo un esp\u00edritu amplio y unitario.<\/p>\n<p>Con el ALCA se pretende que aspectos medulares del porvenir econ\u00f3mico del pa\u00eds sean definidos no por la libre determinaci\u00f3n de los ciudadanos sino mediante convenios internacionales. La d\u00e9bil industria colombiana quedar\u00e1 desprotegida y se cerrar\u00e1 definitivamente cualquier esfuerzo de ampliaci\u00f3n del mercado interno. El Estado perder\u00e1 su capacidad de intervenci\u00f3n en la econom\u00eda y toda posibilidad de moldear el desarrollo. La agricultura se reducir\u00e1 al cultivo de unos cuantos productos tropicales y se perder\u00e1 definitivamente cualquier soberan\u00eda alimentaria: lo m\u00ednimo que necesita un pa\u00eds es poder alimentar a su poblaci\u00f3n con lo que producen sus tierras. Las \u00e1reas de servicios quedar\u00e1n definitivamente mercantilizadas, sometidas a los intereses comerciales de las multinacionales, y la educaci\u00f3n y salud ser\u00e1n un negocio con \u00e1nimo de lucro, no un derecho de los colombianos. La investigaci\u00f3n cient\u00edfica quedar\u00e1 supeditada a lo que definan los que tienen como hacerla y estar\u00e1 coartada por los sistemas de propiedad intelectual y de patentes. Las multinacionales tendr\u00e1n m\u00e1s derechos que el Estado; los flujos de capital especulativo deformar\u00e1n el desarrollo y la justicia colombiana perder\u00e1 jurisdicci\u00f3n sobre los pleitos econ\u00f3micos m\u00e1s importantes.<\/p>\n<p>Queremos que estos temas se debatan con altura y que la sociedad interponga su querella.<\/p>\n<p>Las negociaciones se aproximan a un momento de importantes definiciones. A pesar de los esfuerzos gubernamentales por iniciar la negociaci\u00f3n de un tratado de libre comercio bilateral con Estados Unidos, el cual hubiera sido a\u00fan m\u00e1s nocivo, la potencia del norte dictamin\u00f3 que Colombia deber\u00eda servirle de agente para promover la participaci\u00f3n de la Comunidad Andina en el ALCA y que se deber\u00edan hacer m\u00e1s reformas hacia la profundizaci\u00f3n de la apertura econ\u00f3mica y la liberalizaci\u00f3n. Ahora se nos impone que las lesivas pol\u00edticas contenidas en el ALCA no solamente se negocien bilateral y multilateralmente, sino que el pa\u00eds debe adoptarlas unilateralmente, sin contraprestaci\u00f3n alguna, de tal forma que se entregue el mercado interno y el patrimonio nacional a cambio de un eventual e incierto acceso al mercado estadounidense, exportando unos cuantos productos b\u00e1sicos con escaso valor agregado y por medio de la utilizaci\u00f3n de una mano de obra superexplotada. Esto no se le ha dicho a la opini\u00f3n p\u00fablica y en el foro vamos a plantearlo.<\/p>\n<p>Queremos que asistan al evento dirigentes de todo el pa\u00eds. Ya han anunciado su venida delegaciones de m\u00e1s de 10 departamentos. Estamos en las labores preparatorias que han sido m\u00faltiples. Se realizaron foros en Medell\u00edn y Santa Marta. En estos momentos se efect\u00faan en Valledupar, Cali y Bucaramanga. Se ha incrementado la cantidad de art\u00edculos en las revistas que est\u00e1n bajo la \u00f3rbita de influencia de los organizadores del Foro.<\/p>\n<p>La CUT y FECODE financiaron el 50% del alquiler del sal\u00f3n en el cual se realizar\u00e1 el foro, sus dirigentes han participado activamente en las definiciones que hemos tomado y otros sectores sindicales, como la CTC y la CGTD, tambi\u00e9n se han comprometido generosamente. La Plataforma por los Derechos Humanos, la Democracia y el Desarrollo han hecho aportes significativos, destinando recursos, personas y criterios. ILSA y el Cinep han contribuido en mil formas. Varias entidades como Asinfar, Cedetrabajo, Oxfam, la CUT de Brasil, la CGTD y la ORIT han conectado y financiado los conferencistas internacionales. Debemos destacar la valiosa contribuci\u00f3n de empresarios de la industria farmac\u00e9utica y de la Fundaci\u00f3n Misi\u00f3n Salud, dirigida por el Dr. Germ\u00e1n Holgu\u00edn Zamorano, y sin los valiosos y permanentes consejos del Dr Ra\u00fal Alameda, secretario perpetuo de la Academia Colombiana de Ciencias Econ\u00f3micas, no habr\u00edamos llegado hasta donde lo hemos hecho.<\/p>\n<p>Consideramos que constituyen aportes al esclarecimiento de la naturaleza del ALCA y a la lucha contra el mismo, desde la demanda interpuesta contra el Ministerio de Comercio Exterior por violaci\u00f3n a la soberan\u00eda nacional al dar cabida a las multinacionales en el establecimiento de los criterios colombianos en la negociaci\u00f3n, hasta las jornadas de protesta y las movilizaciones adelantadas por el movimiento popular.<\/p>\n<p>El Foro es apenas un paso. La lucha por detener el ALCA no culmina con \u00e9l y, por el contrario, en cierta medida ser\u00e1 apenas un acicate en nuestro compromiso de defender el bienestar de la poblaci\u00f3n, la soberan\u00eda y la producci\u00f3n nacionales. Despu\u00e9s del Foro debemos estudiar el lanzamiento de un movimiento nacional contra el ALCA, extender su influencia hasta en las m\u00e1s apartadas regiones, promover debates y movilizaciones, hacer campa\u00f1as educativas y de propaganda, y perseverar en un esfuerzo que, como se\u00f1al\u00f3 en su intervenci\u00f3n Carlos Rodr\u00edguez, presidente de la CUT, no es meramente acad\u00e9mico e intelectual.<\/p>\n<p>Gracias. <\/p>\n","protected":false},"excerpt":{"rendered":"<p>Hace cuatro meses organizamos un desayuno para debatir la posibilidad de realizar un foro que facilitara unificar a los cr\u00edticos del ALCA. La idea tuvo una gran acogida y m\u00e1s de 40 organizaciones se comprometieron en el proyecto. Hemos trabajado intensamente todo este tiempo y hoy estamos lanzando p\u00fablicamente dicho foro, el cual cuenta con [&hellip;]<\/p>\n","protected":false},"author":1,"featured_media":0,"comment_status":"open","ping_status":"open","sticky":false,"template":"","format":"standard","meta":{"advanced_seo_description":"","jetpack_seo_html_title":"","jetpack_seo_noindex":false,"_jetpack_memberships_contains_paid_content":false,"footnotes":""},"categories":[7],"tags":[],"class_list":["post-521","post","type-post","status-publish","format-standard","hentry","category-pronunciamientos-de-organizaciones-sociales"],"jetpack_featured_media_url":"","jetpack-related-posts":[{"id":19745,"url":"https:\/\/moir.com.co\/web\/enrique-daza-al-instalar-el-foro-sobre-el-alca-el-espejismo-del-libre-comercio\/","url_meta":{"origin":521,"position":0},"title":"ENRIQUE DAZA AL INSTALAR EL FORO SOBRE EL ALCA: EL ESPEJISMO DEL LIBRE COMERCIO","author":"admin","date":"agosto 9, 2004","format":false,"excerpt":"Hace cuatro meses comenzamos la organizaci\u00f3n de este Foro con la finalidad de unificar en un prop\u00f3sito com\u00fan a diversos sectores cr\u00edticos del ALCA. La idea surgi\u00f3 al observar que durante el a\u00f1o pasado y lo corrido del presente se realizaron numerosos eventos sobre el tema, los cuales a pesar\u2026","rel":"","context":"En \u00abTribuna Roja N\u00ba 92, agosto 6 de 2003\u00bb","block_context":{"text":"Tribuna Roja N\u00ba 92, agosto 6 de 2003","link":"https:\/\/moir.com.co\/web\/category\/tribuna-roja\/ediciones-2000-2004\/tribuna-roja-no-92-agosto-6-de-2003\/"},"img":{"alt_text":"","src":"","width":0,"height":0},"classes":[]},{"id":672,"url":"https:\/\/moir.com.co\/web\/cumbre-politica-y-social-plan-de-accion\/","url_meta":{"origin":521,"position":1},"title":"CUMBRE POLITICA  Y SOCIAL: PLAN DE ACCI\u00d3N","author":"admin","date":"agosto 11, 2004","format":false,"excerpt":"Plan de Acci\u00f3n Cumbre Social y pol\u00edtica, Bogot\u00e1, julio 22 de 2004 Los sectores sociales, pol\u00edticos y parlamentarios que hacemos presencia en este evento, nos comprometemos a desarrollar el siguiente Plan de Acci\u00f3n: En lo legislativo \u00d8 En este sentido, consideramos de particular importancia realizar eventos para ilustrar a la\u2026","rel":"","context":"En \u00abPronunciamientos de Organizaciones Sociales\u00bb","block_context":{"text":"Pronunciamientos de Organizaciones Sociales","link":"https:\/\/moir.com.co\/web\/category\/pronunciamientos-de-organizaciones-sociales\/"},"img":{"alt_text":"","src":"","width":0,"height":0},"classes":[]},{"id":1454,"url":"https:\/\/moir.com.co\/web\/noticias-de-la-lucha-contra-el-alca-en-latinoamerica\/","url_meta":{"origin":521,"position":2},"title":"NOTICIAS DE LA LUCHA CONTRA EL ALCA EN LATINOAM\u00c9RICA","author":"admin","date":"junio 20, 2004","format":false,"excerpt":"Organizaciones ind\u00edgenas y populares ecuatorianas alertan el peligro del ALCA La Red de Organizaciones que promueven la Campa\u00f1a en Contra del ALCA, en la que integran organizaciones urbanas, Seguro Social Campesino, CONAIE, Trabajadores y m\u00e1s organizaciones sociales, invitan al pueblo ecuatoriano a sumarse activamente a la Campa\u00f1a Nacional Contra el\u2026","rel":"","context":"En \u00ab\u00a1No a los TLC y al ALCA!\u00bb","block_context":{"text":"\u00a1No a los TLC y al ALCA!","link":"https:\/\/moir.com.co\/web\/category\/temas\/no-a-los-tlc-y-al-alca\/"},"img":{"alt_text":"","src":"","width":0,"height":0},"classes":[]},{"id":55,"url":"https:\/\/moir.com.co\/web\/declaracion-del-foro-alca-y-tlc-el-espejismo-del-libre-comercio\/","url_meta":{"origin":521,"position":3},"title":"DECLARACI\u00d3N DEL FORO: ALCA Y TLC, EL ESPEJISMO DEL LIBRE COMERCIO","author":"admin","date":"agosto 1, 2004","format":false,"excerpt":"En este Foro se ha ilustrado detalladamente el devastador impacto econ\u00f3mico y social que le acarrear\u00eda a Colombia su incorporaci\u00f3n al \u00c1rea de Libre Comercio de las Am\u00e9ricas (ALCA). Fue fundamental examinar la experiencia mexicana con el Tratado de Libre Comercio de Am\u00e9rica del Norte, ya que es uno de\u2026","rel":"","context":"En \u00ab\u00a1No a los TLC y al ALCA!\u00bb","block_context":{"text":"\u00a1No a los TLC y al ALCA!","link":"https:\/\/moir.com.co\/web\/category\/temas\/no-a-los-tlc-y-al-alca\/"},"img":{"alt_text":"","src":"","width":0,"height":0},"classes":[]},{"id":53,"url":"https:\/\/moir.com.co\/web\/el-espejismo-del-libre-comercio\/","url_meta":{"origin":521,"position":4},"title":"EL ESPEJISMO DEL LIBRE COMERCIO","author":"admin","date":"agosto 1, 2004","format":false,"excerpt":"Su reverencia Monse\u00f1or Fabian Marulanda, Dr Abd\u00f3n Espinosa, distinguidos y distinguidas miembros de la mesa directiva que gentil y solidariamente nos acompa\u00f1an al acto de instalaci\u00f3n de este foro. Expositores nacionales e internacionales que participar\u00e1n en el mismo. Se\u00f1oras y se\u00f1ores Hace cuatro meses comenzamos la organizaci\u00f3n de este foro\u2026","rel":"","context":"En \u00ab\u00a1No a los TLC y al ALCA!\u00bb","block_context":{"text":"\u00a1No a los TLC y al ALCA!","link":"https:\/\/moir.com.co\/web\/category\/temas\/no-a-los-tlc-y-al-alca\/"},"img":{"alt_text":"","src":"","width":0,"height":0},"classes":[]},{"id":518,"url":"https:\/\/moir.com.co\/web\/convocatoria-al-foro-sobre-las-incidencias-del-alca-en-el-salon-amarillo-de-la-alcaldia-de-santa-marta\/","url_meta":{"origin":521,"position":5},"title":"CONVOCATORIA AL FORO SOBRE LAS INCIDENCIAS DEL ALCA, EN EL SAL\u00d3N AMARILLO DE LA ALCALD\u00cdA DE SANTA MARTA","author":"admin","date":"agosto 9, 2004","format":false,"excerpt":"Salvaci\u00f3n Agropecuaria, Santa Marta, mayo 20 2003 La Asociaci\u00f3n Nacional por la Salvaci\u00f3n Agropecuaria, Seccional Magdalena, con la aquiescencia del alcalde (E) del distrito de Santa Marta, doctor Fernando Cely Santos, est\u00e1 convocando al Foro Sobre las Incidencias del \u00c1rea de Libre Comercio de las Am\u00e9ricas (ALCA) en la econom\u00eda\u2026","rel":"","context":"En \u00abPronunciamientos de Organizaciones Sociales\u00bb","block_context":{"text":"Pronunciamientos de Organizaciones Sociales","link":"https:\/\/moir.com.co\/web\/category\/pronunciamientos-de-organizaciones-sociales\/"},"img":{"alt_text":"","src":"","width":0,"height":0},"classes":[]}],"jetpack_sharing_enabled":true,"_links":{"self":[{"href":"https:\/\/moir.com.co\/web\/wp-json\/wp\/v2\/posts\/521","targetHints":{"allow":["GET"]}}],"collection":[{"href":"https:\/\/moir.com.co\/web\/wp-json\/wp\/v2\/posts"}],"about":[{"href":"https:\/\/moir.com.co\/web\/wp-json\/wp\/v2\/types\/post"}],"author":[{"embeddable":true,"href":"https:\/\/moir.com.co\/web\/wp-json\/wp\/v2\/users\/1"}],"replies":[{"embeddable":true,"href":"https:\/\/moir.com.co\/web\/wp-json\/wp\/v2\/comments?post=521"}],"version-history":[{"count":0,"href":"https:\/\/moir.com.co\/web\/wp-json\/wp\/v2\/posts\/521\/revisions"}],"wp:attachment":[{"href":"https:\/\/moir.com.co\/web\/wp-json\/wp\/v2\/media?parent=521"}],"wp:term":[{"taxonomy":"category","embeddable":true,"href":"https:\/\/moir.com.co\/web\/wp-json\/wp\/v2\/categories?post=521"},{"taxonomy":"post_tag","embeddable":true,"href":"https:\/\/moir.com.co\/web\/wp-json\/wp\/v2\/tags?post=521"}],"curies":[{"name":"wp","href":"https:\/\/api.w.org\/{rel}","templated":true}]}}