{"id":5196,"date":"2011-01-19T23:08:11","date_gmt":"2011-01-19T23:08:11","guid":{"rendered":"https:\/\/moir.org.co\/web\/el-proyecto-minero-en-santurban-sus-impactos-economicos-y-ambientales-y-la-lucha-para-detenerlo\/"},"modified":"2011-01-19T23:08:11","modified_gmt":"2011-01-19T23:08:11","slug":"el-proyecto-minero-en-santurban-sus-impactos-economicos-y-ambientales-y-la-lucha-para-detenerlo","status":"publish","type":"post","link":"https:\/\/moir.com.co\/web\/el-proyecto-minero-en-santurban-sus-impactos-economicos-y-ambientales-y-la-lucha-para-detenerlo\/","title":{"rendered":"El proyecto minero en Santurb\u00e1n: sus impactos econ\u00f3micos y ambientales, y la lucha para detenerlo"},"content":{"rendered":"<p>A prop\u00f3sito del creciente inter\u00e9s que a nivel nacional viene despertando el proyecto minero de Angostura, en el p\u00e1ramo de Santurb\u00e1n, vale la pena explicar algunos detalles que sirven como argumentaci\u00f3n para frenarlo.<\/p>\n<p>No se est\u00e1 ante cualquier proyecto minero. El p\u00e1ramo de Santurb\u00e1n es un ecosistema diverso que produce y regula la oferta h\u00eddrica para m\u00e1s de 2 millones de seres humanos de las \u00e1reas urbanas de Bucaramanga y C\u00facuta, y 21 municipios m\u00e1s en los departamentos de Santander y Norte de Santander, seg\u00fan lo expresa la Corporaci\u00f3n Aut\u00f3noma para la Defensa de la Meseta de Bucaramanga, CDMB. Adem\u00e1s, es el h\u00e1bitat de 457 especies de plantas, 17 de anfibios, igual n\u00famero de especies de reptiles, 201 de aves y 58 de mam\u00edferos, muchos de los cuales est\u00e1n bajo amenaza de extinci\u00f3n. El p\u00e1ramo, seg\u00fan la CDMB, \u201cconstituye en conjunto una ecoregi\u00f3n de la mayor importancia estrat\u00e9gica no solamente para el departamento de Santander y su ciudad capital, sino que trasciende las fronteras regionales\u201d.<\/p>\n<p>El gobierno de Juan Manuel Santos ha prometido continuar y profundizar la pol\u00edtica de convertir a Colombia en un \u201cpa\u00eds minero\u201d. Para ello, el Estado continu\u00f3 la pol\u00edtica de la \u201cconfianza inversionista\u201d con el prop\u00f3sito de atraer capitales for\u00e1neos garantiz\u00e1ndoles enormes beneficios a trav\u00e9s de exenciones tributarias, contratos de estabilidad jur\u00eddica, zonas francas especiales y un r\u00e9gimen especial de inversiones en el caso de la miner\u00eda, donde terminan pagando unas regal\u00edas que no est\u00e1n ni cerca de compensar los nefastos impactos ambientales, econ\u00f3micos y sociales de la miner\u00eda a cielo abierto. Seg\u00fan estudios de Guillermo Rudas, para el a\u00f1o 2009 las exenciones otorgadas a la miner\u00eda correspondieron al 51% de la renta pagada a la naci\u00f3n, pero en el caso del oro fue del 86%. Regal\u00edas que con la reforma constitucional que el gobierno central tramita en el Congreso, les ser\u00e1n expropiadas a los municipios y departamentos con derechos presentes y futuros sobre ellas.<\/p>\n<p>Con raz\u00f3n la multinacional Greystar Resources, due\u00f1a del proyecto minero en Santander anuncia en su presentaci\u00f3n corporativa que est\u00e1 de pl\u00e1cemes con el actual gobierno de Santos, el cual, dice la compa\u00f1\u00eda, asumi\u00f3 con \u201cuna plataforma para continuar con la orientaci\u00f3n pol\u00edtica de \u2018centro derecha\u2019 y la activa pol\u00edtica pro-empresarial del presidente Uribe\u201d.<\/p>\n<p>Greystar estima que las reservas recuperables de oro en Santurb\u00e1n suman 9 millones de onzas y las de plata 59 millones. La compa\u00f1\u00eda ha calculado que las regal\u00edas que pagar\u00eda al pa\u00eds ser\u00edan de 14.9 millones de d\u00f3lares al a\u00f1o, unos 224 millones de d\u00f3lares en 15 a\u00f1os de actividad -sin quitarle las exenciones-, mientras las ventas de oro y plata, a precios de hoy, le generar\u00edan ingresos por 14.252 millones de d\u00f3lares. Es decir que Colombia se quedar\u00eda sin el p\u00e1ramo, sin el agua y con menos del 2% del saqueo del oro.<\/p>\n<p>En efecto, la explotaci\u00f3n producir\u00e1 1.200 toneladas de cianuro s\u00f3dico por mes \u00a1por 180 meses! que en teor\u00eda se almacenar\u00e1n en piscinas de lixiviaci\u00f3n, las cuales, seg\u00fan el mismo informe de impacto ambiental de la Greystar presentado en abril de 2010, \u201cno son totalmente invulnerables a contingencias s\u00edsmicas o geol\u00f3gicas; si esto llegara a pasar, las reparaciones internas no son posibles\u201d. En este punto es importante tener en cuenta que la falla geol\u00f3gica localizada entre Bucaramanga y la Mesa de los Santos, cerca al proyecto, es la m\u00e1s activa del pa\u00eds.<\/p>\n<p>Los accidentes ocurren, son m\u00e1s frecuentes de lo que se quisiera y por m\u00e1s controles que tome la compa\u00f1\u00eda es imposible evitarlos. As\u00ed ocurri\u00f3 a comienzos de este a\u00f1o en un accidente de tr\u00e1nsito en un veh\u00edculo de la Greystar que le cost\u00f3 la vida a siete de sus trabajadores. A nivel internacional, en el 2010 se presentaron cat\u00e1strofes ambientales relacionadas con la actividad minero\u2013energ\u00e9tica en el r\u00edo Danubio en Hungr\u00eda, el golfo de M\u00e9xico y el mar Amarillo en China, adem\u00e1s del famoso accidente de los mineros en Chile.<\/p>\n<p>Sum\u00e9mosle a esto el hecho de que la Greystar es una empresa junior que no tiene operaciones ni experiencia minera en ninguna otra naci\u00f3n. El informe financiero que present\u00f3 a sus accionistas en septiembre de 2010 admite que no saben si podr\u00e1n desarrollar el proyecto porque \u201cno hay garant\u00eda de que la compa\u00f1\u00eda ser\u00e1 capaz de obtener una adecuada financiaci\u00f3n en t\u00e9rminos favorables\u201d. Sin embargo, mientras lo vende a una empresa grande que s\u00ed est\u00e9 en capacidad de hacerlo, especula en las bolsas de valores del mundo con sus acciones que le generaron ganancias en los primeros nueve meses de 2010 por 46 millones de d\u00f3lares, que para colmo no pagan impuestos ni regal\u00edas en Colombia. Esta empresa tiene acciones valoradas por 266 millones de d\u00f3lares, m\u00e1s que los 140 millones que ha invertido durante 15 a\u00f1os de exploraci\u00f3n.<\/p>\n<p>Convencidos de la inconveniencia del proyecto, amplios sectores de la sociedad santandereana se articularon en el Comit\u00e9 Pro-Defensa del P\u00e1ramo de Santurb\u00e1n, entre los que se cuentan organizaciones sindicales, estudiantiles y sociales, Fenalco, la Sociedad Santandereana de Ingenieros, la Sociedad de Mejoras P\u00fablicas y sectores pol\u00edticos de todas las vertientes. El comit\u00e9 ha protagonizado un valeroso proceso de oposici\u00f3n al proyecto, al que se suman cada vez m\u00e1s colombianos y que ya ha recogido 50.000 firmas de rechazo en Bucaramanga.<\/p>\n<p>Falta ver si Santos y Garz\u00f3n desoyen la voluntad de las mayor\u00edas santandereanas y deciden otorgar el permiso ambiental a pesar de las evidencias y del concepto de la Procuradur\u00eda General que expuso \u201clas razones legales y t\u00e9cnicas que hacen inviable el proyecto minero, dada la ubicaci\u00f3n del mismo en \u00e1rea de p\u00e1ramo\u201d. Frenar el proyecto Angostura se convertir\u00eda en un caso emblem\u00e1tico de las organizaciones que conformamos la Red Colombiana Frente a la Gran Miner\u00eda Transnacional, Reclame, para impedir otros igual de lesivos para los intereses nacionales como el de La Colosa en Tolima, Marmato en Caldas y Mand\u00e9 Norte en Choc\u00f3.<\/p>\n","protected":false},"excerpt":{"rendered":"<p>A prop\u00f3sito del creciente inter\u00e9s que a nivel nacional viene despertando el proyecto minero de Angostura, en el p\u00e1ramo de Santurb\u00e1n, vale la pena explicar algunos detalles que sirven como argumentaci\u00f3n para frenarlo. No se est\u00e1 ante cualquier proyecto minero. El p\u00e1ramo de Santurb\u00e1n es un ecosistema diverso que produce y regula la oferta h\u00eddrica [&hellip;]<\/p>\n","protected":false},"author":1,"featured_media":0,"comment_status":"open","ping_status":"open","sticky":false,"template":"","format":"standard","meta":{"advanced_seo_description":"","jetpack_seo_html_title":"","jetpack_seo_noindex":false,"_jetpack_memberships_contains_paid_content":false,"footnotes":""},"categories":[7],"tags":[],"class_list":["post-5196","post","type-post","status-publish","format-standard","hentry","category-pronunciamientos-de-organizaciones-sociales"],"jetpack_featured_media_url":"","jetpack-related-posts":[{"id":5180,"url":"https:\/\/moir.com.co\/web\/a-la-espera-de-la-proxima-audiencia-publica-comerciantes-se-oponen-a-mineria-en-santurban\/","url_meta":{"origin":5196,"position":0},"title":"A la espera de la pr\u00f3xima audiencia p\u00fablica: Comerciantes se oponen a miner\u00eda en Santurb\u00e1n","author":"admin","date":"enero 16, 2011","format":false,"excerpt":"En el p\u00e1ramo de Santurb\u00e1n nacen r\u00edos que alimentan acueductos de toda la regi\u00f3n santandereana. Los comerciantes de Bucaramanga cerraron filas para oponerse al proyecto minero de la compa\u00f1\u00eda canadiense Greystar en el p\u00e1ramo de Santurb\u00e1n. Junto a organizaciones ambientalistas, acad\u00e9micas y sociales, Fenalco Santander lidera un movimiento civil que\u2026","rel":"","context":"En \u00abRevista de Prensa\u00bb","block_context":{"text":"Revista de Prensa","link":"https:\/\/moir.com.co\/web\/category\/prensa\/revista-de-prensa\/"},"img":{"alt_text":"","src":"","width":0,"height":0},"classes":[]},{"id":7350,"url":"https:\/\/moir.com.co\/web\/el-15-de-marzo-otro-25-de-febrero-por-el-agua-por-la-vida-por-santurban\/","url_meta":{"origin":5196,"position":1},"title":"El 15 de marzo, otro 25 de febrero por el agua, por la vida\u2026 Por Santurb\u00e1n","author":"admin","date":"marzo 9, 2013","format":false,"excerpt":"La amenaza megaminera en el p\u00e1ramo de Santurb\u00e1n, a\u00fan despu\u00e9s de la declaratoria de Parque Natural Regional de un \u00e1rea equivalente al 18 % de la extensi\u00f3n total del p\u00e1ramo, sigue siendo una preocupaci\u00f3n constante para los santanderenos, pues Santurb\u00e1n sigue en manos de las mineras y de la \u201clocomotora\u201d\u2026","rel":"","context":"En \u00abPolo Democr\u00e1tico Alternativo\u00bb","block_context":{"text":"Polo Democr\u00e1tico Alternativo","link":"https:\/\/moir.com.co\/web\/category\/polo-democratico-alternativo\/"},"img":{"alt_text":"","src":"","width":0,"height":0},"classes":[]},{"id":7207,"url":"https:\/\/moir.com.co\/web\/con-mas-fuerza-vamos-a-la-movilizacion-de-100-000-voces-por-santurban\/","url_meta":{"origin":5196,"position":2},"title":"Con m\u00e1s fuerza vamos a la movilizaci\u00f3n de  100.000 voces por Santurb\u00e1n","author":"admin","date":"febrero 1, 2013","format":false,"excerpt":"Solo transcurrieron los primeros ocho d\u00edas del a\u00f1o 2013 para que el gobierno del presidente Santos con su ministro de Ambiente en la sesi\u00f3n del 8 de enero del consejo directivo de la CDMB hiciera aprobar el Parque Natural Regional del p\u00e1ramo de Santurb\u00e1n en una extensi\u00f3n de 11.700 ha,\u2026","rel":"","context":"En \u00abPolo Democr\u00e1tico Alternativo\u00bb","block_context":{"text":"Polo Democr\u00e1tico Alternativo","link":"https:\/\/moir.com.co\/web\/category\/polo-democratico-alternativo\/"},"img":{"alt_text":"","src":"","width":0,"height":0},"classes":[]},{"id":5039,"url":"https:\/\/moir.com.co\/web\/la-ofensiva-de-la-greystar-obliga-a-defender-el-agua-que-nos-da-el-paramo-de-santurban\/","url_meta":{"origin":5196,"position":3},"title":"La ofensiva de la Greystar obliga a defender el agua que nos da el P\u00e1ramo de Santurb\u00e1n","author":"admin","date":"noviembre 21, 2010","format":false,"excerpt":"La descomunal campa\u00f1a propagand\u00edstica que viene adelantando la Greystar para que le permitan desarrollar el proyecto de miner\u00eda a cielo abierto del p\u00e1ramo de Santurb\u00e1n no tiene antecedentes en la historia de Santander, situaci\u00f3n que genera m\u00e1s desconfianza que confianza en sus aseveraciones. En los \u00faltimos d\u00edas la Greystar ha\u2026","rel":"","context":"En \u00abTemas\u00bb","block_context":{"text":"Temas","link":"https:\/\/moir.com.co\/web\/category\/temas\/"},"img":{"alt_text":"","src":"","width":0,"height":0},"classes":[]},{"id":13862,"url":"https:\/\/moir.com.co\/web\/la-maldicion-del-oro-para-el-paramo-de-santurban\/","url_meta":{"origin":5196,"position":4},"title":"La maldici\u00f3n del oro para el P\u00e1ramo de Santurb\u00e1n","author":"admin","date":"noviembre 18, 2017","format":false,"excerpt":"Patricia Cifuentes, Bogot\u00e1, noviembre 18 de 2017 El P\u00e1ramo de Santurb\u00e1n es un ecosistema que surte de agua a m\u00e1s de 2,5 millones de\u00a0personas\u00a0en el departamento de Santander. Desde el 2010 se ha visto gravemente amenazado por el inter\u00e9s de multinacionales mineras de hacer explotaci\u00f3n de oro en el territorio.\u2026","rel":"","context":"En \u00abAgro\u00bb","block_context":{"text":"Agro","link":"https:\/\/moir.com.co\/web\/category\/temas\/agro\/"},"img":{"alt_text":"","src":"https:\/\/i0.wp.com\/moir.com.co\/web\/wp-content\/uploads\/2017\/11\/santrurbanParamos.jpg?fit=549%2C366&ssl=1&resize=350%2C200","width":350,"height":200,"srcset":"https:\/\/i0.wp.com\/moir.com.co\/web\/wp-content\/uploads\/2017\/11\/santrurbanParamos.jpg?fit=549%2C366&ssl=1&resize=350%2C200 1x, https:\/\/i0.wp.com\/moir.com.co\/web\/wp-content\/uploads\/2017\/11\/santrurbanParamos.jpg?fit=549%2C366&ssl=1&resize=525%2C300 1.5x"},"classes":[]},{"id":7369,"url":"https:\/\/moir.com.co\/web\/manana-todos-a-la-marcha-de-las-100-mil-voces-por-el-agua-y-el-paramo-de-santurban\/","url_meta":{"origin":5196,"position":5},"title":"Ma\u00f1ana todos a la Marcha de las 100 Mil Voces por el Agua y el P\u00e1ramo de Santurb\u00e1n","author":"admin","date":"marzo 14, 2013","format":false,"excerpt":"Despu\u00e9s de la declaratoria del Parque Natural Regional de Santurb\u00e1n, que no resolvi\u00f3 el asunto fundamental de s\u00ed el gobierno de Santos va a respetar el mandato legal que lo obliga a no conceder licencias de explotaci\u00f3n minera en el Ecosistema de p\u00e1ramo, tanto a cielo abierto como en la\u2026","rel":"","context":"En \u00abPolo Democr\u00e1tico Alternativo\u00bb","block_context":{"text":"Polo Democr\u00e1tico Alternativo","link":"https:\/\/moir.com.co\/web\/category\/polo-democratico-alternativo\/"},"img":{"alt_text":"","src":"","width":0,"height":0},"classes":[]}],"jetpack_sharing_enabled":true,"_links":{"self":[{"href":"https:\/\/moir.com.co\/web\/wp-json\/wp\/v2\/posts\/5196","targetHints":{"allow":["GET"]}}],"collection":[{"href":"https:\/\/moir.com.co\/web\/wp-json\/wp\/v2\/posts"}],"about":[{"href":"https:\/\/moir.com.co\/web\/wp-json\/wp\/v2\/types\/post"}],"author":[{"embeddable":true,"href":"https:\/\/moir.com.co\/web\/wp-json\/wp\/v2\/users\/1"}],"replies":[{"embeddable":true,"href":"https:\/\/moir.com.co\/web\/wp-json\/wp\/v2\/comments?post=5196"}],"version-history":[{"count":0,"href":"https:\/\/moir.com.co\/web\/wp-json\/wp\/v2\/posts\/5196\/revisions"}],"wp:attachment":[{"href":"https:\/\/moir.com.co\/web\/wp-json\/wp\/v2\/media?parent=5196"}],"wp:term":[{"taxonomy":"category","embeddable":true,"href":"https:\/\/moir.com.co\/web\/wp-json\/wp\/v2\/categories?post=5196"},{"taxonomy":"post_tag","embeddable":true,"href":"https:\/\/moir.com.co\/web\/wp-json\/wp\/v2\/tags?post=5196"}],"curies":[{"name":"wp","href":"https:\/\/api.w.org\/{rel}","templated":true}]}}