{"id":519,"date":"2004-08-10T07:00:00","date_gmt":"2004-08-10T07:00:00","guid":{"rendered":"https:\/\/moir.org.co\/web\/seminario-impacto-del-glifosato-en-colombia-caso-zona-cafetera\/"},"modified":"2004-08-10T07:00:00","modified_gmt":"2004-08-10T07:00:00","slug":"seminario-impacto-del-glifosato-en-colombia-caso-zona-cafetera","status":"publish","type":"post","link":"https:\/\/moir.com.co\/web\/seminario-impacto-del-glifosato-en-colombia-caso-zona-cafetera\/","title":{"rendered":"SEMINARIO &#8220;IMPACTO DEL GLIFOSATO EN COLOMBIA&#8221;. CASO ZONA CAFETERA"},"content":{"rendered":"<p>Unidad Cafetera. Aurelio Su\u00e1rez Montoya, Manizales, mayo 21 de 2003<\/p>\n<p>1. \u00bfQui\u00e9n lo iba a pensar?<\/p>\n<p>Parece una pesadilla. \u00bfQui\u00e9n iba a pensar que Manizales, cien a\u00f1os despu\u00e9s de uno de los periplos m\u00e1s fecundos de la industria del caf\u00e9, cuya expansi\u00f3n tuvo epicentro en estas tierras, iba a ser la sede de un evento acad\u00e9mico y social en torno a las fumigaciones t\u00f3xicas por v\u00eda a\u00e9rea sobre cultivos de coca sembrados por caficultores empobrecidos?<\/p>\n<p>Quien ignore la historia del caf\u00e9 no entender\u00e1 nada sobre lo trascendente del hecho que hoy aqu\u00ed nos congrega. Pero quienes la hemos vivido de manera palpitante en los \u00faltimos 30 a\u00f1os, con sus renovaciones tecnol\u00f3gicas, sus bonanzas y las decenas de millones de d\u00f3lares aportados al progreso de la naci\u00f3n, con sus caracter\u00edsticas propias de cultivo colonial y producto b\u00e1sico, frente a pol\u00edticas p\u00fablicas siempre ingratas, con un cultivo sometido a las manipulaciones ejercidas por los consorcios multinacionales y financieros que controlan el mercado global, con los pactos de cuotas, con las crisis, con las \u201cheladas\u201d, con la broca y la roya, con la \u201cGuerra Fr\u00eda\u201d, con el neoliberalismo impuesto en la \u00faltima d\u00e9cada, y, finalmente, con la ruina de centenares de miles de familias, podemos afirmar que s\u00f3lo muy pocos llegaron a imaginar que \u201cse iba a llegar tan abajo\u201d en el devenir del primer producto agr\u00edcola nacional y emblema de la patria.<\/p>\n<p>Tan ins\u00f3lito como lo anterior resulta que entre los protagonistas caldenses de ayer y de ahora existan concurrencias. Tan loables las unas como execrables las otras. Loables aquellas que nos permiten plantear abiertamente la necesidad de un frente amplio en defensa de la soberan\u00eda econ\u00f3mica y de la producci\u00f3n nacional. Execrables aquellas otras, alineadas hoy detr\u00e1s del ministro del Interior e infausto pregonero de la \u201clluvia de glifosato\u201d, inusitadamente v\u00e1stago de quien otrora, en compa\u00f1\u00eda de Fabio Trujillo Agudelo, se consagr\u00f3 como el m\u00e1s aguerrido defensor de los productores de caf\u00e9 de Colombia, de todos ellos sin distingo, el Doctor Fernando Londo\u00f1o y Londo\u00f1o. \u00bfQu\u00e9 sentir\u00e1 en la tumba este Cid Campeador cafetero oyendo las destempladas amenazas filiales? Y qu\u00e9 dir\u00e1 en la tumba el Doctor Fernando Londo\u00f1o y Londo\u00f1o del hoy ministro del Interior, pretendido heredero de las virtudes cafeteras y quien, durante un foro en Pereira, hace diecisiete a\u00f1os, exhortara a Colombia a producir quince millones de sacos, y que es el mismo que oficia ahora como \u00e1ngel exterminador vociferando que el veneno letal caiga del cielo sobre los cafeteros. Aqu\u00ed s\u00ed, \u00a1Vivir para creer! Como en la gran novela de Robert Luis Stevenson, quien fuera el Dr. Jekyll en los brillantes d\u00edas de bonanza se ha vuelto Mr. Hyde en las oscuras noches de la quiebra, las plagas, el envilecimiento, la miseria, el neoliberalismo y la recolonizaci\u00f3n.<\/p>\n<p>Oscuras noches para la naci\u00f3n y para sus hijos. Para los productores ricos, para los medianos y para los pobres. Pero mucho m\u00e1s sombr\u00edas para los m\u00e1s de quinientos cincuenta mil hogares cafeteros abocados a la ruina inminente. Actualizando un registro que hemos llevado rigurosa y cronol\u00f3gicamente desde 1989, se observa que quien, por ejemplo, el pasado fin de semana trans\u00f3 una carga de caf\u00e9 por $305.000, ha visto reducido su poder de compra a menos de una tercera parte en t\u00e9rminos de kilos de fertilizante, a la mitad en t\u00e9rminos de kilos de carne, a un tercio en t\u00e9rminos de galones de ACPM y a la mitad con relaci\u00f3n al salario m\u00ednimo. Ha sido una l\u00ednea de ingresos constantemente descendente y que ha llegado para muchos de los minifundistas cafeteros, que son el 98% del total de los productores, a l\u00edmites insoportables.<\/p>\n<p>No sobra recordar que este v\u00eda crucis para el gremio agricultor m\u00e1s numeroso de Colombia, que representa el 35% del empleo rural, el 8% del nacional y que se halla en casi 600 municipios del territorio patrio, comenz\u00f3 cuando Estados Unidos, junto con otros pa\u00edses consumidores, obedeciendo a los intereses del oligopolio dominante y aprovechando la nueva coyuntura pol\u00edtica con la ca\u00edda del Muro de Berl\u00edn, decidi\u00f3 en 1989 dar por terminado el Acuerdo Internacional de precios y de cuotas que regulaba el mercado desde 1962. Los beneficios est\u00e1n a la vista: Las compras totales norteamericanas, verbigracia, que fueron en 1997 de cerca de 20 millones de sacos, valieron 5.039 millones de d\u00f3lares; en 2002 un volumen casi igual apenas alcanz\u00f3 a 2.435 millones, menos de la mitad. As\u00ed, las compa\u00f1\u00edas compradoras se ganaron en diez a\u00f1os en la simple compra de la materia prima m\u00e1s de 25.000 millones de d\u00f3lares, utilidades que eran de las 25 millones de familias cosechadoras.<\/p>\n<p>Esa decisi\u00f3n, sustentada en el marco del neoliberalismo econ\u00f3mico, se agreg\u00f3 a las pol\u00edticas econ\u00f3micas aplicadas internamente, cambiarias, monetarias, comerciales y fiscales, propias del modelo, produciendo una combinaci\u00f3n siniestra que dio al traste hasta con las que eran unas fuertes instituciones cafeteras, hasta hace poco principal surtidor de recursos p\u00fablicos para el desarrollo nacional y el sost\u00e9n del Estado.<\/p>\n<p>Pero \u00e9stas no fueron las \u00fanicas perturbaciones. Tal como lo sostuvo en enero pasado un funcionario de la UNTACD, durante la reuni\u00f3n de la Alianza Global por la Defensa del Caf\u00e9, en Suiza: \u201cVietnam, con el apoyo financiero de los Estados Unidos, inund\u00f3 el mercado\u201d. Es decir, adem\u00e1s de romper el Pacto, Washington tom\u00f3 la decisi\u00f3n de sobreofrecer el mercado todav\u00eda m\u00e1s de lo que naturalmente, por la condici\u00f3n de producto b\u00e1sico, tiende a estarlo. Operaciones similares se impulsaron en India, Guatemala, M\u00e9xico y Laos.<\/p>\n<p>La globalizaci\u00f3n norteamericana y el modelo neoliberal han tra\u00eddo la ruina al sector agropecuario. Un mill\u00f3n de hect\u00e1reas menos de superficie cultivada, doscientos cincuenta mil desempleados y m\u00e1s de siete millones de toneladas importadas, acompa\u00f1adas de una disminuci\u00f3n de los precios de muchos g\u00e9neros, hicieron parte de la avalancha de males que en casi menos de diez a\u00f1os han tenido que sufrir los cultivadores de Colombia y, entre ellos, con secuelas particularmente perjudiciales, los cafeteros.<\/p>\n<p>Los responsables no son los cafeteros, a quienes las monsergas neoliberales de moda les echan la culpa de una presunta falta de competitividad e ineficiencia. Su econom\u00eda en mayor parte campesina redujo al m\u00e1ximo el uso de las culturas agr\u00edcolas y la aplicaci\u00f3n de insumos, y, al mismo tiempo, el consumo de bienes de primera necesidad.<\/p>\n<p>En medio de un cuadro tan pat\u00e9tico, al que se suma el conflicto interno, encontrar un grupo de cafeteros, a\u00fan minoritario, que cosecha cultivos il\u00edcitos en medio de los cafetales es algo tan desgraciado como explicable. Explicaci\u00f3n que ha de esgrimirse en primera instancia y prioritariamente para hallar la soluci\u00f3n adecuada porque, de lo contrario, no tendr\u00eda sentido ni este Seminario ni ning\u00fan diagn\u00f3stico ni foro alguno.<\/p>\n<p>2. La pol\u00edtica \u201cantidrogas\u201d de Estados Unidos: \u00bfSoluci\u00f3n a lo Irak?<\/p>\n<p>Al leer el Informe anual sobre Estrategia Internacional de Control de Narc\u00f3ticos (INCSR 2003), emitido por la secci\u00f3n de Desarrollo de Pol\u00edticas y Programas del el Departamento de Estado de Estados Unidos en marzo de 2003, se pueden extraer algunos elementos estructurales de dicha pol\u00edtica que no dejan de generar dudas acerca de si es, de verdad, la soluci\u00f3n al problema que a los asistentes a este Seminario nos interesa resolver. [1]<\/p>\n<p>Veamos. En primer lugar, el Informe reconoce, esc\u00fachese bien, que en este momento \u201cColombia es el \u00fanico pa\u00eds que permite el rociado a\u00e9reo de coca y adormidera\u201d, y pese a que se admite que la erradicaci\u00f3n se da en el \u201ccontexto de la situaci\u00f3n \u00fanica para cada pa\u00eds\u201d, aqu\u00ed no se ve tal flexibilidad. As\u00ed mismo, la misi\u00f3n de esa pol\u00edtica es \u201creducir y eliminar el movimiento de drogas ilegales hacia Estados Unidos\u201d, con lo que se entiende que entre los intereses de tal pol\u00edtica no se encuentran los de los dem\u00e1s pa\u00edses, ni mucho menos los de los campesinos o los de las clases sociales m\u00e1s pobres.<\/p>\n<p>Es esto tan cierto que aunque identifica cinco fases en la cadena del narcotr\u00e1fico, a saber: producci\u00f3n, elaboraci\u00f3n, tr\u00e1nsito, venta mayorista y minorista, decide con cinismo que, como \u201clo m\u00e1s f\u00e1cil es combatir el narcotr\u00e1fico antes que entre en el sistema de transporte\u201d, las acciones internacionales tienen como objetivos los tres primeros pasos de la cadena, o sea, aquellos que se dan en las colonias, mas no los que se presentan dentro de las fronteras del Imperio. No deja de reconocer entre l\u00edneas, despu\u00e9s de todo, que una tonelada de coca\u00edna en el comercio de las calles gringas puede llegar a valer cien millones de d\u00f3lares.<\/p>\n<p>La desfachatez del documento imperial, que se pretende convertir en pol\u00edtica oficial del gobierno colombiano, llega a extremos tales como aceptar que un mundo sin drogas es casi \u201cut\u00f3pico\u201d; que en Afganist\u00e1n, pese a la presencia de miles de marines \u2013o quiz\u00e1 a causa de ella\u2014, el cultivo de adormidera ha crecido despu\u00e9s de la eliminaci\u00f3n del r\u00e9gimen talib\u00e1n; que en Per\u00fa y Bolivia se han incrementado las siembras de coca y que la estrategia de erradicaci\u00f3n masiva, hasta 2002, no ha logrado en Colombia siquiera superar el ritmo al cual se va replantando, pero s\u00ed ha presionado el alza de los precios en otros pa\u00edses. No obstante, el gobierno de Estados Unidos consiente en que su principal problema de demanda lo tiene con la marihuana, de la cual ellos mismos son principal\u00edsimos productores con 10.000 toneladas para 20 millones de adictos norteamericanos. Del mismo modo se identifica como primera amenaza el avance en el consumo de estupefacientes sint\u00e9ticos tales como metanfetaminas (ATS) y derivados como el \u00e9xtasis.<\/p>\n<p>Despu\u00e9s de este relato, vale preguntar: \u00bfPuede acogerse un colombiano, con una m\u00ednima dosis de patriotismo, pensando en el beneficio nacional y en la salida a los graves problemas que hoy padece Colombia, a una tal pol\u00edtica \u201cantidrogas\u201d? \u00bfHay en ella alg\u00fan asomo que consulte el inter\u00e9s y las necesidades del pa\u00eds? \u00bfCabe pensar que la lluvia de glifosato y las dem\u00e1s acciones punitivas que quieren imponer el Presidente Uribe y su ministro Londo\u00f1o Hoyos den soluci\u00f3n, siquiera m\u00ednima, a la inmensa tragedia de los caficultores, hoy entrampados y sin salida a la vista que no sea la Resistencia Civil?<\/p>\n<p>Es obvio que las respuestas a tantos interrogantes son negativas. Por lo mismo, las intimidaciones de la Casa de Nari\u00f1o en pleno, hechas el s\u00e1bado pasado en esta ciudad en uno de esos espect\u00e1culos circenses denominados \u201cConsejos Comunitarios \u201c, no son sino una pieza m\u00e1s de la sumisa liturgia de acatamiento al amo que los dirigentes de esta Rep\u00fablica han vuelto norma de gobierno. No en vano el mismo gobierno de Bush, en el Informe de marras, alaba el liderazgo de Colombia en dos puntales de la \u201cestrategia antidrogas\u201d: la fumigaci\u00f3n con glifosato por v\u00eda a\u00e9rea y la extradici\u00f3n de nacionales. Triste honor para el presidente Uribe. Un infame campeonato que no ha significado m\u00e1s que mayores estragos contra la estabilidad de la naci\u00f3n y su progreso.<\/p>\n<p>3. Efectos econ\u00f3micos, sociales y ambientales previsibles de las fumigaciones con glifosato por v\u00eda a\u00e9rea en la zona cafetera de Colombia<\/p>\n<p>Los pronunciamientos de Unidad Cafetera, previos a este Seminario, han hecho hincapi\u00e9 en las secuelas de diverso orden que la \u201clluvia de glifosato\u201d acarrear\u00e1 a los cafeteros. Desde el punto de vista de una organizaci\u00f3n gremial, el \u00e9nfasis, sin prescindir de los otros aspectos, debe hacerse en los asuntos econ\u00f3micos. Y vale la pena empezar el respectivo recuento recordando que en el mercado del caf\u00e9, entre las cuatro calidades b\u00e1sicas, es el suave colombiano el que hist\u00f3ricamente ha disfrutado de una prima de calidad o, si se quiere, de un sobreprecio con relaci\u00f3n a los dem\u00e1s or\u00edgenes. Esa prima se ha reconocido por el aroma gracias a un esforzado sistema de beneficio del grano que, en muchas ocasiones, corre por cuenta de toda la familia campesina. Dicha prima es uno de los pocos patrimonios que hoy guarda la industria del caf\u00e9 y entre 1990 y 2000 fue en promedio anual de 10 centavos de d\u00f3lar por libra.<\/p>\n<p>Unidad Cafetera, desde que se anunci\u00f3 el diluvio t\u00f3xico, ha preguntado sin encontrar respuesta: \u00bfHan estimado el gobierno y las autoridades cafeteras los efectos en la percepci\u00f3n de los consumidores el que ahora este componente de la taza de caf\u00e9 universal ha sido asperjado con glifosato o, al menos, mezclado con granos que s\u00ed lo fueron? \u00bfEs tan imprescindible abrazarse a la pol\u00edtica estadounidense \u201cantidrogas\u201d que amerite perder los esfuerzos que un buen n\u00famero de grupos est\u00e1 haciendo para elaborar calidades especiales, org\u00e1nicas o de origen al ser estigmatizados con el inri del glifosato? \u00bfSe est\u00e1n midiendo los resultados que se van a dar cuando organizaciones ambientales de gran credibilidad denuncien que en el grano colombiano hay trazas de glifosato? \u00bfDesconocen acaso los ejecutores de las \u00f3rdenes imperiales que grupos como Greenpeace, Worldwide Fund for Nature y la firma Dow Agrosciences (que produce el tebuthiuron) se han opuesto al uso de este herbicida? \u00bfSe ha evaluado c\u00f3mo utilizar\u00e1n este suceso los competidores, que son muchos y agresivos? Si nada de esto se ha tenido en cuenta sino s\u00f3lo obedecer, obedecer y obedecer a Estados Unidos, debemos prepararnos a partir del primero de julio a perder hasta cien millones de d\u00f3lares m\u00e1s por a\u00f1o en nuestras exportaciones cafeteras, pero ya no por las desgracias del neoliberalismo por las buenas, sino por las imposiciones del neoliberalismo por las malas y por la subordinaci\u00f3n al atenderlo.<\/p>\n<p>Pero los males econ\u00f3micos derivados son mayores. Cuando se conoce que tanto la firma que suministra el veneno, MONSANTO, como uno de los principales clientes del caf\u00e9 colombiano, la KRAFT GENERAL FOODS, giran en torno al mismo grupo financiero, CitiGroup, no deja de producir sospechas que a costa del medio mill\u00f3n de familias caficultoras se est\u00e1 montando un negocio de doble ingreso: el que por un lado vende glifosato a raz\u00f3n de 450 d\u00f3lares por hect\u00e1rea fumigada y el que por el otro le ahorra, al envilecerse los atributos naturales del suave colombiano, el sobreprecio que deb\u00eda pagar, una cl\u00e1sica operaci\u00f3n de por punta y punta.<\/p>\n<p>Ambientalmente, opiniones muy reconocidas de sectores acad\u00e9micos, disintiendo de la publicitada inocuidad que recientemente le ha hecho al herbicida la embajadora norteamericana, como la Asociaci\u00f3n para la Ciencia y la Salud Ambiental y profesionales de la Universidad de Michigan han brindado evidencia sobre los efectos nocivos del qu\u00edmico en la poblaci\u00f3n, as\u00ed lo public\u00f3 el diario El Tiempo el d\u00eda 2 de octubre de 2002 y dichos testimonios tambi\u00e9n se refieren a los da\u00f1os gastrointestinales y en el sistema nervioso central y de destrucci\u00f3n de gl\u00f3bulos rojos que puede ocasionar ayudado por el surfactante POEA. No es veros\u00edmil que la embajadora desconozca que los m\u00e9todos de aspersi\u00f3n y los niveles de concentraci\u00f3n del t\u00f3xico se tornan definitivos en las repercusiones que puedan tener las distintas formas de uso. No es lo mismo la aplicaci\u00f3n foliar en una planta que un agricultor hace del veneno en su forma gen\u00e9rica o en la f\u00f3rmula comercial en una concentraci\u00f3n de un litro por hect\u00e1rea con boquillas de baja descarga y con cortinas para impedir que la deriva lo lleve a otras plantas, incluso a los arvenses, aguas o a las personas que la aspersi\u00f3n del t\u00f3xico por v\u00eda a\u00e9rea con concentraciones de diez litros por hect\u00e1rea. As\u00ed mismo, la Defensor\u00eda del Pueblo y m\u00faltiples organizaciones ambientales han sido testigos de esos males en casos de conocimiento p\u00fablico mundial como el del Putumayo. Tambi\u00e9n un estudio realizado en 1993 por la propia Agencia de Protecci\u00f3n Ambiental de Estados Unidos sobre el glifosato revel\u00f3 que, en California, ese herbicida figura en tercer lugar entre las 25 causas de intoxicaciones por plaguicidas.<\/p>\n<p>Socialmente la regi\u00f3n cafetera enfrentar\u00e1 procesos que, a pesar de todo, hasta ahora desconoce. Los desplazamientos masivos en las zonas donde se practica la fumigaci\u00f3n por v\u00eda a\u00e9rea, como los de 33.000 familias que lo padecieron en el Putumayo entre 1997 y 2002, se volver\u00e1n el pan de cada d\u00eda y la violencia se elevar\u00e1 a niveles no presentados hasta ahora en estas regiones. Un an\u00e1lisis beneficio-costo integral no admite duda sobre el verdadero balance.<\/p>\n<p>Un trabajo de Gabriel Tokatli\u00e1n para el Centro de Estudios Latinoamericanos de la Universidad de California-Berkeley concluye: \u201cNo obstante, es evidente que m\u00e1s fumigaci\u00f3n qu\u00edmica en el pa\u00eds s\u00f3lo crea condiciones propicias adicionales para nuevos y mayores problemas internos [&#8230;] Ahora bien, el peligro que corre Colombia con la aplicaci\u00f3n obsesiva y obsecuente de la fumigaci\u00f3n es enorme. La insistencia en esta t\u00e1ctica inconveniente e improductiva esta llevando al pa\u00eds m\u00e1s cerca de una cat\u00e1strofe humana, ecol\u00f3gica y pol\u00edtica que a la superaci\u00f3n efectiva del fen\u00f3meno de las drogas [&#8230;] ha producido m\u00e1s desprotecci\u00f3n y mayor vulnerabilidad entre los sectores m\u00e1s d\u00e9biles de la sociedad (campesinos, ind\u00edgenas, pobres rurales) y ha estigmatizado a\u00fan m\u00e1s negativamente a Colombia a pesar de que no ha existido ning\u00fan otro pa\u00eds en el mundo que haya rociado sus plantaciones il\u00edcitas con m\u00e1s herbicidas. En resumen, no obstante la intensa guerra en su contra, el problema de las drogas contin\u00faa prosperando; dif\u00edcil que fuera de otra forma si estamos hablando de un negocio de tanta rentabilidad. En efecto, la pasta de coca deja Per\u00fa a US$ 400, llega a Colombia, donde se procesa en coca\u00edna, con un valor de US$ 1.200, arriba a Miami a US$ 20.000 el kilo, se transporta hasta Chicago donde alcanza un precio al por mayor de US $ 30.000 y se vende all\u00ed a un precio al por menor de US$ 140.000 [&#8230;] Ante esta realidad se podr\u00e1 seguir fumigando Colombia de sur a norte, en el Amazonas y en los Andes, con qu\u00edmicos u hongos, y el resultado previsible ser\u00e1 el mismo: la consolidaci\u00f3n del fen\u00f3meno de las drogas.\u201d [2]<\/p>\n<p>4. \u00bfQu\u00e9 hacer?<\/p>\n<p>Por lo hasta aqu\u00ed expresado, la primera gran propuesta es que cualquier soluci\u00f3n debe pasar por la construcci\u00f3n de una salida propia que consulte los beneficios de la naci\u00f3n y de los compatriotas involucrados. No es posible alcanzar una evoluci\u00f3n positiva si se parte de un punto diferente. No solamente porque el enfoque de la actual pol\u00edtica se orienta a satisfacer otros intereses sino porque, quiz\u00e1 por eso, ha demostrado su inconveniencia e inoperancia.<\/p>\n<p>Si las autoridades persisten en esa estrategia imperante, lo primero por construir debe ser la m\u00e1s grande unidad de todas las fuerzas vivas para resistirla. Es un requisito indispensable para revertir las decisiones, adoptadas a la luz de la sumisi\u00f3n completa a los dictados imperialistas. Y, por tanto, lo primero debe ser alcanzar el compromiso oficial de desistir de la erradicaci\u00f3n mediante la fumigaci\u00f3n por v\u00eda a\u00e9rea de glifosato. Y, en ese sentido, caben las acciones civiles que sean pertinentes; no sobra ning\u00fan pronunciamiento al respecto ni tampoco la elevaci\u00f3n de los recursos legales a que haya lugar ni los mecanismos constitucionales a los que se considere conveniente recurrir, ni mucho menos la movilizaci\u00f3n masiva y organizada de las fuerzas y sectores sociales, acad\u00e9micos, pol\u00edticos y gremiales si puede cristalizarse con la amplitud y fortaleza necesarias.<\/p>\n<p>De concretarse una respuesta favorable, las comunidades afectadas decidir\u00e1n los medios indicados y los caminos que deseen emprender al respecto sin que necesariamente ellos deban trazarse dentro del C\u00e9lebre Plan Colombia, el cual, dicho sea de paso, en materias sociales bate el r\u00e9cord del incumplimiento, incluido el rubro de los programas inscritos en el cacareado cap\u00edtulo del Desarrollo Alternativo.<\/p>\n<p>No obstante, como reflexi\u00f3n final, vale pensar que el verdadero avance no lograr\u00e1 consolidarse de veras mientras el modelo econ\u00f3mico neoliberal siga haciendo de las suyas contra las mayor\u00edas trabajadoras y creando condiciones objetivas para que la econom\u00eda subterr\u00e1nea se mueva a sus anchas. El texto \u201cLa econom\u00eda colombiana tras 25 a\u00f1os de narcotr\u00e1fico\u201d (Rocha), al rese\u00f1ar la apertura y el libre flujo de capitales, as\u00ed lo explica: \u201cNo deja de llamar la atenci\u00f3n que el 32% [&#8230;] de la inversi\u00f3n extranjera directa proviniera de Centroam\u00e9rica y del Caribe, donde proliferan para\u00edsos fiscales [&#8230;] que ofrecen ventajas al lavado de dinero del narcotr\u00e1fico\u201d y \u201clos cambios en el entorno macroecon\u00f3mico [&#8230;] a la vez que afectaron la agricultura legal, tambi\u00e9n favorecieron la expansi\u00f3n de cultivos il\u00edcitos\u201d.[3]<\/p>\n<p>Hay aqu\u00ed dos efectos perversos. En cuanto al \u00faltimo de ellos, basta recordar que la apertura a los frutos for\u00e1neos signific\u00f3 para siete departamentos del sur del pa\u00eds, entre 1990 y 1996, la p\u00e9rdida de 15.000 hect\u00e1reas de ma\u00edz, 40.000 de arroz, 6.000 de sorgo y m\u00e1s de 20.000 de soja, que nunca retornaron a su dedicaci\u00f3n inicial. Y en cuanto al segundo, interesa recordar que la \u201cventanilla siniestra\u201d y la reforma financiera de 1991, ideada por Hommes, dieron v\u00eda libre a la repatriaci\u00f3n legal de los llamados flujos de capital encubiertos que pusieron su cuota en la revalorizaci\u00f3n del peso, la que tantas secuelas trajo a la econom\u00eda nacional. En efecto, de 28.617 millones de d\u00f3lares que ingresaron por exportaciones de coca\u00edna entre 1982 y 1998, el 68%, 19.339, lo hicieron desde 1990. Que se tome nota de que este modelo aperturista, aunque sus mentores lo oculten, facilita el supuestamente combatido narcotr\u00e1fico.<\/p>\n<p>Que los gringos se dediquen a resolver su problema de demanda. Tan grave, que all\u00ed el promedio de iniciaci\u00f3n en la adicci\u00f3n a la marihuana es de 17 a\u00f1os y, en edades anteriores, de los 12 a los 17, se da en 64 de cada mil j\u00f3venes. Tienen una tarea grande. Que la hagan sin perjuicio de los m\u00e1s d\u00e9biles y que Colombia tambi\u00e9n haga la suya de modo soberano. El an\u00e1lisis de las causas y de las consecuencias econ\u00f3micas, as\u00ed como sociales, en violencia, desplazamientos y otras, y de los da\u00f1os ambientales colaterales concluye, al final de cuentas, que lo primero que habr\u00eda que erradicar de manera completa es el neoliberalismo, con sus correspondientes licencias para el libre comercio y la movilidad de capitales. No parece haber sendero distinto para irrigar el bienestar y el progreso entre las capas m\u00e1s numerosas de la poblaci\u00f3n y para eliminar tanta da\u00f1ina injerencia.<\/p>\n<p>Muchas gracias.<\/p>\n<p>&#8212;&#8212;&#8212;&#8212;&#8212;&#8212;&#8212;&#8212;&#8212;&#8212;&#8212;&#8212;&#8212;&#8212;&#8212;&#8212;&#8212;&#8212;&#8212;&#8212;&#8212;&#8212;&#8212;&#8212;&#8212;&#8212;&#8211;<\/p>\n<p>[1] V\u00e9ase, Informe anual sobre Estrategia Internacional de Control de Narc\u00f3ticos (INCSR 2003), emitido por la secci\u00f3n de Desarrollo de Pol\u00edticas y Programas del el Departamento de Estado de Estados Unidos en marzo de 2003, www.usinfostate.gov<br \/>\n[2] Tokatli\u00e1n Gabriel, \u201cEstados Unidos y los cultivos il\u00edcitos en Colombia: Los tr\u00e1gicos equ\u00edvocos de una fumigaci\u00f3n f\u00fatil\u201d, Centro de Estudios Latinoamericanos de la Universidad de California-Berkeley, v\u00e9ase, www. clas.berkekeley.edu<br \/>\n[3] Rocha Ricardo, \u201cLa econom\u00eda colombiana tras 25 a\u00f1os de narcotr\u00e1fico\u201d, p. p. 102 y 50, UNDCP, Bogot\u00e1 2000<\/p>\n","protected":false},"excerpt":{"rendered":"<p>Unidad Cafetera. Aurelio Su\u00e1rez Montoya, Manizales, mayo 21 de 2003 1. \u00bfQui\u00e9n lo iba a pensar? Parece una pesadilla. \u00bfQui\u00e9n iba a pensar que Manizales, cien a\u00f1os despu\u00e9s de uno de los periplos m\u00e1s fecundos de la industria del caf\u00e9, cuya expansi\u00f3n tuvo epicentro en estas tierras, iba a ser la sede de un evento [&hellip;]<\/p>\n","protected":false},"author":1,"featured_media":0,"comment_status":"open","ping_status":"open","sticky":false,"template":"","format":"standard","meta":{"advanced_seo_description":"","jetpack_seo_html_title":"","jetpack_seo_noindex":false,"_jetpack_memberships_contains_paid_content":false,"footnotes":""},"categories":[7],"tags":[],"class_list":["post-519","post","type-post","status-publish","format-standard","hentry","category-pronunciamientos-de-organizaciones-sociales"],"jetpack_featured_media_url":"","jetpack-related-posts":[{"id":7262,"url":"https:\/\/moir.com.co\/web\/el-25-de-febrero-paro-civico-cafetero-nacional\/","url_meta":{"origin":519,"position":0},"title":"El 25 de febrero, Paro C\u00edvico Cafetero Nacional","author":"admin","date":"febrero 17, 2013","format":false,"excerpt":"Hace un a\u00f1o se reunieron en Pereira, dirigentes cafeteros de Antioquia, Caldas, Risaralda, Quind\u00edo y Valle del Cauca, a analizar la situaci\u00f3n cafetera y decidieron convocar a un encuentro nacional en Riosucio (Caldas), que se realiz\u00f3 con 700 dirigentes de la mayor\u00eda de las zonas cafeteras del pa\u00eds. All\u00ed se\u2026","rel":"","context":"En \u00abTemas\u00bb","block_context":{"text":"Temas","link":"https:\/\/moir.com.co\/web\/category\/temas\/"},"img":{"alt_text":"","src":"","width":0,"height":0},"classes":[]},{"id":6731,"url":"https:\/\/moir.com.co\/web\/cafeteros-a-manizales\/","url_meta":{"origin":519,"position":1},"title":"Cafeteros a Manizales","author":"admin","date":"agosto 5, 2012","format":false,"excerpt":"La crisis que se ha venido larvando en el seno de la producci\u00f3n cafetera colombiana est\u00e1 tocando fondo: a falta de un precio de sustentaci\u00f3n que contemple atender los costos de producci\u00f3n y un margen de utilidad como en cualquier negocio, ahora se suma la carencia de producto, pues la\u2026","rel":"","context":"En \u00abTemas\u00bb","block_context":{"text":"Temas","link":"https:\/\/moir.com.co\/web\/category\/temas\/"},"img":{"alt_text":"","src":"","width":0,"height":0},"classes":[]},{"id":6737,"url":"https:\/\/moir.com.co\/web\/movilizacion-cafetera-nacional-el-13-de-agosto-en-manizales\/","url_meta":{"origin":519,"position":2},"title":"Movilizaci\u00f3n cafetera nacional el 13 de agosto en Manizales","author":"admin","date":"agosto 8, 2012","format":false,"excerpt":"Un precio justo para la carga de caf\u00e9 y soluci\u00f3n a las deudas bancarias en que est\u00e1n entrampadas 45 mil familias ser\u00e1n dos de las reivindicaciones agitadas por los miles de productores que se concentrar\u00e1n el 13 de agosto en Manizales. Seg\u00fan lo inform\u00f3 \u00d3scar Guti\u00e9rrez, coordinador del Movimiento por\u2026","rel":"","context":"En \u00abPronunciamientos de Organizaciones Sociales\u00bb","block_context":{"text":"Pronunciamientos de Organizaciones Sociales","link":"https:\/\/moir.com.co\/web\/category\/pronunciamientos-de-organizaciones-sociales\/"},"img":{"alt_text":"","src":"","width":0,"height":0},"classes":[]},{"id":19785,"url":"https:\/\/moir.com.co\/web\/declaracion-enfatico-rechazo-a-la-decision-barbara-de-fumigar-las-zonas-cafeteras\/","url_meta":{"origin":519,"position":3},"title":"Declaraci\u00f3n: ENF\u00c1TICO RECHAZO A LA DECISI\u00d3N B\u00c1RBARA DE FUMIGAR LAS ZONAS CAFETERAS","author":"admin","date":"agosto 10, 2004","format":false,"excerpt":"Jorge Enrique Robledo Castillo, Senador de la Rep\u00fablica, Manizales, 11 de Febrero de 2003. El ministro del Interior y de Justicia, Fernando Londo\u00f1o Hoyos, confirmando lo definido por el Presidente \u00c1lvaro Uribe V\u00e9lez, ratific\u00f3 ayer en Manizales que \u201cles llover\u00e1 glifosato\u201d a los cultivos il\u00edcitos existentes en las zonas cafeteras,\u2026","rel":"","context":"En \u00abTribuna Roja N\u00ba 90, marzo 10 de 2003\u00bb","block_context":{"text":"Tribuna Roja N\u00ba 90, marzo 10 de 2003","link":"https:\/\/moir.com.co\/web\/category\/tribuna-roja\/ediciones-2000-2004\/tribuna-roja-no-90-marzo-10-de-2003\/"},"img":{"alt_text":"","src":"","width":0,"height":0},"classes":[]},{"id":1077,"url":"https:\/\/moir.com.co\/web\/dos-ultimos-anos-de-politica-cafetera-peor-que-nunca\/","url_meta":{"origin":519,"position":4},"title":"DOS \u00daLTIMOS A\u00d1OS DE POL\u00cdTICA CAFETERA: PEOR QUE NUNCA","author":"admin","date":"noviembre 26, 2004","format":false,"excerpt":"Editorial peri\u00f3dico Uni\u00f3n Cafetera de Colombia N\u00ba 32, noviembre de 2004 El precio interno del caf\u00e9. El 8 de noviembre el caf\u00e9 colombiano alcanz\u00f3 la m\u00e1s alta cotizaci\u00f3n internacional de los \u00faltimos cuatro a\u00f1os: 88 centavos de d\u00f3lar por libra. Con relaci\u00f3n a la de inicios de 2004, 65 centavos,\u2026","rel":"","context":"En \u00abPronunciamientos de Organizaciones Sociales\u00bb","block_context":{"text":"Pronunciamientos de Organizaciones Sociales","link":"https:\/\/moir.com.co\/web\/category\/pronunciamientos-de-organizaciones-sociales\/"},"img":{"alt_text":"","src":"","width":0,"height":0},"classes":[]},{"id":14697,"url":"https:\/\/moir.com.co\/web\/robledo-2\/","url_meta":{"origin":519,"position":5},"title":"Robledo","author":"admin","date":"marzo 9, 2018","format":false,"excerpt":"Oscar Guti\u00e9rrez Reyes,\u00a0Director Ejecutivo Nacional\u00a0Dignidad Agropecuaria Colombiana, Pereira, marzo 9 de 2018 Conoc\u00ed a Robledo hace muchos a\u00f1os. A\u00fan era estudiante universitario y hacia sus primeros pinos en lucha pol\u00edtica. Hab\u00eda comenzado su camino en lucha social jugando como activista y dirigente de la rebeld\u00eda estudiantil de los a\u00f1os 70.\u2026","rel":"","context":"En \u00abAgro\u00bb","block_context":{"text":"Agro","link":"https:\/\/moir.com.co\/web\/category\/temas\/agro\/"},"img":{"alt_text":"","src":"https:\/\/i0.wp.com\/moir.com.co\/web\/wp-content\/uploads\/2018\/02\/robledoafichecampan%CC%83a2018.jpg?fit=397%2C442&ssl=1&resize=350%2C200","width":350,"height":200},"classes":[]}],"jetpack_sharing_enabled":true,"_links":{"self":[{"href":"https:\/\/moir.com.co\/web\/wp-json\/wp\/v2\/posts\/519","targetHints":{"allow":["GET"]}}],"collection":[{"href":"https:\/\/moir.com.co\/web\/wp-json\/wp\/v2\/posts"}],"about":[{"href":"https:\/\/moir.com.co\/web\/wp-json\/wp\/v2\/types\/post"}],"author":[{"embeddable":true,"href":"https:\/\/moir.com.co\/web\/wp-json\/wp\/v2\/users\/1"}],"replies":[{"embeddable":true,"href":"https:\/\/moir.com.co\/web\/wp-json\/wp\/v2\/comments?post=519"}],"version-history":[{"count":0,"href":"https:\/\/moir.com.co\/web\/wp-json\/wp\/v2\/posts\/519\/revisions"}],"wp:attachment":[{"href":"https:\/\/moir.com.co\/web\/wp-json\/wp\/v2\/media?parent=519"}],"wp:term":[{"taxonomy":"category","embeddable":true,"href":"https:\/\/moir.com.co\/web\/wp-json\/wp\/v2\/categories?post=519"},{"taxonomy":"post_tag","embeddable":true,"href":"https:\/\/moir.com.co\/web\/wp-json\/wp\/v2\/tags?post=519"}],"curies":[{"name":"wp","href":"https:\/\/api.w.org\/{rel}","templated":true}]}}