{"id":518,"date":"2004-08-09T07:00:00","date_gmt":"2004-08-09T07:00:00","guid":{"rendered":"https:\/\/moir.org.co\/web\/convocatoria-al-foro-sobre-las-incidencias-del-alca-en-el-salon-amarillo-de-la-alcaldia-de-santa-marta\/"},"modified":"2004-08-09T07:00:00","modified_gmt":"2004-08-09T07:00:00","slug":"convocatoria-al-foro-sobre-las-incidencias-del-alca-en-el-salon-amarillo-de-la-alcaldia-de-santa-marta","status":"publish","type":"post","link":"https:\/\/moir.com.co\/web\/convocatoria-al-foro-sobre-las-incidencias-del-alca-en-el-salon-amarillo-de-la-alcaldia-de-santa-marta\/","title":{"rendered":"CONVOCATORIA AL FORO SOBRE LAS INCIDENCIAS DEL ALCA, EN EL SAL\u00d3N AMARILLO DE LA ALCALD\u00cdA DE SANTA MARTA"},"content":{"rendered":"<p>Salvaci\u00f3n Agropecuaria, Santa Marta, mayo 20 2003<\/p>\n<p>La Asociaci\u00f3n Nacional por la Salvaci\u00f3n Agropecuaria, Seccional Magdalena, con la aquiescencia del alcalde (E) del distrito de Santa Marta, doctor Fernando Cely Santos, est\u00e1 convocando al Foro Sobre las Incidencias del \u00c1rea de Libre Comercio de las Am\u00e9ricas (ALCA) en la econom\u00eda del pa\u00eds, el cual se realizar\u00e1 el martes 27 de mayo a partir de las nueve de la ma\u00f1ana en el sal\u00f3n amarillo de la alcald\u00eda distrital.<\/p>\n<p>Los temas m\u00e1s relevantes alrededor del ALCA est\u00e1n relacionados con: libre comercio de mercanc\u00edas y capitales, protecci\u00f3n a la inversi\u00f3n extranjera, resoluci\u00f3n de controversias en tribunales internacionales, compras estatales y de entidades territoriales abiertas a las multinacionales, propiedad intelectual y patentes, privatizaciones generalizadas de la educaci\u00f3n, la salud y los servicios p\u00fablicos.<\/p>\n<p>Cap\u00edtulo especial merece la discusi\u00f3n sobre la aplicaci\u00f3n de un arancel cero para las importaciones en pocos a\u00f1os, lo que podr\u00eda llevar a una situaci\u00f3n insostenible a la producci\u00f3n agropecuaria que a\u00fan subsiste, colocando en grave peligro la seguridad alimentaria de m\u00e1s de 40 millones de colombianos.<\/p>\n<p>El certamen ser\u00e1 instalado por el alcalde Fernando Cely Santos. Luego vendr\u00e1n las intervenciones de Leonel Juvinao Cruz, presidente de la Asociaci\u00f3n por la Salvaci\u00f3n Agropecuaria del Magdalena; Hern\u00e1n P\u00e9rez Zapata, presidente de la Asociaci\u00f3n Colombiana de Ingenieros Agr\u00f3nomos (ACIA) y otros connotados dirigentes gremiales de Santa Marta y del departamento del Magdalena.<\/p>\n<p>Se est\u00e1 extendiendo la invitaci\u00f3n para que se hagan presentes el se\u00f1or gobernador del Magdalena, Jos\u00e9 Domingo D\u00e1vila Armenta; el secretario de Agricultura del departamento; alcaldes, diputados y concejales; dirigentes del sector agropecuario del Magdalena, al se\u00f1or rector de la Universidad del Magdalena acompa\u00f1ado de profesores y estudiantes, a los funcionarios de la Umata, a dirigentes de la industria y el comercio, a los sectores profesionales y personas interesadas en las incidencias del ALCA en la econom\u00eda nacional.<\/p>\n<p>ASOCIACI\u00d3N NACIONAL POR LA SALVACI\u00d3N AGROPECUARIA<\/p>\n<p>SECCIONAL MAGDALENA<\/p>\n<p>LEONEL JUVINAO CRUZ NILBA CAAMA\u00d1O ROCHA<br \/>\nPresidente Secretaria<\/p>\n<p>HERN\u00c1N PEREZ ZAPATA<br \/>\nPresidente Asociaci\u00f3n Colombiana de Ingenieros Agr\u00f3nomos (ACIA)<\/p>\n","protected":false},"excerpt":{"rendered":"<p>Salvaci\u00f3n Agropecuaria, Santa Marta, mayo 20 2003 La Asociaci\u00f3n Nacional por la Salvaci\u00f3n Agropecuaria, Seccional Magdalena, con la aquiescencia del alcalde (E) del distrito de Santa Marta, doctor Fernando Cely Santos, est\u00e1 convocando al Foro Sobre las Incidencias del \u00c1rea de Libre Comercio de las Am\u00e9ricas (ALCA) en la econom\u00eda del pa\u00eds, el cual se [&hellip;]<\/p>\n","protected":false},"author":1,"featured_media":0,"comment_status":"open","ping_status":"open","sticky":false,"template":"","format":"standard","meta":{"advanced_seo_description":"","jetpack_seo_html_title":"","jetpack_seo_noindex":false,"_jetpack_memberships_contains_paid_content":false,"footnotes":""},"categories":[7],"tags":[],"class_list":["post-518","post","type-post","status-publish","format-standard","hentry","category-pronunciamientos-de-organizaciones-sociales"],"jetpack_featured_media_url":"","jetpack-related-posts":[{"id":510,"url":"https:\/\/moir.com.co\/web\/conferencia-sobre-el-alca-en-santa-marta-y-debate-televisivo-por-senal-colombia\/","url_meta":{"origin":518,"position":0},"title":"CONFERENCIA SOBRE EL ALCA EN SANTA MARTA Y DEBATE TELEVISIVO POR SE\u00d1AL COLOMBIA","author":"admin","date":"agosto 9, 2004","format":false,"excerpt":"La Asociaci\u00f3n Nacional por la Salvaci\u00f3n Agropecuaria viene realizando por toda la geograf\u00eda nacional una serie de foros y conferencias sobre las graves consecuencias que traer\u00eda para el pa\u00eds su inclusi\u00f3n en el \u00c1rea de Libre Comercio de las Am\u00e9ricas (ALCA), como lo pretende hacer el gobierno nacional sin consultar\u2026","rel":"","context":"En \u00abPronunciamientos de Organizaciones Sociales\u00bb","block_context":{"text":"Pronunciamientos de Organizaciones Sociales","link":"https:\/\/moir.com.co\/web\/category\/pronunciamientos-de-organizaciones-sociales\/"},"img":{"alt_text":"","src":"","width":0,"height":0},"classes":[]},{"id":639,"url":"https:\/\/moir.com.co\/web\/masiva-movilizacion-contra-el-tlc-y-el-alca\/","url_meta":{"origin":518,"position":1},"title":"MASIVA MOVILIZACI\u00d3N CONTRA EL TLC Y EL ALCA","author":"admin","date":"agosto 11, 2004","format":false,"excerpt":"En el sitio La Frutera, situado en la estrat\u00e9gica Troncal del Caribe a un kil\u00f3metro del casco urbano de Ci\u00e9naga, Magdalena, a las ocho de la ma\u00f1ana del 15 de abril confluyeron las delegaciones de trabajadores, maestros, campesinos, estudiantes, pescadores, productores de banano, caf\u00e9, frutas y pensionados, quienes proven\u00edan de\u2026","rel":"","context":"En \u00abPronunciamientos de Organizaciones Sociales\u00bb","block_context":{"text":"Pronunciamientos de Organizaciones Sociales","link":"https:\/\/moir.com.co\/web\/category\/pronunciamientos-de-organizaciones-sociales\/"},"img":{"alt_text":"","src":"","width":0,"height":0},"classes":[]},{"id":633,"url":"https:\/\/moir.com.co\/web\/movilizacion-en-rechazo-al-tratado-de-libre-comercio-al-alca-y-a-las-fumigaciones-en-la-sierra-nevada\/","url_meta":{"origin":518,"position":2},"title":"MOVILIZACI\u00d3N EN RECHAZO AL TRATADO DE LIBRE COMERCIO, AL ALCA Y A LAS FUMIGACIONES EN LA SIERRA NEVADA","author":"admin","date":"agosto 11, 2004","format":false,"excerpt":"La Red Colombiana de Acci\u00f3n Frente al Tratado de Libre Comercio y el Alca (Recalca), cap\u00edtulo Magdalena, acogiendo el Llamamiento de Los Andes y la Declaraci\u00f3n de Quito aprobados por centenares de organizaciones sociales, gremiales, sindicales, productivas, agropecuarias, ambientalistas, ONGs de Colombia, Ecuador, Per\u00fa y Bolivia, convoca a las fuerzas\u2026","rel":"","context":"En \u00abPronunciamientos de Organizaciones Sociales\u00bb","block_context":{"text":"Pronunciamientos de Organizaciones Sociales","link":"https:\/\/moir.com.co\/web\/category\/pronunciamientos-de-organizaciones-sociales\/"},"img":{"alt_text":"","src":"","width":0,"height":0},"classes":[]},{"id":550,"url":"https:\/\/moir.com.co\/web\/miles-de-agricultores-indigenas-y-productores-agropecuarios-desfilaran-en-bogota-contra-el-alca-en-martes-12-de-agosto\/","url_meta":{"origin":518,"position":3},"title":"MILES DE AGRICULTORES IND\u00cdGENAS Y PRODUCTORES AGROPECUARIOS DESFILAR\u00c1N EN BOGOT\u00c1 CONTRA EL ALCA EN MARTES 12 DE AGOSTO","author":"admin","date":"agosto 10, 2004","format":false,"excerpt":"Salvaci\u00f3n Agropecuaria, agosto 8 de 2003 Delegaciones de m\u00e1s de 20 departamentos, de cerca de 200 municipios, representando a los productores colombianos de caf\u00e9, arroz, panela, leche, hortalizas, banano y pl\u00e1tano y de los principales g\u00e9neros agropecuarios, desfilar\u00e1n el martes 12 de agosto, despu\u00e9s del medio d\u00eda, por las calles\u2026","rel":"","context":"En \u00abPronunciamientos de Organizaciones Sociales\u00bb","block_context":{"text":"Pronunciamientos de Organizaciones Sociales","link":"https:\/\/moir.com.co\/web\/category\/pronunciamientos-de-organizaciones-sociales\/"},"img":{"alt_text":"","src":"","width":0,"height":0},"classes":[]},{"id":508,"url":"https:\/\/moir.com.co\/web\/el-comando-regional-unitario-del-magdalena-se-une-a-jornada-nacional-de-protesta-paro-nacional-y-primero-de-mayo\/","url_meta":{"origin":518,"position":4},"title":"EL COMANDO REGIONAL UNITARIO DEL MAGDALENA SE UNE A JORNADA NACIONAL DE PROTESTA, PARO NACIONAL Y PRIMERO DE MAYO","author":"admin","date":"agosto 9, 2004","format":false,"excerpt":"Comando Regional Unitario del Magdalena, Santa Marta, abril 25 de 2003 Siguiendo las orientaciones aprobadas por las centrales obreras, FECODE, Uso, sindicatos nacionales, Asociaci\u00f3n por la Salvaci\u00f3n Agropecuaria y federaciones de pensionados, el Comando Regional Unitario del Departamento del Magdalena ha decidido participar activamente en la jornada nacional de protesta\u2026","rel":"","context":"En \u00abPronunciamientos de Organizaciones Sociales\u00bb","block_context":{"text":"Pronunciamientos de Organizaciones Sociales","link":"https:\/\/moir.com.co\/web\/category\/pronunciamientos-de-organizaciones-sociales\/"},"img":{"alt_text":"","src":"","width":0,"height":0},"classes":[]},{"id":578,"url":"https:\/\/moir.com.co\/web\/exitosa-visita-de-dirigente-nacional\/","url_meta":{"origin":518,"position":5},"title":"EXITOSA VISITA DE DIRIGENTE NACIONAL","author":"admin","date":"agosto 11, 2004","format":false,"excerpt":"El pasado Viernes 5 de septiembre realizo una visita al departamento del Magdalena Aurelio Su\u00e1rez Montoya, director ejecutivo de la Asociaci\u00f3n Nacional por la Salvaci\u00f3n agropecuaria, quien cumpli\u00f3 una apretada agenda de trabajo. En horas de la ma\u00f1ana efectu\u00f3 una visita al municipio de Cienaga donde intervino en el Instituto\u2026","rel":"","context":"En \u00abPronunciamientos de Organizaciones Sociales\u00bb","block_context":{"text":"Pronunciamientos de Organizaciones Sociales","link":"https:\/\/moir.com.co\/web\/category\/pronunciamientos-de-organizaciones-sociales\/"},"img":{"alt_text":"","src":"","width":0,"height":0},"classes":[]}],"jetpack_sharing_enabled":true,"_links":{"self":[{"href":"https:\/\/moir.com.co\/web\/wp-json\/wp\/v2\/posts\/518","targetHints":{"allow":["GET"]}}],"collection":[{"href":"https:\/\/moir.com.co\/web\/wp-json\/wp\/v2\/posts"}],"about":[{"href":"https:\/\/moir.com.co\/web\/wp-json\/wp\/v2\/types\/post"}],"author":[{"embeddable":true,"href":"https:\/\/moir.com.co\/web\/wp-json\/wp\/v2\/users\/1"}],"replies":[{"embeddable":true,"href":"https:\/\/moir.com.co\/web\/wp-json\/wp\/v2\/comments?post=518"}],"version-history":[{"count":0,"href":"https:\/\/moir.com.co\/web\/wp-json\/wp\/v2\/posts\/518\/revisions"}],"wp:attachment":[{"href":"https:\/\/moir.com.co\/web\/wp-json\/wp\/v2\/media?parent=518"}],"wp:term":[{"taxonomy":"category","embeddable":true,"href":"https:\/\/moir.com.co\/web\/wp-json\/wp\/v2\/categories?post=518"},{"taxonomy":"post_tag","embeddable":true,"href":"https:\/\/moir.com.co\/web\/wp-json\/wp\/v2\/tags?post=518"}],"curies":[{"name":"wp","href":"https:\/\/api.w.org\/{rel}","templated":true}]}}