{"id":5154,"date":"2010-12-25T12:36:54","date_gmt":"2010-12-25T12:36:54","guid":{"rendered":"https:\/\/moir.org.co\/web\/sin-permisos-ni-licencias-se-presiona-el-reasentamiento-de-marmato\/"},"modified":"2010-12-25T12:36:54","modified_gmt":"2010-12-25T12:36:54","slug":"sin-permisos-ni-licencias-se-presiona-el-reasentamiento-de-marmato","status":"publish","type":"post","link":"https:\/\/moir.com.co\/web\/sin-permisos-ni-licencias-se-presiona-el-reasentamiento-de-marmato\/","title":{"rendered":"Sin permisos ni licencias se presiona el reasentamiento de Marmato"},"content":{"rendered":"<p>Doctor<\/p>\n<p>RICARDO \u00c1VILA<\/p>\n<p>Director Portafolio<\/p>\n<p>Cordial saludo:<\/p>\n<p>Resultan muy preocupantes las declaraciones del Doctor Juan Manuel Pel\u00e1ez, presidente de Medoro Resources en entrevista concedida a Portafolio (Dic.20.10), donde asegura que \u201cMedoro quiere acelerar el reasentamiento y demostrarle a la gente que este proyecto s\u00ed va a ser real\u201d.  El Presidente obviando los impedimentos legales que no le permiten a la compa\u00f1\u00eda realizar una explotaci\u00f3n a cielo abierto sobre el municipio de Marmato, ejerce una presi\u00f3n indebida e irresponsable sobre las decisiones que deber\u00e1n tomar los marmate\u00f1os en su debido momento con relaci\u00f3n al proyecto que la compa\u00f1\u00eda ha presentado. El Presidente reh\u00faye en la entrevista el hecho de que la compa\u00f1\u00eda aun no cuenta con la licencia ambiental que le permitir\u00eda llevar a cabo el proyecto y no se ha realizado una consulta previa con las comunidades afectadas.  El Presidente de Medoro de manera clara expone la naturaleza del proyecto y las verdaderas razones para el reasentamiento que no tienen que ver con aspectos ambientales, ni con riesgos de deslizamiento del pueblo, como se ha intentado hacer creer anteriormente por parte de algunas instituciones, sino que  asegur\u00f3 que \u201cel foro (realizado en Manizales el 14 de Diciembre para presentar el proyecto) fue clave para poder explicar cu\u00e1les son las razones fundamentales para el reasentamiento. Debajo del casco urbano de Marmato hay un gran dep\u00f3sito de oro que llegar\u00e1 a ser, aproximadamente, de 10 millones de onzas y la \u00fanica forma de extraer esa riqueza es con un proyecto a cielo abierto de gran escala.\u201d<\/p>\n<p>El Doctor Pel\u00e1ez reprodujo en esta entrevista tambi\u00e9n el ofrecimiento embustero y fraudulento que realiz\u00f3 en la presentaci\u00f3n del proyecto: la construcci\u00f3n por parte de la compa\u00f1\u00eda del hospital del pueblo, con un costo aproximado de 4 mil millones de pesos. Una habilidosa maniobra que debe merecer un rechazo airado debido a  que potencialmente puede comprar conciencias y voluntades en el proceso, situaci\u00f3n que ser\u00eda m\u00e1s grave aun si el Estado desconoce las obligaciones que tiene con la comunidad  y cede la construcci\u00f3n del hospital a la compa\u00f1\u00eda. El presidente tampoco menciona en esta entrevista  que esta construcci\u00f3n no se realizar\u00eda gratuitamente, sino a cambio de una carretera que comunique al Llano con el sector de Llano Grande, donde probablemente se ubicar\u00eda la planta de la compa\u00f1\u00eda, seg\u00fan petici\u00f3n del propio Pel\u00e1ez al Gobernador de Caldas en el evento realizado en Manizales.<\/p>\n<p>Las afirmaciones del doctor Pel\u00e1ez constituyen una forma de coacci\u00f3n sobre la opini\u00f3n p\u00fablica que no pueden ser aceptadas de ninguna manera y que aunadas al acogimiento d\u00f3cil de todos los planteamientos de la compa\u00f1\u00eda por parte del Gobernador Mario Aristiz\u00e1bal y a las declaraciones del Presidente Juan Manuel Santos afirmando que Marmato ser\u00e1 reubicado, configuran una afrenta contra la comunidad  marmate\u00f1a, que desde varias tribunas y desde siempre ha expresado su rechazo y desacuerdo con este proyecto que busca  desterrar a los pobladores del lugar que ha albergado sus actividades y tradiciones por siglos, y es esta en ultimas la \u00fanica que debe decidir su presente y su futuro.<\/p>\n<p>Atentamente,<\/p>\n<p>Comit\u00e9 C\u00edvico Prodefensa de Marmato<\/p>\n<p>Yamil Amar  Cata\u00f1o<br \/>\nPresidente<\/p>\n<p>Adriana Palomino<br \/>\nSecretaria<\/p>\n","protected":false},"excerpt":{"rendered":"<p>Doctor RICARDO \u00c1VILA Director Portafolio Cordial saludo: Resultan muy preocupantes las declaraciones del Doctor Juan Manuel Pel\u00e1ez, presidente de Medoro Resources en entrevista concedida a Portafolio (Dic.20.10), donde asegura que \u201cMedoro quiere acelerar el reasentamiento y demostrarle a la gente que este proyecto s\u00ed va a ser real\u201d. El Presidente obviando los impedimentos legales que [&hellip;]<\/p>\n","protected":false},"author":1,"featured_media":0,"comment_status":"open","ping_status":"open","sticky":false,"template":"","format":"standard","meta":{"advanced_seo_description":"","jetpack_seo_html_title":"","jetpack_seo_noindex":false,"_jetpack_memberships_contains_paid_content":false,"footnotes":""},"categories":[7],"tags":[],"class_list":["post-5154","post","type-post","status-publish","format-standard","hentry","category-pronunciamientos-de-organizaciones-sociales"],"jetpack_featured_media_url":"","jetpack-related-posts":[{"id":5148,"url":"https:\/\/moir.com.co\/web\/hay-que-repudiar-que-contra-los-marmatenos-se-proceda-de-hecho\/","url_meta":{"origin":5154,"position":0},"title":"Hay que repudiar que contra los marmate\u00f1os se proceda de hecho","author":"admin","date":"diciembre 21, 2010","format":false,"excerpt":"Doctor RICARDO \u00c1VILA Director Portafolio Ref. Hay que repudiar que contra los marmate\u00f1os se proceda de hecho. Cordial saludo: Es inaudito que el gerente de la empresa canadiense Medoro Resources, Juan Manuel Pel\u00e1ez, est\u00e9 actuando en Marmato, Caldas, como s\u00ed ya hubiera obtenido la licencia ambiental que lo autoriza a\u2026","rel":"","context":"En \u00abJorge Enrique Robledo\u00bb","block_context":{"text":"Jorge Enrique Robledo","link":"https:\/\/moir.com.co\/web\/category\/jorge-enrique-robledo\/"},"img":{"alt_text":"","src":"","width":0,"height":0},"classes":[]},{"id":5156,"url":"https:\/\/moir.com.co\/web\/medoro-por-la-tierra-y-por-el-oro\/","url_meta":{"origin":5154,"position":1},"title":"Medoro, por la tierra y por el oro.","author":"admin","date":"diciembre 25, 2010","format":false,"excerpt":"La compa\u00f1\u00eda canadiense Medoro Resources realiz\u00f3 la presentaci\u00f3n oficial del proyecto de miner\u00eda a cielo abierto que planea realizar en Marmato, en un \u00e1rea de 200 hect\u00e1reas sobre el casco urbano de esta poblaci\u00f3n. El fastuoso evento se llev\u00f3 a cabo en Manizales, a 142 kil\u00f3metros de distancia del municipio\u2026","rel":"","context":"En \u00abTemas\u00bb","block_context":{"text":"Temas","link":"https:\/\/moir.com.co\/web\/category\/temas\/"},"img":{"alt_text":"","src":"","width":0,"height":0},"classes":[]},{"id":5772,"url":"https:\/\/moir.com.co\/web\/el-comportamiento-del-gobierno-nacional-en-marmato-y-las-declaraciones-del-primo-del-presidente-santos\/","url_meta":{"origin":5154,"position":2},"title":"El comportamiento del gobierno nacional en Marmato y las declaraciones del primo del Presidente Santos","author":"admin","date":"julio 13, 2011","format":false,"excerpt":"Hace unos d\u00edas, un equipo de periodistas de Fault Lines, programa de la cadena internacional de noticias Al-Jaazera, se hizo presente en Marmato para hacer un documental relacionado con esa poblaci\u00f3n y con lo que Al-Jaazera llama \u201cla fiebre del oro en Colombia\u201d. En el programa aparece una entrevista con\u2026","rel":"","context":"En \u00abPronunciamientos de Organizaciones Sociales\u00bb","block_context":{"text":"Pronunciamientos de Organizaciones Sociales","link":"https:\/\/moir.com.co\/web\/category\/pronunciamientos-de-organizaciones-sociales\/"},"img":{"alt_text":"","src":"","width":0,"height":0},"classes":[]},{"id":6050,"url":"https:\/\/moir.com.co\/web\/las-elecciones-y-la-mineria-en-marmato\/","url_meta":{"origin":5154,"position":3},"title":"Las elecciones y la miner\u00eda en Marmato","author":"admin","date":"octubre 23, 2011","format":false,"excerpt":"Se realiz\u00f3 hoy el segundo debate entre los candidatos a la gobernaci\u00f3n de Caldas. Entre las diversas preguntas no pod\u00eda faltar la relacionada con la presencia de compa\u00f1\u00edas extranjeras en Marmato y el proyecto de hacer gran miner\u00eda a cielo abierto en ese municipio de Caldas. Ante la pregunta formulada\u2026","rel":"","context":"En \u00abOscar Guti\u00e9rrez Reyes\u00bb","block_context":{"text":"Oscar Guti\u00e9rrez Reyes","link":"https:\/\/moir.com.co\/web\/category\/bitacoras\/oscar-gutierrez-reyes\/"},"img":{"alt_text":"","src":"","width":0,"height":0},"classes":[]},{"id":5762,"url":"https:\/\/moir.com.co\/web\/primo-de-santos-confiesa-que-trasnacionales-mineras-cuadran-al-gobierno-robledo-exige-explicaciones-y-citara-debate\/","url_meta":{"origin":5154,"position":4},"title":"Primo de Santos confiesa que trasnacionales mineras cuadran al gobierno; Robledo exige explicaciones y citar\u00e1 debate","author":"admin","date":"julio 10, 2011","format":false,"excerpt":"Primo de Juan Manuel Santos es un alto ejecutivo de una trasnacional minera que pretende destruir el municipio de Marmato. Presiones del gobierno ayudan a multinacionales. Trasnacionales compran todo con sus chequeras. Senador Robledo citar\u00e1 debate sobre el tema. Juan Carlos Santos, primo del presidente Juan Manuel Santos y director\u2026","rel":"","context":"En \u00abJorge Enrique Robledo\u00bb","block_context":{"text":"Jorge Enrique Robledo","link":"https:\/\/moir.com.co\/web\/category\/jorge-enrique-robledo\/"},"img":{"alt_text":"","src":"https:\/\/i0.wp.com\/img.youtube.com\/vi\/yCpYf8B1vYs\/0.jpg?resize=350%2C200","width":350,"height":200},"classes":[]},{"id":5576,"url":"https:\/\/moir.com.co\/web\/primera-movilizacion-nacional-por-la-defensa-de-marmato\/","url_meta":{"origin":5154,"position":5},"title":"Primera Movilizaci\u00f3n Nacional por la Defensa de Marmato","author":"admin","date":"mayo 1, 2011","format":false,"excerpt":"Marmato, el pesebre de oro de Colombia, es un municipio ubicado en las monta\u00f1as del noroccidente caldense, en un sector estrat\u00e9gico gracias a su diversidad y a los enormes yacimientos de oro que se ubican bajo los pies de sus pobladores. Su tradici\u00f3n minera centenaria ha generado fuentes de empleo\u2026","rel":"","context":"En \u00abPronunciamientos de Organizaciones Sociales\u00bb","block_context":{"text":"Pronunciamientos de Organizaciones Sociales","link":"https:\/\/moir.com.co\/web\/category\/pronunciamientos-de-organizaciones-sociales\/"},"img":{"alt_text":"","src":"","width":0,"height":0},"classes":[]}],"jetpack_sharing_enabled":true,"_links":{"self":[{"href":"https:\/\/moir.com.co\/web\/wp-json\/wp\/v2\/posts\/5154","targetHints":{"allow":["GET"]}}],"collection":[{"href":"https:\/\/moir.com.co\/web\/wp-json\/wp\/v2\/posts"}],"about":[{"href":"https:\/\/moir.com.co\/web\/wp-json\/wp\/v2\/types\/post"}],"author":[{"embeddable":true,"href":"https:\/\/moir.com.co\/web\/wp-json\/wp\/v2\/users\/1"}],"replies":[{"embeddable":true,"href":"https:\/\/moir.com.co\/web\/wp-json\/wp\/v2\/comments?post=5154"}],"version-history":[{"count":0,"href":"https:\/\/moir.com.co\/web\/wp-json\/wp\/v2\/posts\/5154\/revisions"}],"wp:attachment":[{"href":"https:\/\/moir.com.co\/web\/wp-json\/wp\/v2\/media?parent=5154"}],"wp:term":[{"taxonomy":"category","embeddable":true,"href":"https:\/\/moir.com.co\/web\/wp-json\/wp\/v2\/categories?post=5154"},{"taxonomy":"post_tag","embeddable":true,"href":"https:\/\/moir.com.co\/web\/wp-json\/wp\/v2\/tags?post=5154"}],"curies":[{"name":"wp","href":"https:\/\/api.w.org\/{rel}","templated":true}]}}