{"id":514,"date":"2004-08-09T07:00:00","date_gmt":"2004-08-09T07:00:00","guid":{"rendered":"https:\/\/moir.org.co\/web\/exitoso-encuentro-de-dirigentes-del-sector-agropecuario-del-quindio-y-norte-del-valle\/"},"modified":"2004-08-09T07:00:00","modified_gmt":"2004-08-09T07:00:00","slug":"exitoso-encuentro-de-dirigentes-del-sector-agropecuario-del-quindio-y-norte-del-valle","status":"publish","type":"post","link":"https:\/\/moir.com.co\/web\/exitoso-encuentro-de-dirigentes-del-sector-agropecuario-del-quindio-y-norte-del-valle\/","title":{"rendered":"EXITOSO ENCUENTRO DE DIRIGENTES DEL SECTOR AGROPECUARIO DEL QUIND\u00cdO Y NORTE DEL VALLE"},"content":{"rendered":"<p>Antonio Jos\u00e9 Guti\u00e9rrez Blanco, Armenia, mayo 5 de 2003<\/p>\n<p>Con la presencia de 112 delegados de 15 municipios del Quind\u00edo y del norte de Valle, se llev\u00f3 a cabo, el 29 de abril en el Centro Recreacional de Confenalco del Alto del R\u00edo, en Calarc\u00e1 (Quind\u00edo), un exitoso encuentro de dirigentes, especialmente de Unidad Cafetera, que analiz\u00f3 la problem\u00e1tica de la producci\u00f3n agropecuaria del pa\u00eds y de la regi\u00f3n y aprob\u00f3 tareas importantes de preparaci\u00f3n de la marcha nacional del 12 de agosto, contra el ALCA y por la condonaci\u00f3n de las deudas del sector agropecuario.<\/p>\n<p>El evento cont\u00f3 con la participaci\u00f3n del Presidente Nacional de Unidad Cafetera y Director Ejecutivo de Salvaci\u00f3n Agropecuaria doctor Aurelio Su\u00e1rez Montoya, quien present\u00f3 un completo informe de la situaci\u00f3n actual de la caficultura y expuso una magistral conferencia sobre el ALCA. Explic\u00f3 c\u00f3mo, el gobierno persiste en la intenci\u00f3n de vincular a Colombia al \u00c1rea de Libre Comercio de las Am\u00e9ricas (ALCA) con lo cual se autorizar\u00e1 la invasi\u00f3n masiva de productos importados, incluido el caf\u00e9, lo que precipitar\u00eda a la ruina total la producci\u00f3n industrial y agropecuaria del pa\u00eds en beneficio exclusivo de monopolios for\u00e1neos, especialmente de los Estados Unidos.<\/p>\n<p>La conferencia se complement\u00f3 con las intervenciones por se\u00f1al Colombia, del Senador de la Unidad C\u00edvica y Agraria MOIR, Jorge Enrique Robledo y del presidente de la Asociaci\u00f3n Nacional por la Salvaci\u00f3n Agropecuaria, \u00c1ngel Mar\u00eda Caballero, que, coincidencialmente ese mismo d\u00eda, hicieron en la comisi\u00f3n quinta del Senado, en desarrollo del debate que, sobre la situaci\u00f3n agropecuaria y el ALCA, se llev\u00f3 a cabo por citaci\u00f3n del senador Robledo. Los presentes, aplaudieron con mucho entusiasmo la propuesta del senador, de exigir al gobierno, el desarrollo de una campa\u00f1a nacional de consulta popular, para que sea el pueblo quien decida si est\u00e1 o no de acuerdo con la inclusi\u00f3n de nuestro pa\u00eds al ALCA.<\/p>\n<p>El coordinador del encuentro, Dimas Alberto Arias, present\u00f3 a su vez una radiograf\u00eda de los diferentes problemas que se detectan en la regi\u00f3n, especialmente los relacionados con amenazas de cobros jur\u00eddicos de cr\u00e9ditos no vencidos, a muchos productores de la zona. Toc\u00f3 el tema de los exagerados reaval\u00faos catastrales y las altas tarifas del impuesto predial, del pretendido cobro de la taza retributiva por parte de la Corporaci\u00f3n Aut\u00f3noma Regional del Quind\u00edo, de las alzas en las tarifas de servicios p\u00fablicos, la gasolina, el ACPM, el establecimiento del IVA para los insumos agropecuarios y la virtual eliminaci\u00f3n de cr\u00e9dito, asistencia t\u00e9cnica y subsidios para la producci\u00f3n, todo lo cual anula cualquier rentabilidad de los cultivos, ahonda la pobreza y el desempleo en el campo y agrava la situaci\u00f3n de empresarios, campesinos y trabajadores rurales a l\u00edmites intolerables.<\/p>\n<p>Intervinieron dirigentes de los diferentes municipios presentes, manifestando su disposici\u00f3n de salir a preparar las delegaciones para la marcha nacional del 12 de agosto en Bogot\u00e1. El alcalde de Pijao presenta adem\u00e1s un informe de su gesti\u00f3n con los productores de su municipio, resalta la labor de la Unidad Cafetera y Salvaci\u00f3n Agropecuaria y ofrece su respaldo a la marcha.<\/p>\n<p>Fernando Ruiz, coordinador regional hasta ese d\u00eda, de la Unidad Cafetera y Salvaci\u00f3n Agropecuaria, inform\u00f3, que ante la necesidad de apoyar y colaborar en la consolidaci\u00f3n de esas organizaciones en otras regiones del pa\u00eds, tendr\u00e1 que ausentarse, pero que estar\u00e1 dispuesto, as\u00ed como lo hacen los otros dirigentes nacionales, a venir cuantas veces se le solicite a esta regi\u00f3n. Propone que el Comit\u00e9 Coordinador, que ha venido funcionando sea presidido de ahora en adelante por Dimas Alberto Arias, lo que fue ampliamente aceptado por el encuentro.<\/p>\n<p>Finalmente, se acuerda, salir a preparar las asambleas municipales y veredales, con todos los afiliados y con otras organizaciones agropecuarias del la regi\u00f3n, para poder garantizar la delegaci\u00f3n de cada uno de los sitios, para la gran marcha nacional del 12 de agosto, contra el ALCA y por la condonaci\u00f3n de las deudas para el sector agropecuario.<\/p>\n","protected":false},"excerpt":{"rendered":"<p>Antonio Jos\u00e9 Guti\u00e9rrez Blanco, Armenia, mayo 5 de 2003 Con la presencia de 112 delegados de 15 municipios del Quind\u00edo y del norte de Valle, se llev\u00f3 a cabo, el 29 de abril en el Centro Recreacional de Confenalco del Alto del R\u00edo, en Calarc\u00e1 (Quind\u00edo), un exitoso encuentro de dirigentes, especialmente de Unidad Cafetera, [&hellip;]<\/p>\n","protected":false},"author":1,"featured_media":0,"comment_status":"open","ping_status":"open","sticky":false,"template":"","format":"standard","meta":{"advanced_seo_description":"","jetpack_seo_html_title":"","jetpack_seo_noindex":false,"_jetpack_memberships_contains_paid_content":false,"footnotes":""},"categories":[7],"tags":[],"class_list":["post-514","post","type-post","status-publish","format-standard","hentry","category-pronunciamientos-de-organizaciones-sociales"],"jetpack_featured_media_url":"","jetpack-related-posts":[{"id":505,"url":"https:\/\/moir.com.co\/web\/encuentro-regional-de-dirigentes-del-sector-agropecuario-del-norte-de-valle-y-del-quindio\/","url_meta":{"origin":514,"position":0},"title":"ENCUENTRO REGIONAL DE DIRIGENTES DEL SECTOR AGROPECUARIO DEL NORTE DE VALLE Y DEL QUIND\u00cdO","author":"admin","date":"agosto 9, 2004","format":false,"excerpt":"Unidad Cafetera Nacional-Salvaci\u00f3n Agropecuaria, abril 24 de 2003 La Junta Directiva de la UNIDAD CAFETERA NACIONAL, Seccional Quind\u00edo, integrante de la ASOCIACI\u00d3N NACIONAL POR LA SALVACI\u00d3N AGROPECUARIA, reunida en la ciudad de Armenia y, CONSIDERANDO: 1. Que a la grave situaci\u00f3n del sector agropecuario en general y, en particular, a\u2026","rel":"","context":"En \u00abPronunciamientos de Organizaciones Sociales\u00bb","block_context":{"text":"Pronunciamientos de Organizaciones Sociales","link":"https:\/\/moir.com.co\/web\/category\/pronunciamientos-de-organizaciones-sociales\/"},"img":{"alt_text":"","src":"","width":0,"height":0},"classes":[]},{"id":19884,"url":"https:\/\/moir.com.co\/web\/24-de-abril-marcha-agropecuaria-y-cafetera-a-bogota\/","url_meta":{"origin":514,"position":1},"title":"24 de abril: MARCHA AGROPECUARIA Y CAFETERA A BOGOTA","author":"admin","date":"agosto 10, 2004","format":false,"excerpt":"El 27 de enero se reuni\u00f3 en Ibagu\u00e9 la junta directiva de la Asociaci\u00f3n Nacional por la Salvaci\u00f3n Agropecuaria. A la reuni\u00f3n asistieron, entre otros, dirigentes de Unidad Cafetera, Asociaci\u00f3n Agropecuaria del Huila, Federriegos, Unidad Panelera Nacional, Asociaci\u00f3n por la Salvaci\u00f3n Arrocera, Fedepapa, Asopanela, distritos de riego de Salda\u00f1a, R\u00edo\u2026","rel":"","context":"En \u00abTribuna Roja N\u00ba 82, marzo 8 de 2001\u00bb","block_context":{"text":"Tribuna Roja N\u00ba 82, marzo 8 de 2001","link":"https:\/\/moir.com.co\/web\/category\/tribuna-roja\/ediciones-2000-2004\/tribuna-roja-no-82-marzo-8-de-2001\/"},"img":{"alt_text":"","src":"","width":0,"height":0},"classes":[]},{"id":166,"url":"https:\/\/moir.com.co\/web\/definida-marcha-cafetera-y-agraria-a-bogota\/","url_meta":{"origin":514,"position":2},"title":"DEFINIDA MARCHA CAFETERA Y AGRARIA A BOGOTA","author":"admin","date":"agosto 6, 2004","format":false,"excerpt":"El pasado s\u00e1bado 27 de enero se reuni\u00f3 en Ibagu\u00e9 la Junta Directiva de la Asociaci\u00f3n Nacional por la Salvaci\u00f3n Agropecuaria. A la reuni\u00f3n asistieron, entre otros, dirigentes de Unidad Cafetera, la Asociaci\u00f3n Agropecuaria del Huila, Federriegos, Unidad Panelera Nacional, la Asociaci\u00f3n por la Salvaci\u00f3n Arrocera, Fedepapa, Asopanela, los distritos\u2026","rel":"","context":"En \u00abTemas\u00bb","block_context":{"text":"Temas","link":"https:\/\/moir.com.co\/web\/category\/temas\/"},"img":{"alt_text":"","src":"","width":0,"height":0},"classes":[]},{"id":9956,"url":"https:\/\/moir.com.co\/web\/la-crisis-de-ingresos-derivada-del-cambio-climatico-exige-soluciones\/","url_meta":{"origin":514,"position":3},"title":"La crisis de ingresos, derivada del cambio clim\u00e1tico, exige soluciones","author":"admin","date":"febrero 18, 2016","format":false,"excerpt":"Dirigentes de dignidad agropecuaria y de dignidad cafetera de los departamentos del Tolima, Nari\u00f1o, Valle del Cauca, Cauca, Quind\u00edo, Risaralda, Caldas y Antioqu\u00eda, reunidos en el recinto de la asamblea departamental del Quind\u00edo y una vez analizada la grave situaci\u00f3n que se presenta por efecto del cambio clim\u00e1tico que ha\u2026","rel":"","context":"En \u00abPronunciamientos de Organizaciones Sociales\u00bb","block_context":{"text":"Pronunciamientos de Organizaciones Sociales","link":"https:\/\/moir.com.co\/web\/category\/pronunciamientos-de-organizaciones-sociales\/"},"img":{"alt_text":"","src":"","width":0,"height":0},"classes":[]},{"id":8650,"url":"https:\/\/moir.com.co\/web\/concluye-exitosamente-pre-congreso-de-dignidad-agropecuaria-colombiana\/","url_meta":{"origin":514,"position":4},"title":"Concluye exitosamente Pre-Congreso de Dignidad Agropecuaria Colombiana","author":"admin","date":"agosto 20, 2014","format":false,"excerpt":"Ayer, con la presencia de dirigentes de Nari\u00f1o, Cauca, Valle del Cauca, Quind\u00edo, Risaralda, Caldas, Antioqu\u00eda, Cesar, Santander, Boyac\u00e1, Meta, Cundinamarca, Tolima y Huila, productores de Caf\u00e9, Ca\u00f1a Panelera, Arroz, Papa, Leche, Ganado de Carne, Aguacate y otras frutas, cebolla y otras Hortalizas, se reuni\u00f3 en Bogot\u00e1 el Pre-Congreso de\u2026","rel":"","context":"En \u00abPronunciamientos de Organizaciones Sociales\u00bb","block_context":{"text":"Pronunciamientos de Organizaciones Sociales","link":"https:\/\/moir.com.co\/web\/category\/pronunciamientos-de-organizaciones-sociales\/"},"img":{"alt_text":"","src":"","width":0,"height":0},"classes":[]},{"id":13915,"url":"https:\/\/moir.com.co\/web\/y-que-fue-del-eje-cafetero\/","url_meta":{"origin":514,"position":5},"title":"\u00bfY qu\u00e9 fue del Eje Cafetero?","author":"admin","date":"noviembre 22, 2017","format":false,"excerpt":"Aurelio Su\u00e1rez Montoya, Armenia, noviembre 21 de 2017 La zona cafetera del pa\u00eds era considerada una \u201cSuiza\u201d entre las regiones de Colombia, ahora, el panorama, es diferente. Durante d\u00e9cadas Caldas, Quind\u00edo y Risaralda se consideraron\u00a0como una \u201cSuiza\u201d entre las regiones de Colombia.\u00a0Fruto de la importancia del caf\u00e9 en la econom\u00eda\u2026","rel":"","context":"En \u00abAgro\u00bb","block_context":{"text":"Agro","link":"https:\/\/moir.com.co\/web\/category\/temas\/agro\/"},"img":{"alt_text":"","src":"https:\/\/i0.wp.com\/moir.com.co\/web\/wp-content\/uploads\/2017\/11\/quindiocafeteros.jpg?fit=1200%2C850&ssl=1&resize=350%2C200","width":350,"height":200,"srcset":"https:\/\/i0.wp.com\/moir.com.co\/web\/wp-content\/uploads\/2017\/11\/quindiocafeteros.jpg?fit=1200%2C850&ssl=1&resize=350%2C200 1x, https:\/\/i0.wp.com\/moir.com.co\/web\/wp-content\/uploads\/2017\/11\/quindiocafeteros.jpg?fit=1200%2C850&ssl=1&resize=525%2C300 1.5x, https:\/\/i0.wp.com\/moir.com.co\/web\/wp-content\/uploads\/2017\/11\/quindiocafeteros.jpg?fit=1200%2C850&ssl=1&resize=700%2C400 2x, https:\/\/i0.wp.com\/moir.com.co\/web\/wp-content\/uploads\/2017\/11\/quindiocafeteros.jpg?fit=1200%2C850&ssl=1&resize=1050%2C600 3x"},"classes":[]}],"jetpack_sharing_enabled":true,"_links":{"self":[{"href":"https:\/\/moir.com.co\/web\/wp-json\/wp\/v2\/posts\/514","targetHints":{"allow":["GET"]}}],"collection":[{"href":"https:\/\/moir.com.co\/web\/wp-json\/wp\/v2\/posts"}],"about":[{"href":"https:\/\/moir.com.co\/web\/wp-json\/wp\/v2\/types\/post"}],"author":[{"embeddable":true,"href":"https:\/\/moir.com.co\/web\/wp-json\/wp\/v2\/users\/1"}],"replies":[{"embeddable":true,"href":"https:\/\/moir.com.co\/web\/wp-json\/wp\/v2\/comments?post=514"}],"version-history":[{"count":0,"href":"https:\/\/moir.com.co\/web\/wp-json\/wp\/v2\/posts\/514\/revisions"}],"wp:attachment":[{"href":"https:\/\/moir.com.co\/web\/wp-json\/wp\/v2\/media?parent=514"}],"wp:term":[{"taxonomy":"category","embeddable":true,"href":"https:\/\/moir.com.co\/web\/wp-json\/wp\/v2\/categories?post=514"},{"taxonomy":"post_tag","embeddable":true,"href":"https:\/\/moir.com.co\/web\/wp-json\/wp\/v2\/tags?post=514"}],"curies":[{"name":"wp","href":"https:\/\/api.w.org\/{rel}","templated":true}]}}