{"id":5136,"date":"2010-12-16T12:34:52","date_gmt":"2010-12-16T12:34:52","guid":{"rendered":"https:\/\/moir.org.co\/web\/ni-gobierno-ni-empresarios-tuvieron-voluntad-para-concertar\/"},"modified":"2010-12-16T12:34:52","modified_gmt":"2010-12-16T12:34:52","slug":"ni-gobierno-ni-empresarios-tuvieron-voluntad-para-concertar","status":"publish","type":"post","link":"https:\/\/moir.com.co\/web\/ni-gobierno-ni-empresarios-tuvieron-voluntad-para-concertar\/","title":{"rendered":"Ni gobierno ni empresarios tuvieron voluntad para concertar"},"content":{"rendered":"<p>La Central Unitaria de Trabajadores de Colombia CUT y la Confederaci\u00f3n de Pensionados de Colombia CPC, concurrimos a las reuniones estipuladas en una agenda consensuada por la Comisi\u00f3n Nacional de Concertaci\u00f3n de Pol\u00edticas Laborales y Salariales, para discutir lo concerniente a la negociaci\u00f3n del salario m\u00ednimo legal, en cumplimiento de las estipulaciones constitucionales y legales, as\u00ed como los convenios 95 y 173 de la OIT. <\/p>\n<p>Los pedidos de las centrales obreras y los pensionados no tuvieron la m\u00e1s m\u00ednima receptividad en los representantes del empresariado y el Gobierno Nacional. Ambos siguen considerando los salarios y las prestaciones sociales de los trabajadores una talanquera para la creaci\u00f3n de empleos y el establecimiento de nuevas empresas y de esta manera los primeros proponen un miserable ajuste del 3% y los supuestos mediadores del Gobierno el 2.5% y reafirman el recorte salarial aprobado para los trabajadores del estado en la Ley del Presupuesto de 2011, del 2% ponderado. Adem\u00e1s se niegan a considerar los dem\u00e1s puntos del petitorio. <\/p>\n<p>La reactivaci\u00f3n de nuestra econom\u00eda, la creaci\u00f3n de empleos estables y de calidad est\u00e1 \u00edntimamente ligada a la protecci\u00f3n y ensanche de nuestro mercado interno, al aumento de la capacidad de consumo de los colombianos, a la eliminaci\u00f3n de la informalidad y el rebusque. En definitiva a la reversi\u00f3n del modelo neoliberal, a la prohibici\u00f3n de la importaci\u00f3n de mercanc\u00edas y productos que podemos elaborar en Colombia. Ni la miner\u00eda, ni el petr\u00f3leo, ni los agrocombustibles contribuir\u00e1n a crear los empleos que el  pa\u00eds demanda y lo que gobierno y empresarios pretenden es que la CUT y la CPC le avalemos en la Comisi\u00f3n Nacional de Concertaci\u00f3n su desprop\u00f3sito de ahondar en la aplicaci\u00f3n de las pol\u00edticas neoliberales. <\/p>\n<p>Reafirmamos nuestras exigencias y mantendremos nuestra vocaci\u00f3n de denunciar y organizar la protesta democr\u00e1tica de nuestros afiliados y de los colombianos afectados por el inequitativo modelo. <\/p>\n<p>1. Reclamamos medidas que logren proteger la capacidad de compra de los trabajadores colombianos, como las siguientes: <\/p>\n<p>* Congelar los productos de la canasta b\u00e1sica familiar y los costos acad\u00e9micos en la educaci\u00f3n.<\/p>\n<p>* Derogar el cobro de los combustibles a precios internacionales y controlar los dem\u00e1s insumos del transporte.<\/p>\n<p>* Congelar las tarifas de los servicios p\u00fablicos domiciliarios, ya que estos no tienen un real control del Estado. La Procuradur\u00eda y la Defensor\u00eda, tambi\u00e9n lo han solicitado.<\/p>\n<p>* La aplicaci\u00f3n obligatoria del salario legal a todos los trabajadores colombianos, incluidos los del \u00e1rea rural y con prestaciones sociales. <\/p>\n<p>2. El incremento del salario m\u00ednimo legal mensual no puede ser inferior al 12%, por toda la situaci\u00f3n de p\u00e9rdida del valor adquisitivo y de capacidad de compra de los colombianos, como verdadero impulso de la reactivaci\u00f3n econ\u00f3mica y de ampliaci\u00f3n del mercado interno. Tal como lo sustenta el Doctor Eduardo Sarmiento Palacio en su columna del Espectador del pasado domingo 12 de Diciembre. <\/p>\n<p>3. El Gobierno debe reconsiderar el 2% fijado en el Presupuesto Nacional para los trabajadores estatales en el 2011 y devolverles el incremento salarial que corresponde a la p\u00e9rdida de su salario en m\u00e1s de 20 a\u00f1os, en que se viene imponiendo dicho ajuste por debajo de la inflaci\u00f3n causada. <\/p>\n<p>4. Que el gobierno ordene el desmonte inmediato de toda forma de tercerizaci\u00f3n laboral, pues \u00e9stas desconocen los convenios de la OIT, en todo lo referente al trabajo con salarios dignos, prestaciones y seguridad social, como tambi\u00e9n los derechos de asociaci\u00f3n sindical y contrataci\u00f3n colectiva. <\/p>\n<p>5. Teniendo en cuenta el deterioro en la calidad de vida de los pensionados en el pa\u00eds, solicitamos: aumentar las mesadas pensionales, teniendo en cuenta el principio de la favoralidad, es decir, aplicando lo que resulte mayor del IPC o el aumento del salario m\u00ednimo, as\u00ed como la eliminaci\u00f3n de las cuotas moderadoras y copagos, eliminar todas las barreras que trancan el acceso a la salud de los pensionados y sus familias. <\/p>\n<p>6. Suspender el tr\u00e1mite en el Congreso de la Republica del Proyecto de ley de la regla fiscal  y sostenibilidad fiscal, el gobierno elimina la parte garantista de la Constituci\u00f3n Pol\u00edtica Nacional de 1991. Igual situaci\u00f3n se da con otras como la Ley Estatutaria de Salud, Ley de  Formalizaci\u00f3n del Trabajo, Ley de ampliaci\u00f3n del salario integral, entre otras, que complementan las llamadas locomotoras del Gobierno de Santos, como la Gran Miner\u00eda transnacional, agrocombustibles y la superestructura del transporte. <\/p>\n<p>Reclamamos del gobierno nacional el cumplimiento de la Constituci\u00f3n y la ley, en cuanto a tramitar y acordar con los representantes de los trabajadores y pensionados, toda iniciativa que modifique las condiciones laborales y de seguridad social de los colombianos. Esta obligaci\u00f3n legal y constitucional, de la cual el gobierno nacional se ufana ante la OIT, de estar cumpliendo, no es cierta. <\/p>\n<p>RAFAEL ALBERTO MOLANO P.<\/p>\n<p>Presidente (e) CUT<\/p>\n<p>DOMINGO TOVAR ARRIETA<\/p>\n<p>Secretario General CUT<\/p>\n<p>ORLANDO RESTREPO<\/p>\n<p>Presidente CPC<\/p>\n<p>GUILLERMO PORTOCARRERO<\/p>\n<p>Secretario General CPC<\/p>\n","protected":false},"excerpt":{"rendered":"<p>La Central Unitaria de Trabajadores de Colombia CUT y la Confederaci\u00f3n de Pensionados de Colombia CPC, concurrimos a las reuniones estipuladas en una agenda consensuada por la Comisi\u00f3n Nacional de Concertaci\u00f3n de Pol\u00edticas Laborales y Salariales, para discutir lo concerniente a la negociaci\u00f3n del salario m\u00ednimo legal, en cumplimiento de las estipulaciones constitucionales y legales, [&hellip;]<\/p>\n","protected":false},"author":1,"featured_media":0,"comment_status":"open","ping_status":"open","sticky":false,"template":"","format":"standard","meta":{"advanced_seo_description":"","jetpack_seo_html_title":"","jetpack_seo_noindex":false,"_jetpack_memberships_contains_paid_content":false,"footnotes":""},"categories":[7],"tags":[],"class_list":["post-5136","post","type-post","status-publish","format-standard","hentry","category-pronunciamientos-de-organizaciones-sociales"],"jetpack_featured_media_url":"","jetpack-related-posts":[{"id":18989,"url":"https:\/\/moir.com.co\/web\/dos-por-ciento-mandan-huevo\/","url_meta":{"origin":5136,"position":0},"title":"\u00bfDos por ciento?: \u201cmandan huevo\u201d","author":"admin","date":"diciembre 25, 2020","format":false,"excerpt":"Jos\u00e9 Arlex Arias, Cartagena, diciembre 21 de 2020 El salario m\u00ednimo, seg\u00fan la Organizaci\u00f3n Internacional del Trabajo,\u00a0es la cuant\u00eda m\u00e1s peque\u00f1a de remuneraci\u00f3n que un empleador est\u00e1 obligado a pagar a sus asalariados por el trabajo que estos hayan efectuado durante un per\u00edodo determinado, el cual no puede ser rebajado\u2026","rel":"","context":"En \u00abEconom\u00eda\u00bb","block_context":{"text":"Econom\u00eda","link":"https:\/\/moir.com.co\/web\/category\/temas\/economia\/"},"img":{"alt_text":"","src":"https:\/\/i0.wp.com\/moir.com.co\/web\/wp-content\/uploads\/2020\/12\/ChristianDaes.png?fit=700%2C526&ssl=1&resize=350%2C200","width":350,"height":200,"srcset":"https:\/\/i0.wp.com\/moir.com.co\/web\/wp-content\/uploads\/2020\/12\/ChristianDaes.png?fit=700%2C526&ssl=1&resize=350%2C200 1x, https:\/\/i0.wp.com\/moir.com.co\/web\/wp-content\/uploads\/2020\/12\/ChristianDaes.png?fit=700%2C526&ssl=1&resize=525%2C300 1.5x, https:\/\/i0.wp.com\/moir.com.co\/web\/wp-content\/uploads\/2020\/12\/ChristianDaes.png?fit=700%2C526&ssl=1&resize=700%2C400 2x"},"classes":[]},{"id":3864,"url":"https:\/\/moir.com.co\/web\/propuesta-de-las-centrales-obreras-sobre-el-salario-minimo\/","url_meta":{"origin":5136,"position":1},"title":"Propuesta de las centrales obreras sobre el salario m\u00ednimo","author":"admin","date":"diciembre 15, 2009","format":false,"excerpt":"Doctor DIEGO PALACIO BETANCOUR Ministro de la Protecci\u00f3n Social Se\u00f1oras y se\u00f1ores de la Comisi\u00f3n Permanente de Concertaci\u00f3n de Pol\u00edticas Salariales y Laborales Bogot\u00e1, D.C. Cordial saludo. El movimiento sindical y pensional integrado en el Comando Nacional Unitario, manifestamos nuestras apreciaciones acerca de la negociaci\u00f3n de la pol\u00edtica salarial y\u2026","rel":"","context":"En \u00abPronunciamientos de Organizaciones Sociales\u00bb","block_context":{"text":"Pronunciamientos de Organizaciones Sociales","link":"https:\/\/moir.com.co\/web\/category\/pronunciamientos-de-organizaciones-sociales\/"},"img":{"alt_text":"","src":"","width":0,"height":0},"classes":[]},{"id":1566,"url":"https:\/\/moir.com.co\/web\/posicion-de-la-corriente-sindical-clasista-y-unitaria-ante-la-convocatoria-para-la-concertacion-del-salario-minimo-legal\/","url_meta":{"origin":5136,"position":2},"title":"POSICI\u00d3N DE LA CORRIENTE SINDICAL CLASISTA Y UNITARIA ANTE LA CONVOCATORIA PARA LA \u201cCONCERTACI\u00d3N DEL SALARIO M\u00cdNIMO LEGAL\u201d","author":"admin","date":"noviembre 29, 2006","format":false,"excerpt":"Bogot\u00e1, noviembre de 2006 Como cada a\u00f1o por esta \u00e9poca, las centrales sindicales y los pensionados, son convocados junto a los empresarios y el gobierno a discutir el salario m\u00ednimo legal. El ejercicio ha perdido credibilidad sobre todo en los gobiernos de Uribe, es una farsa y un escenario donde\u2026","rel":"","context":"En \u00abPronunciamientos de Organizaciones Sociales\u00bb","block_context":{"text":"Pronunciamientos de Organizaciones Sociales","link":"https:\/\/moir.com.co\/web\/category\/pronunciamientos-de-organizaciones-sociales\/"},"img":{"alt_text":"","src":"","width":0,"height":0},"classes":[]},{"id":6167,"url":"https:\/\/moir.com.co\/web\/empleo-y-politica-de-concertacion-salarial\/","url_meta":{"origin":5136,"position":3},"title":"Empleo y pol\u00edtica de concertaci\u00f3n salarial","author":"admin","date":"diciembre 5, 2011","format":false,"excerpt":"Cada a\u00f1o asistimos a la comedia que, con unos actores principales con caracter\u00edsticas aut\u00e1rquicas e imponentes \u2013Gobierno Nacional y Empresarios- y otros secundarios \u2013Centrales Obreras y Pensionados-, debilitados por los primeros, tiene los mismos argumentos que pretenden mostrar a los colombianos una supuesta pol\u00edtica de concertaci\u00f3n salarial, que es una\u2026","rel":"","context":"En \u00abTemas\u00bb","block_context":{"text":"Temas","link":"https:\/\/moir.com.co\/web\/category\/temas\/"},"img":{"alt_text":"","src":"","width":0,"height":0},"classes":[]},{"id":6213,"url":"https:\/\/moir.com.co\/web\/felices-pensiones\/","url_meta":{"origin":5136,"position":4},"title":"Felices pensiones","author":"admin","date":"enero 4, 2012","format":false,"excerpt":"Hay una costumbre inveterada de la oligarqu\u00eda de este pa\u00eds: recibir el a\u00f1o nuevo con costosas fiestas en clubes de post\u00edn; mensajes televisados con presidente a bordo, sonriendo como padre amant\u00edsimo de sus gobernados; y una cascada de alzas, medidas y anuncios, que en puridad de verdad deber\u00edan despertar a\u2026","rel":"","context":"En \u00abTemas\u00bb","block_context":{"text":"Temas","link":"https:\/\/moir.com.co\/web\/category\/temas\/"},"img":{"alt_text":"","src":"","width":0,"height":0},"classes":[]},{"id":14208,"url":"https:\/\/moir.com.co\/web\/un-minimo-manipulado\/","url_meta":{"origin":5136,"position":5},"title":"Un m\u00ednimo manipulado","author":"admin","date":"enero 9, 2018","format":false,"excerpt":"Jos\u00e9 Arlex Arias, Cartagena, enero 9 de 2018 El abucheo fuerte y consistente que los colombianos le asestaron al presidente Santos en Cartagena, cuando se desplazaba por el centro amurallado para asistir a una fiesta a despedir al a\u00f1o viejo y darle la bienvenida al 2018, retrata el sentimiento del\u2026","rel":"","context":"En \u00abEconom\u00eda\u00bb","block_context":{"text":"Econom\u00eda","link":"https:\/\/moir.com.co\/web\/category\/temas\/economia\/"},"img":{"alt_text":"","src":"https:\/\/i0.wp.com\/moir.com.co\/web\/wp-content\/uploads\/2017\/12\/salariominimo.png?fit=530%2C422&ssl=1&resize=350%2C200","width":350,"height":200,"srcset":"https:\/\/i0.wp.com\/moir.com.co\/web\/wp-content\/uploads\/2017\/12\/salariominimo.png?fit=530%2C422&ssl=1&resize=350%2C200 1x, https:\/\/i0.wp.com\/moir.com.co\/web\/wp-content\/uploads\/2017\/12\/salariominimo.png?fit=530%2C422&ssl=1&resize=525%2C300 1.5x"},"classes":[]}],"jetpack_sharing_enabled":true,"_links":{"self":[{"href":"https:\/\/moir.com.co\/web\/wp-json\/wp\/v2\/posts\/5136","targetHints":{"allow":["GET"]}}],"collection":[{"href":"https:\/\/moir.com.co\/web\/wp-json\/wp\/v2\/posts"}],"about":[{"href":"https:\/\/moir.com.co\/web\/wp-json\/wp\/v2\/types\/post"}],"author":[{"embeddable":true,"href":"https:\/\/moir.com.co\/web\/wp-json\/wp\/v2\/users\/1"}],"replies":[{"embeddable":true,"href":"https:\/\/moir.com.co\/web\/wp-json\/wp\/v2\/comments?post=5136"}],"version-history":[{"count":0,"href":"https:\/\/moir.com.co\/web\/wp-json\/wp\/v2\/posts\/5136\/revisions"}],"wp:attachment":[{"href":"https:\/\/moir.com.co\/web\/wp-json\/wp\/v2\/media?parent=5136"}],"wp:term":[{"taxonomy":"category","embeddable":true,"href":"https:\/\/moir.com.co\/web\/wp-json\/wp\/v2\/categories?post=5136"},{"taxonomy":"post_tag","embeddable":true,"href":"https:\/\/moir.com.co\/web\/wp-json\/wp\/v2\/tags?post=5136"}],"curies":[{"name":"wp","href":"https:\/\/api.w.org\/{rel}","templated":true}]}}