{"id":513,"date":"2004-08-09T07:00:00","date_gmt":"2004-08-09T07:00:00","guid":{"rendered":"https:\/\/moir.org.co\/web\/manifiesto-primero-de-mayo-2003\/"},"modified":"2004-08-09T07:00:00","modified_gmt":"2004-08-09T07:00:00","slug":"manifiesto-primero-de-mayo-2003","status":"publish","type":"post","link":"https:\/\/moir.com.co\/web\/manifiesto-primero-de-mayo-2003\/","title":{"rendered":"MANIFIESTO PRIMERO DE MAYO 2003"},"content":{"rendered":"<p>CUT, CGTD, CTC, CPC; abril 29 de 2003<\/p>\n<p>Hoy, tal vez con la mayor contundencia y amplitud de participaci\u00f3n de los \u00faltimos veinte a\u00f1os, los trabajadores y los pueblos del mundo celebran su fiesta internacional, la efem\u00e9rides que cada a\u00f1o se encarga de recordar que detr\u00e1s de cada derecho laboral, de cada avance social, de cada conquista popular, de cada reafirmaci\u00f3n de la soberan\u00eda nacional hay una estela de lucha, de sudor y de sacrificio que la sustenta y la hizo posible.<\/p>\n<p>Gigantescas manifestaciones y concentraciones en miles de ciudades del planeta condenar\u00e1n la globalizaci\u00f3n neoliberal, las recetas econ\u00f3micas de los organismos internacionales de cr\u00e9dito y la agresi\u00f3n militar de la alianza anglo-americana a la naci\u00f3n iraqu\u00ed. La mayor\u00eda de la humanidad, una vez m\u00e1s, premonitoriamente, hablar\u00e1 por 24 horas el mismo idioma de Tokio a Par\u00eds, de Sao Pablo a Se\u00fal, de M\u00e9xico a Bagdad.<\/p>\n<p>Millones y millones de personas en el mundo entero, que han comprendido a cabalidad la aut\u00e9ntica catadura de los se\u00f1ores de la guerra de Washington y de Londres y que la cruzada b\u00e9lica era por el control del petr\u00f3leo de Irak y del Golfo P\u00e9rsico, se movilizar\u00e1n denunciando a los invasores y expresando su solidaridad con el sufrido y heroico pueblo iraqu\u00ed.<\/p>\n<p>En nuestro particular caso, conmemoramos los 117 a\u00f1os del sacrificio de los h\u00e9roes de Chicago en la m\u00e1s prolongada y profunda crisis de nuestra historia republicana. La docena o m\u00e1s a\u00f1os de aplicaci\u00f3n del perverso modelo neoliberal impuesto para beneficio del inter\u00e9s for\u00e1neo y la penosa ruina de nuestra producci\u00f3n, arras\u00f3 con la riqueza nacional, el empleo y el nivel de vida de la poblaci\u00f3n.<\/p>\n<p>El gobierno de Uribe V\u00e9lez, lejos de rectificar el rumbo y prevalido del resultado electoral de mayo pasado, ha procedido \u201csin Dios ni ley\u201d contra la naci\u00f3n y el pueblo. Las llamadas reformas de \u201csegunda generaci\u00f3n\u201d &#8211; laboral, pensional, tributaria, del Estado y pol\u00edtica -, y el proyecto de ley que contiene el Plan Nacional de Desarrollo, y la vinculaci\u00f3n del pa\u00eds a un tratado bilateral de libre comercio o al ALCA, cumplen compromisos adquiridos en los sucesivos acuerdos con el Fondo Monetario Internacional, sepultar\u00e1n cualquier posibilidad seria de reactivaci\u00f3n econ\u00f3mica y pauperizar\u00e1n las masas laboriosas de la ciudad y del campo.<\/p>\n<p>Y la \u201cSeguridad Democr\u00e1tica\u201d, el segundo pilar del andamiaje oficial, lejos de traer al pa\u00eds el clima de tranquilidad y el cese de la violencia generalizada que la naci\u00f3n requiere para unirse y adelantar soberanamente el cambio de direcci\u00f3n pol\u00edtica y las transformaciones de fondo econ\u00f3micas y sociales que la gravedad de la hora exige, recortar\u00e1 a\u00fan m\u00e1s las libertades y los derechos de los ciudadanos con el vano prop\u00f3sito de restringir, silenciar y apagar la resistencia de millones de colombianos que no nos resignamos ni al ba\u00f1o de sangre, ni a la desintegraci\u00f3n de la naci\u00f3n, ni a la ocupaci\u00f3n militar extranjera.<\/p>\n<p>El Presidente de nuestro pa\u00eds, apuntalado por los principales medios masivos de comunicaci\u00f3n, como pincelada final de su cuestionada obra del primer a\u00f1o de gobierno, pretende que los colombianos aprueben, a trav\u00e9s de un Referendo, un severo complemento al ajuste fiscal que incluya la congelaci\u00f3n de salarios, el dr\u00e1stico recorte de la democracia en el ejercicio pol\u00edtico y, principalmente, el respaldo plebiscitario a una gesti\u00f3n gubernamental que sirva de base a la continuidad de tan abyecta pol\u00edtica. Pero, al Referendo oficial le sali\u00f3 al paso un contendor de peso: la Coalici\u00f3n Democr\u00e1tica por la Abstenci\u00f3n Activa, que integrada por las principales organizaciones sindicales, pol\u00edticas y sociales ha planteado al gobierno un pulso de fondo que puede concluir con la primera gran derrota del uribismo y con la oportunidad de construir un amplio frente de resistencia a las orientaciones neoliberales.<\/p>\n<p>La celebraci\u00f3n de este Primero de Mayo es incluyente, es unitaria. Re\u00fane las principales expresiones y corrientes patri\u00f3ticas que por m\u00e1s de una d\u00e9cada han soportado de pie la avalancha neoliberal, en medio de las condiciones nacionales e internacionales m\u00e1s adversas. Los cambios planetarios nos perfilan una nueva situaci\u00f3n internacional caracterizada por la consolidaci\u00f3n de la hegemon\u00eda estadounidense, la fractura del bloque de pa\u00edses desarrollados y un nuevo ascenso mundial de la lucha de masas contra la globalizaci\u00f3n imperialista. Los neoliberales de Washington y sus agentes criollos no tienen respuestas para las angustias de m\u00e1s de cuarenta millones de seres que reclaman pan, trabajo y libertad; aprovechemos sus dificultades y los nuevos vientos. \u00a1Un\u00e1monos para resistir!, \u00a1Un\u00e1monos para avanzar!, \u00a1Un\u00e1monos para transformar!<\/p>\n<p>\u00a1VIVA EL PRIMERO DE MAYO !<\/p>\n<p>\u00a1FUERA GRINGOS DE IRAK !<\/p>\n<p>\u00a1CONTRA EL REFERENDO, ABSTENCI\u00d3N ACTIVA CON MOVILIZACI\u00d3N SOCIAL !<\/p>\n<p>Fdo.<\/p>\n<p>CARLOS A. RODRIGUEZ DIAZ<br \/>\nPresidente Central Unitaria de Trabajadores (CUT)<\/p>\n<p>JULIO ROBERTO GOMEZ ESGUERRA<br \/>\nSecretario General Confederaci\u00f3n General de Trabajadores Democr\u00e1ticos (CGTD)<\/p>\n<p>APECIDES ALVIS FERNANDEZ<br \/>\nPresidente Confederaci\u00f3n de Trabajadores de Colombia (CTC)<\/p>\n<p>FORTUNATO LOZANO<br \/>\nPresidente Confederaci\u00f3n de Pensionados de Colombia (CPC)<\/p>\n","protected":false},"excerpt":{"rendered":"<p>CUT, CGTD, CTC, CPC; abril 29 de 2003 Hoy, tal vez con la mayor contundencia y amplitud de participaci\u00f3n de los \u00faltimos veinte a\u00f1os, los trabajadores y los pueblos del mundo celebran su fiesta internacional, la efem\u00e9rides que cada a\u00f1o se encarga de recordar que detr\u00e1s de cada derecho laboral, de cada avance social, de [&hellip;]<\/p>\n","protected":false},"author":1,"featured_media":0,"comment_status":"open","ping_status":"open","sticky":false,"template":"","format":"standard","meta":{"advanced_seo_description":"","jetpack_seo_html_title":"","jetpack_seo_noindex":false,"_jetpack_memberships_contains_paid_content":false,"footnotes":""},"categories":[7],"tags":[],"class_list":["post-513","post","type-post","status-publish","format-standard","hentry","category-pronunciamientos-de-organizaciones-sociales"],"jetpack_featured_media_url":"","jetpack-related-posts":[{"id":467,"url":"https:\/\/moir.com.co\/web\/encuentro-cafetero-en-suiza\/","url_meta":{"origin":513,"position":0},"title":"ENCUENTRO CAFETERO EN SUIZA","author":"admin","date":"agosto 9, 2004","format":false,"excerpt":"Unidad Cafetera Nacional, LA TARDE. Pereira, enero 10 de 2003 Con el fin de llegar a un acuerdo sobre los futuro desarrollo en la tarea de defender a los productores mundiales de caf\u00e9 ante las inicuas iniciativas adelantadas por las multinacionales en su contra, se efectuar\u00e1 entre el 13 y\u2026","rel":"","context":"En \u00abPronunciamientos de Organizaciones Sociales\u00bb","block_context":{"text":"Pronunciamientos de Organizaciones Sociales","link":"https:\/\/moir.com.co\/web\/category\/pronunciamientos-de-organizaciones-sociales\/"},"img":{"alt_text":"","src":"","width":0,"height":0},"classes":[]},{"id":361,"url":"https:\/\/moir.com.co\/web\/notas-criticas-a-las-estadisticas-de-empleo-en-colombia\/","url_meta":{"origin":513,"position":1},"title":"NOTAS CR\u00cdTICAS A LAS ESTAD\u00cdSTICAS DE EMPLEO EN COLOMBIA","author":"admin","date":"agosto 8, 2004","format":false,"excerpt":"No es f\u00e1cil hallar un laberinto te\u00f3rico m\u00e1s complejo que el que conlleva la definici\u00f3n de desempleo: \"la situaci\u00f3n del grupo de personas en edad de trabajar que en la actualidad no tienen empleo aun cuando se encuentran disponibles (no tienen limitaciones f\u00edsicas o mentales para ello) y han buscado\u2026","rel":"","context":"En \u00abTemas\u00bb","block_context":{"text":"Temas","link":"https:\/\/moir.com.co\/web\/category\/temas\/"},"img":{"alt_text":"","src":"","width":0,"height":0},"classes":[]},{"id":2337,"url":"https:\/\/moir.com.co\/web\/trasnacionales-europeas-se-parecen-cada-vez-mas-a-las-de-eu-dice-el-senador-robledo\/","url_meta":{"origin":513,"position":2},"title":"TRASNACIONALES EUROPEAS SE PARECEN CADA VEZ M\u00c1S A LAS DE EU, DICE EL SENADOR ROBLEDO","author":"admin","date":"mayo 13, 2008","format":false,"excerpt":"Oficina de Prensa, Senador Jorge Enrique Robledo, Lima, 13 de mayo de 2008 Durante el acto de instalaci\u00f3n de la Cumbre Social de los Pueblos, que cont\u00f3 con la asistencia de m\u00e1s de 1.500 personas en el teatro de la UNI, el senador Jorge Enrique Robledo manifest\u00f3 que lo que\u2026","rel":"","context":"En \u00abJorge Enrique Robledo\u00bb","block_context":{"text":"Jorge Enrique Robledo","link":"https:\/\/moir.com.co\/web\/category\/jorge-enrique-robledo\/"},"img":{"alt_text":"","src":"","width":0,"height":0},"classes":[]},{"id":465,"url":"https:\/\/moir.com.co\/web\/comienza-la-represion\/","url_meta":{"origin":513,"position":3},"title":"\u00bfCOMIENZA LA REPRESI\u00d3N?","author":"admin","date":"agosto 9, 2004","format":false,"excerpt":"Apolinar D\u00edaz \u2013 Callejas, El Heraldo, Barranquilla, enero 13 de 2003 El gobierno del presidente Uribe V\u00e9lez, desde su inicio y en el vocabulario oficial, mostr\u00f3 claras tendencias autoritarias que indicaron la posibilidad de un retorno a las pr\u00e1cticas del Estatuto de Seguridad de la \u00e9poca del doctor Turbay Ayala,\u2026","rel":"","context":"En \u00abPronunciamientos de Organizaciones Sociales\u00bb","block_context":{"text":"Pronunciamientos de Organizaciones Sociales","link":"https:\/\/moir.com.co\/web\/category\/pronunciamientos-de-organizaciones-sociales\/"},"img":{"alt_text":"","src":"","width":0,"height":0},"classes":[]},{"id":523,"url":"https:\/\/moir.com.co\/web\/circular-urgente-del-comando-nacional-unitario\/","url_meta":{"origin":513,"position":4},"title":"CIRCULAR URGENTE DEL COMANDO NACIONAL UNITARIO","author":"admin","date":"agosto 10, 2004","format":false,"excerpt":"Junio 13 de 2003 Fraternal saludo En reuni\u00f3n extraordinaria del Comando Nacional Unitario CNU, realizada en la fecha, en la sede sindical de la USTC, teniendo en cuenta la agresiva pol\u00edtica y decisi\u00f3n del Gobierno del doctor ALVARO URIBE VELEZ, frente a los trabajadores de TELECOM, la militarizaci\u00f3n de sus\u2026","rel":"","context":"En \u00abPronunciamientos de Organizaciones Sociales\u00bb","block_context":{"text":"Pronunciamientos de Organizaciones Sociales","link":"https:\/\/moir.com.co\/web\/category\/pronunciamientos-de-organizaciones-sociales\/"},"img":{"alt_text":"","src":"","width":0,"height":0},"classes":[]},{"id":364,"url":"https:\/\/moir.com.co\/web\/estadisticas-para-la-reeleccion\/","url_meta":{"origin":513,"position":5},"title":"\u00bfESTAD\u00cdSTICAS PARA LA REELECCI\u00d3N?","author":"admin","date":"agosto 8, 2004","format":false,"excerpt":"Cada vez se cuestionan con mayor rigor los anuncios del DANE. Los reportes mensuales de empleo, sin respaldo en la vida diaria de los colombianos, son puestos en tela de juicio en forma permanente. Con relaci\u00f3n al de 2003, ante las glosas venidas desde varias fuentes, dicha entidad corri\u00f3 a\u2026","rel":"","context":"En \u00abTemas\u00bb","block_context":{"text":"Temas","link":"https:\/\/moir.com.co\/web\/category\/temas\/"},"img":{"alt_text":"","src":"","width":0,"height":0},"classes":[]}],"jetpack_sharing_enabled":true,"_links":{"self":[{"href":"https:\/\/moir.com.co\/web\/wp-json\/wp\/v2\/posts\/513","targetHints":{"allow":["GET"]}}],"collection":[{"href":"https:\/\/moir.com.co\/web\/wp-json\/wp\/v2\/posts"}],"about":[{"href":"https:\/\/moir.com.co\/web\/wp-json\/wp\/v2\/types\/post"}],"author":[{"embeddable":true,"href":"https:\/\/moir.com.co\/web\/wp-json\/wp\/v2\/users\/1"}],"replies":[{"embeddable":true,"href":"https:\/\/moir.com.co\/web\/wp-json\/wp\/v2\/comments?post=513"}],"version-history":[{"count":0,"href":"https:\/\/moir.com.co\/web\/wp-json\/wp\/v2\/posts\/513\/revisions"}],"wp:attachment":[{"href":"https:\/\/moir.com.co\/web\/wp-json\/wp\/v2\/media?parent=513"}],"wp:term":[{"taxonomy":"category","embeddable":true,"href":"https:\/\/moir.com.co\/web\/wp-json\/wp\/v2\/categories?post=513"},{"taxonomy":"post_tag","embeddable":true,"href":"https:\/\/moir.com.co\/web\/wp-json\/wp\/v2\/tags?post=513"}],"curies":[{"name":"wp","href":"https:\/\/api.w.org\/{rel}","templated":true}]}}