{"id":512,"date":"2004-08-09T07:00:00","date_gmt":"2004-08-09T07:00:00","guid":{"rendered":"https:\/\/moir.org.co\/web\/cumplimos-los-trabajadores-al-sacar-un-millon-de-colombianos-el-1o-de-mayo-de-2003\/"},"modified":"2004-08-09T07:00:00","modified_gmt":"2004-08-09T07:00:00","slug":"cumplimos-los-trabajadores-al-sacar-un-millon-de-colombianos-el-1o-de-mayo-de-2003","status":"publish","type":"post","link":"https:\/\/moir.com.co\/web\/cumplimos-los-trabajadores-al-sacar-un-millon-de-colombianos-el-1o-de-mayo-de-2003\/","title":{"rendered":"CUMPLIMOS LOS TRABAJADORES AL SACAR UN MILL\u00d3N DE COLOMBIANOS EL 1\u00ba DE MAYO DE 2003"},"content":{"rendered":"<p>Central Unitaria de Trabajadores -CUT-, mayo 2 de 2003<\/p>\n<p>El Comit\u00e9 Ejecutivo de la CUT, expresa su reconocimiento a la dirigencia y a los trabajadores por haber acogido la convocatoria y asumido el compromiso en el trabajo de sacar a las calles el 1\u00ba de mayo m\u00e1s de un mill\u00f3n de trabajadores \u201ccomo lo ha reconocido el peri\u00f3dico el tiempo, en su edici\u00f3n del 2 de mayo \u201d. Esta demostraci\u00f3n de fuerza y de entusiasmo en contra de la pol\u00edtica neoliberal expresadas en las reformas y el referendo, es el pre\u00e1mbulo de que vendr\u00e1n nuevos vientos de acci\u00f3n y de fortalecimiento de la protesta social y sindical.<\/p>\n<p>Este potencial expresado el 1\u00ba de mayo debemos multiplicarlo, porque ello es la base fundamental no s\u00f3lo para enfrentar y resistir las pol\u00edticas de arrasamiento de conquistas y derechos impuestas por el FMI, sino que se convierte en la fuerza abstencionista que derrotar\u00e1 el referendo fiscalista y neoliberal del gobierno.<\/p>\n<p>Compa\u00f1eros(as) el trabajo contin\u00faa, no podemos detenernos, entre todos podemos seguir potenciando las futuras luchas, en el marco del desarrollo y concreci\u00f3n del plan estrat\u00e9gico de la CUT.<\/p>\n<p>Atentamente,<\/p>\n<p>CARLOS A. RODR\u00cdGUEZ<br \/>\nPresidente<\/p>\n<p>BORIS MONTES DE OCA<br \/>\nSecretario General<\/p>\n","protected":false},"excerpt":{"rendered":"<p>Central Unitaria de Trabajadores -CUT-, mayo 2 de 2003 El Comit\u00e9 Ejecutivo de la CUT, expresa su reconocimiento a la dirigencia y a los trabajadores por haber acogido la convocatoria y asumido el compromiso en el trabajo de sacar a las calles el 1\u00ba de mayo m\u00e1s de un mill\u00f3n de trabajadores \u201ccomo lo ha [&hellip;]<\/p>\n","protected":false},"author":1,"featured_media":0,"comment_status":"open","ping_status":"open","sticky":false,"template":"","format":"standard","meta":{"advanced_seo_description":"","jetpack_seo_html_title":"","jetpack_seo_noindex":false,"_jetpack_memberships_contains_paid_content":false,"footnotes":""},"categories":[7],"tags":[],"class_list":["post-512","post","type-post","status-publish","format-standard","hentry","category-pronunciamientos-de-organizaciones-sociales"],"jetpack_featured_media_url":"","jetpack-related-posts":[{"id":513,"url":"https:\/\/moir.com.co\/web\/manifiesto-primero-de-mayo-2003\/","url_meta":{"origin":512,"position":0},"title":"MANIFIESTO PRIMERO DE MAYO 2003","author":"admin","date":"agosto 9, 2004","format":false,"excerpt":"CUT, CGTD, CTC, CPC; abril 29 de 2003 Hoy, tal vez con la mayor contundencia y amplitud de participaci\u00f3n de los \u00faltimos veinte a\u00f1os, los trabajadores y los pueblos del mundo celebran su fiesta internacional, la efem\u00e9rides que cada a\u00f1o se encarga de recordar que detr\u00e1s de cada derecho laboral,\u2026","rel":"","context":"En \u00abPronunciamientos de Organizaciones Sociales\u00bb","block_context":{"text":"Pronunciamientos de Organizaciones Sociales","link":"https:\/\/moir.com.co\/web\/category\/pronunciamientos-de-organizaciones-sociales\/"},"img":{"alt_text":"","src":"","width":0,"height":0},"classes":[]},{"id":12325,"url":"https:\/\/moir.com.co\/web\/declaracion-politica-de-los-sindicatos-del-sector-estatal\/","url_meta":{"origin":512,"position":1},"title":"Declaraci\u00f3n Pol\u00edtica de los sindicatos del sector estatal","author":"admin","date":"mayo 8, 2017","format":false,"excerpt":"Bogot\u00e1, mayo 8 de 2017 El pa\u00eds atraviesa una aguda crisis social, econ\u00f3mica y pol\u00edtica, fruto de la imposici\u00f3n de la pol\u00edtica econ\u00f3mica de los organismos internacionales como el Banco Mundial, el Fondo Monetario Internacional, y \u00faltimamente la OCDE, quienes en \u00faltima instancia son los que definen la pol\u00edtica econ\u00f3mica\u2026","rel":"","context":"En \u00abBogot\u00e1\u00bb","block_context":{"text":"Bogot\u00e1","link":"https:\/\/moir.com.co\/web\/category\/temas\/bogota\/"},"img":{"alt_text":"","src":"https:\/\/i0.wp.com\/moir.com.co\/web\/wp-content\/uploads\/2016\/12\/maestroscalle26.jpg?fit=555%2C370&ssl=1&resize=350%2C200","width":350,"height":200,"srcset":"https:\/\/i0.wp.com\/moir.com.co\/web\/wp-content\/uploads\/2016\/12\/maestroscalle26.jpg?fit=555%2C370&ssl=1&resize=350%2C200 1x, https:\/\/i0.wp.com\/moir.com.co\/web\/wp-content\/uploads\/2016\/12\/maestroscalle26.jpg?fit=555%2C370&ssl=1&resize=525%2C300 1.5x"},"classes":[]},{"id":4468,"url":"https:\/\/moir.com.co\/web\/la-cut-y-la-coyuntura-nacional\/","url_meta":{"origin":512,"position":2},"title":"La CUT y la coyuntura nacional","author":"admin","date":"junio 12, 2010","format":false,"excerpt":"La Central Unitaria de Trabajadores de Colombia CUT con respecto a la coyuntura pol\u00edtica nacional signada por la sistem\u00e1tica intervenci\u00f3n del presidente de la rep\u00fablica a favor de su candidato Juan Manuel Santos y su formula vicepresidencial Angelino Garz\u00f3n; por los ataques a las decisiones soberanas de la Rama Judicial\u2026","rel":"","context":"En \u00abPronunciamientos de Organizaciones Sociales\u00bb","block_context":{"text":"Pronunciamientos de Organizaciones Sociales","link":"https:\/\/moir.com.co\/web\/category\/pronunciamientos-de-organizaciones-sociales\/"},"img":{"alt_text":"","src":"","width":0,"height":0},"classes":[]},{"id":5657,"url":"https:\/\/moir.com.co\/web\/pronunciamiento-de-la-cut-frente-a-la-carta-acuerdo-laboral\/","url_meta":{"origin":512,"position":3},"title":"Pronunciamiento de la CUT frente a la Carta Acuerdo Laboral","author":"admin","date":"mayo 28, 2011","format":false,"excerpt":"La Central Unitaria de Trabajadores de Colombia, CUT, informa y comunica a los trabajadores, sectores sociales y opini\u00f3n p\u00fablica nacional e internacional, que nunca ha negado el di\u00e1logo y la concertaci\u00f3n, siempre y cuando, \u00e9sta sea fruto del entendimiento entre las partes y no a conveniencia de las pol\u00edticas gubernamentales,\u2026","rel":"","context":"En \u00abPronunciamientos de Organizaciones Sociales\u00bb","block_context":{"text":"Pronunciamientos de Organizaciones Sociales","link":"https:\/\/moir.com.co\/web\/category\/pronunciamientos-de-organizaciones-sociales\/"},"img":{"alt_text":"","src":"","width":0,"height":0},"classes":[]},{"id":20899,"url":"https:\/\/moir.com.co\/web\/1-de-mayo-contra-samper-y-el-pacto-social-el-proletariado-lleno-la-plaza-de-bolivar\/","url_meta":{"origin":512,"position":4},"title":"1\u00b0. de Mayo: CONTRA SAMPER Y EL &#8220;PACTO SOCIAL&#8221;, EL PROLETARIADO LLEN\u00d3 LA PLAZA DE BOL\u00cdVAR","author":"admin","date":"mayo 1, 2005","format":false,"excerpt":"Convocados por la CGTD, miles de obreros se concentraron a partir de las 9 de la ma\u00f1ana en la Plaza de Toros para iniciar una combativa marcha hacia la Plaza de Bol\u00edvar, coreando consignas de denuncia contra la pol\u00edtica econ\u00f3mica y laboral de Samper y especialmente contra su mentiroso \"pacto\u2026","rel":"","context":"En \u00abTribuna Roja N\u00b0 59, Bogot\u00e1; mayo 18 de 1995\u00bb","block_context":{"text":"Tribuna Roja N\u00b0 59, Bogot\u00e1; mayo 18 de 1995","link":"https:\/\/moir.com.co\/web\/category\/tribuna-roja\/ediciones-1995-1999\/tribuna-roja-n-59-bogota-mayo-18-de-1995\/"},"img":{"alt_text":"","src":"","width":0,"height":0},"classes":[]},{"id":12367,"url":"https:\/\/moir.com.co\/web\/apoyamos-y-promovemos-los-paros-del-magisterio-y-los-trabajadores-estatales\/","url_meta":{"origin":512,"position":5},"title":"Apoyamos y promovemos los paros del Magisterio y los Trabajadores Estatales","author":"admin","date":"mayo 11, 2017","format":false,"excerpt":"Bogot\u00e1, mayo 10 de 2017 Con la participaci\u00f3n de las tres centrales obreras, Central Unitaria de Trabajadores \u2013CUT-, Confederaci\u00f3n General del Trabajo- CGT-, Confederaci\u00f3n de Trabajadores de Colombia \u2013CTC-, y la Federaci\u00f3n Colombiana de Trabajadores de la Educaci\u00f3n -FECODE, se desarroll\u00f3 una amplia reuni\u00f3n en el d\u00eda de hoy, para\u2026","rel":"","context":"En \u00abEconom\u00eda\u00bb","block_context":{"text":"Econom\u00eda","link":"https:\/\/moir.com.co\/web\/category\/temas\/economia\/"},"img":{"alt_text":"","src":"https:\/\/i0.wp.com\/moir.com.co\/web\/wp-content\/uploads\/2017\/04\/cut.jpg?fit=341%2C200&ssl=1&resize=350%2C200","width":350,"height":200},"classes":[]}],"jetpack_sharing_enabled":true,"_links":{"self":[{"href":"https:\/\/moir.com.co\/web\/wp-json\/wp\/v2\/posts\/512","targetHints":{"allow":["GET"]}}],"collection":[{"href":"https:\/\/moir.com.co\/web\/wp-json\/wp\/v2\/posts"}],"about":[{"href":"https:\/\/moir.com.co\/web\/wp-json\/wp\/v2\/types\/post"}],"author":[{"embeddable":true,"href":"https:\/\/moir.com.co\/web\/wp-json\/wp\/v2\/users\/1"}],"replies":[{"embeddable":true,"href":"https:\/\/moir.com.co\/web\/wp-json\/wp\/v2\/comments?post=512"}],"version-history":[{"count":0,"href":"https:\/\/moir.com.co\/web\/wp-json\/wp\/v2\/posts\/512\/revisions"}],"wp:attachment":[{"href":"https:\/\/moir.com.co\/web\/wp-json\/wp\/v2\/media?parent=512"}],"wp:term":[{"taxonomy":"category","embeddable":true,"href":"https:\/\/moir.com.co\/web\/wp-json\/wp\/v2\/categories?post=512"},{"taxonomy":"post_tag","embeddable":true,"href":"https:\/\/moir.com.co\/web\/wp-json\/wp\/v2\/tags?post=512"}],"curies":[{"name":"wp","href":"https:\/\/api.w.org\/{rel}","templated":true}]}}