{"id":5117,"date":"2010-12-11T22:54:53","date_gmt":"2010-12-11T22:54:53","guid":{"rendered":"https:\/\/moir.org.co\/web\/cierre-cop16-cancun-decepciona-a-los-pueblos-del-mundo\/"},"modified":"2010-12-11T22:54:53","modified_gmt":"2010-12-11T22:54:53","slug":"cierre-cop16-cancun-decepciona-a-los-pueblos-del-mundo","status":"publish","type":"post","link":"https:\/\/moir.com.co\/web\/cierre-cop16-cancun-decepciona-a-los-pueblos-del-mundo\/","title":{"rendered":"Cierre COP16: Canc\u00fan decepciona a los pueblos del mundo"},"content":{"rendered":"<p>En la madrugada de hoy 11 de diciembre de 2010 se anunci\u00f3 la existencia de un acuerdo en las negociaciones de la COP16, sin embargo, este texto no constituye ning\u00fan avance, por el contrario, implica la adopci\u00f3n formal del llamado \u201cAcuerdo de Copenhague\u201d, evadiendo por completo la b\u00fasqueda de soluciones reales a la crisis clim\u00e1tica.<\/p>\n<p>En relaci\u00f3n con el proceso, aunque se habla de un rescate del multilateralismo, la aprobaci\u00f3n fue lograda a trav\u00e9s de negociaciones en grupos peque\u00f1os y reuniones informales, que facilitaron la divisi\u00f3n de los pa\u00edses m\u00e1s pobres, usando mecanismos financieros para convencerlos de cambiar su posici\u00f3n. Este proceso lejos de ser democr\u00e1tico, reprodujo los esquemas de negociaci\u00f3n de la OMC, donde la voluntad de unos pocos se impone sobre las necesidades de la poblaci\u00f3n mundial.<\/p>\n<p>En cuanto a los contenidos del acuerdo, no responden a la urgencia de reducir las emisiones de gases de efecto invernadero para frenar los fen\u00f3menos clim\u00e1ticos extremos que afectan a la humanidad y ya han causado miles de muertes. Aunque se menciona la adopci\u00f3n de un segundo per\u00edodo de compromisos del Protocolo de Kyoto, no se explicitan fechas ni mecanismos para que ello ocurra y se incluye solamente la adopci\u00f3n de compromisos voluntarios. En consecuencia, las reducciones de gases que se adopten ser\u00e1n definidas por la voluntad de los pa\u00edses y no por una meta com\u00fan global. En Canc\u00fan se demostr\u00f3 que los pa\u00edses del norte no est\u00e1n dispuestos a reducir sustancialmente sus emisiones.<\/p>\n<p>La meta aprobada de aumento de la temperatura promedio global es de 2\u00b0C, la misma que hab\u00eda sido presentada en el llamado \u201cAcuerdo de Copenhague\u201d y que fue rechazada por ser insuficiente para evitar la desaparici\u00f3n de regiones enteras. A pesar de ello, ayer este l\u00edmite fue aprobado. Adem\u00e1s de ser insuficiente, no hay compromisos que garanticen su cumplimiento, con los ofrecimientos voluntarios se llegar\u00eda a un aumento de 5\u00b0C. Con esta meta se pone en riesgo la existencia de algunas islas y en menos de un siglo, la sobrevivencia misma de la humanidad.<\/p>\n<p>El texto incluye la creaci\u00f3n de mecanismos de flexibilizaci\u00f3n y compensaci\u00f3n para que los pa\u00edses puedan cumplir con sus compromisos de reducci\u00f3n, esto no es m\u00e1s que la creaci\u00f3n de nuevos mecanismos de mercado. Es la extensi\u00f3n de la l\u00f3gica de la especulaci\u00f3n financiera a las soluciones del clima, que hasta ahora s\u00f3lo ha generado aumento de ganancias y ninguna reducci\u00f3n real de las emisiones.<\/p>\n<p>En relaci\u00f3n con financiamiento, aunque se aprob\u00f3 la creaci\u00f3n de un fondo global, no est\u00e1n garantizados los recursos, su origen ni la forma de implementarlos, el monto ofrecido es insuficiente para enfrentar realmente las consecuencias de la crisis clim\u00e1tica. Aunque no se hizo expl\u00edcito, pa\u00edses como EE.UU. expresaron el inter\u00e9s de que el Banco Mundial coordine ese fondo. El mismo Banco Mundial que ha promovido proyectos extractivos y contaminantes, ha generado el endeudamiento de los pa\u00edses del Sur y ha fomentado el modelo neoliberal en todo el mundo, ahora aparece como el encargado de buscar soluciones reales al cambio clim\u00e1tico.<\/p>\n<p>A pesar de las reiteradas cr\u00edticas a las propuestas sobre bosques, el texto s\u00f3lo incluye consideraciones financieras sobre el manejo de los mismos, se avanza cada vez m\u00e1s en los mecanismos de mercado y se desconocen los derechos de las comunidades sobre sus territorios. Los bosques son mercantilizados, al considerarlos como \u201csumideros de carbono\u201d. En relaci\u00f3n con transferencia tecnol\u00f3gica, se eliminaron del texto las referencias a la eliminaci\u00f3n de los derechos de propiedad intelectual para el desarrollo de tecnolog\u00edas alternativas y sustentables.<\/p>\n<p>Bolivia hab\u00eda presentado propuestas que recog\u00edan las discusiones de los pueblos y organizaciones sociales, estas propuestas fueron ignoradas, no se hace menci\u00f3n a los derechos de la naturaleza ni a un tribunal vinculante de justicia clim\u00e1tica. No existe ning\u00fan mecanismo para juzgar a los culpables del cambio clim\u00e1tico y de las falsas soluciones, por el contrario, ahora tienen un marco jur\u00eddico para mantener su nivel de emisiones y reproducir los esquemas financieros de mercados de carbono.<\/p>\n<p>Los gobiernos del mundo estaban en la obligaci\u00f3n de buscar soluciones a la crisis y ofrecer respuestas para garantizar la sobrevivencia de la humanidad y no fueron capaces de hacerlo, el resultado de las negociaciones muestra que la l\u00f3gica de la ganancia est\u00e1 por encima de la vida y el planeta.<\/p>\n","protected":false},"excerpt":{"rendered":"<p>En la madrugada de hoy 11 de diciembre de 2010 se anunci\u00f3 la existencia de un acuerdo en las negociaciones de la COP16, sin embargo, este texto no constituye ning\u00fan avance, por el contrario, implica la adopci\u00f3n formal del llamado \u201cAcuerdo de Copenhague\u201d, evadiendo por completo la b\u00fasqueda de soluciones reales a la crisis clim\u00e1tica. [&hellip;]<\/p>\n","protected":false},"author":1,"featured_media":0,"comment_status":"open","ping_status":"open","sticky":false,"template":"","format":"standard","meta":{"advanced_seo_description":"","jetpack_seo_html_title":"","jetpack_seo_noindex":false,"_jetpack_memberships_contains_paid_content":false,"footnotes":""},"categories":[7],"tags":[],"class_list":["post-5117","post","type-post","status-publish","format-standard","hentry","category-pronunciamientos-de-organizaciones-sociales"],"jetpack_featured_media_url":"","jetpack-related-posts":[{"id":7446,"url":"https:\/\/moir.com.co\/web\/el-polo-ratifica-respaldo-al-proceso-de-paz\/","url_meta":{"origin":5117,"position":0},"title":"El Polo ratifica respaldo al proceso de paz","author":"admin","date":"abril 5, 2013","format":false,"excerpt":"Exhorta a no confundir apoyo a la paz con apoyo a la reelecci\u00f3n. La construcci\u00f3n de la paz en Colombia tiene hoy como centro las negociaciones entre el Gobierno y las Farc orientadas a concretar acuerdos para ponerle fin al conflicto interno del pa\u00eds y debe incluir alternativas con el\u2026","rel":"","context":"En \u00abPolo Democr\u00e1tico Alternativo\u00bb","block_context":{"text":"Polo Democr\u00e1tico Alternativo","link":"https:\/\/moir.com.co\/web\/category\/polo-democratico-alternativo\/"},"img":{"alt_text":"","src":"","width":0,"height":0},"classes":[]},{"id":10769,"url":"https:\/\/moir.com.co\/web\/persistamos-en-la-necesidad-de-la-busqueda-de-un-acuerdo-de-paz\/","url_meta":{"origin":5117,"position":1},"title":"Persistamos en la necesidad de la b\u00fasqueda de un acuerdo de paz","author":"admin","date":"octubre 25, 2016","format":false,"excerpt":"El\u00edas Fonseca Cortina, Director Departamento de Comunicaciones CUT, Informativo CUT, Bogot\u00e1, octubre de 2016 El pasado domingo 2 de octubre se llev\u00f3 a cabo la votaci\u00f3n para definir la suerte del acuerdo firmado entre el gobierno colombiano y las FARC-EP, el resultado final dio ganador al NO, con el 50,21\u2026","rel":"","context":"En \u00abPol\u00edtica\u00bb","block_context":{"text":"Pol\u00edtica","link":"https:\/\/moir.com.co\/web\/category\/temas\/politica\/"},"img":{"alt_text":"","src":"https:\/\/i0.wp.com\/moir.com.co\/web\/wp-content\/uploads\/2016\/10\/plebiscitosipolo.jpg?fit=960%2C960&ssl=1&resize=350%2C200","width":350,"height":200,"srcset":"https:\/\/i0.wp.com\/moir.com.co\/web\/wp-content\/uploads\/2016\/10\/plebiscitosipolo.jpg?fit=960%2C960&ssl=1&resize=350%2C200 1x, https:\/\/i0.wp.com\/moir.com.co\/web\/wp-content\/uploads\/2016\/10\/plebiscitosipolo.jpg?fit=960%2C960&ssl=1&resize=525%2C300 1.5x, https:\/\/i0.wp.com\/moir.com.co\/web\/wp-content\/uploads\/2016\/10\/plebiscitosipolo.jpg?fit=960%2C960&ssl=1&resize=700%2C400 2x"},"classes":[]},{"id":3565,"url":"https:\/\/moir.com.co\/web\/sindicatos-ue-creen-acuerdo-con-colombia-y-peru-no-recogera-derecho-laboral\/","url_meta":{"origin":5117,"position":2},"title":"Sindicatos UE creen acuerdo con Colombia y Per\u00fa no recoger\u00e1 derecho laboral","author":"admin","date":"septiembre 21, 2009","format":false,"excerpt":"La Confederaci\u00f3n Europea de Sindicatos (CES) se ha manifestado hoy en contra de las negociaciones comerciales que lleva a cabo esta semana en Bruselas la Comisi\u00f3n Europea con Colombia y Per\u00fa, al considerar que un mero tratado de libre comercio no tendr\u00e1 en cuenta los derechos de los trabajadores. La\u2026","rel":"","context":"En \u00ab\u00a1No a los TLC y al ALCA!\u00bb","block_context":{"text":"\u00a1No a los TLC y al ALCA!","link":"https:\/\/moir.com.co\/web\/category\/temas\/no-a-los-tlc-y-al-alca\/"},"img":{"alt_text":"","src":"","width":0,"height":0},"classes":[]},{"id":7567,"url":"https:\/\/moir.com.co\/web\/informe-de-tribuna-magisterial-sobre-la-junta-nacional-de-fecode\/","url_meta":{"origin":5117,"position":3},"title":"Informe de Tribuna Magisterial sobre la Junta Nacional  de Fecode","author":"admin","date":"mayo 18, 2013","format":false,"excerpt":"La Junta Directiva Nacional se reuni\u00f3 hoy 16 de mayo con el fin exclusivo de hacer un balance del proceso de negociaci\u00f3n del Pliego Nacional de Peticiones presentado al gobierno el 20 de marzo y sobre esa base tomar determinaciones relativas al plan de acci\u00f3n del magisterio. El informe rendido\u2026","rel":"","context":"En \u00abTribuna Magisterial\u00bb","block_context":{"text":"Tribuna Magisterial","link":"https:\/\/moir.com.co\/web\/category\/tribuna-magisterial\/"},"img":{"alt_text":"","src":"","width":0,"height":0},"classes":[]},{"id":983,"url":"https:\/\/moir.com.co\/web\/estamos-negociando-con-piratas\/","url_meta":{"origin":5117,"position":4},"title":"&#8220;ESTAMOS NEGOCIANDO CON PIRATAS&#8221;","author":"admin","date":"agosto 28, 2004","format":false,"excerpt":"\"Estamos negociando con un pirata\". Esa es la afirmaci\u00f3n que lanz\u00f3 Aurelio Su\u00e1rez Montoya al pregunt\u00e1rsele por el acuerdo comercial que adelanta Colombia con Estados Unidos. El presidente de Unidad Cafetera apoy\u00f3 su tesis en que es evidente el inter\u00e9s de la potencia en aspectos como propiedad intelectual y biodiversidad;\u2026","rel":"","context":"En \u00ab\u00a1No a los TLC y al ALCA!\u00bb","block_context":{"text":"\u00a1No a los TLC y al ALCA!","link":"https:\/\/moir.com.co\/web\/category\/temas\/no-a-los-tlc-y-al-alca\/"},"img":{"alt_text":"","src":"","width":0,"height":0},"classes":[]},{"id":7750,"url":"https:\/\/moir.com.co\/web\/la-farsa-del-libre-comercio\/","url_meta":{"origin":5117,"position":5},"title":"La farsa del libre comercio","author":"admin","date":"julio 22, 2013","format":false,"excerpt":"\u201cEn las negociaciones comerciales, como las que est\u00e1n iniciando la UE y EE.UU., los intereses mercantiles suelen imponerse sobre los intereses de la ciudadan\u00eda\u201d Aunque la Ronda de Doha de la OMC para negociaciones comerciales mundiales no dio ning\u00fan resultado desde su inicio hace doce a\u00f1os, se est\u00e1 preparando otra\u2026","rel":"","context":"En \u00abRevista de Prensa\u00bb","block_context":{"text":"Revista de Prensa","link":"https:\/\/moir.com.co\/web\/category\/prensa\/revista-de-prensa\/"},"img":{"alt_text":"","src":"","width":0,"height":0},"classes":[]}],"jetpack_sharing_enabled":true,"_links":{"self":[{"href":"https:\/\/moir.com.co\/web\/wp-json\/wp\/v2\/posts\/5117","targetHints":{"allow":["GET"]}}],"collection":[{"href":"https:\/\/moir.com.co\/web\/wp-json\/wp\/v2\/posts"}],"about":[{"href":"https:\/\/moir.com.co\/web\/wp-json\/wp\/v2\/types\/post"}],"author":[{"embeddable":true,"href":"https:\/\/moir.com.co\/web\/wp-json\/wp\/v2\/users\/1"}],"replies":[{"embeddable":true,"href":"https:\/\/moir.com.co\/web\/wp-json\/wp\/v2\/comments?post=5117"}],"version-history":[{"count":0,"href":"https:\/\/moir.com.co\/web\/wp-json\/wp\/v2\/posts\/5117\/revisions"}],"wp:attachment":[{"href":"https:\/\/moir.com.co\/web\/wp-json\/wp\/v2\/media?parent=5117"}],"wp:term":[{"taxonomy":"category","embeddable":true,"href":"https:\/\/moir.com.co\/web\/wp-json\/wp\/v2\/categories?post=5117"},{"taxonomy":"post_tag","embeddable":true,"href":"https:\/\/moir.com.co\/web\/wp-json\/wp\/v2\/tags?post=5117"}],"curies":[{"name":"wp","href":"https:\/\/api.w.org\/{rel}","templated":true}]}}