{"id":510,"date":"2004-08-09T07:00:00","date_gmt":"2004-08-09T07:00:00","guid":{"rendered":"https:\/\/moir.org.co\/web\/conferencia-sobre-el-alca-en-santa-marta-y-debate-televisivo-por-senal-colombia\/"},"modified":"2004-08-09T07:00:00","modified_gmt":"2004-08-09T07:00:00","slug":"conferencia-sobre-el-alca-en-santa-marta-y-debate-televisivo-por-senal-colombia","status":"publish","type":"post","link":"https:\/\/moir.com.co\/web\/conferencia-sobre-el-alca-en-santa-marta-y-debate-televisivo-por-senal-colombia\/","title":{"rendered":"CONFERENCIA SOBRE EL ALCA EN SANTA MARTA Y DEBATE TELEVISIVO POR SE\u00d1AL COLOMBIA"},"content":{"rendered":"<p>La Asociaci\u00f3n Nacional por la Salvaci\u00f3n Agropecuaria viene realizando por toda la geograf\u00eda nacional una serie de foros y conferencias sobre las graves consecuencias que traer\u00eda para el pa\u00eds su inclusi\u00f3n en el \u00c1rea de Libre Comercio de las Am\u00e9ricas (ALCA), como lo pretende hacer el gobierno nacional sin consultar a los sectores productivos ni con las fuerzas vivas de la sociedad colombiana. El efecto de dicho proceder ser\u00eda el arrasamiento de lo poco que queda en pie del agro y de la industria despu\u00e9s de trece largos a\u00f1os de la aplicaci\u00f3n del modelo neoliberal, as\u00ed como la p\u00e9rdida de la soberan\u00eda nacional en asuntos de investigaci\u00f3n, compras estatales, propiedad intelectual, entre otros. <\/p>\n<p>En este sentido la Asociaci\u00f3n por la Salvaci\u00f3n Agropecuaria invita a los distintos sectores sociales del distrito de Santa Marta a dos importantes eventos relacionados con esta materia. <\/p>\n<p> Conferencia sobre los efectos lesivos de la inclusi\u00f3n de Colombia en el ALCA, la cual se realizar\u00e1 este lunes 28 de abril a las 9 y 30 de la ma\u00f1ana en el sal\u00f3n de actos de la Asociaci\u00f3n Departamental de Pensionados por el Seguro Social, calle 13 No 6-12, Santa Marta. Esta charla ser\u00e1 dictada por el ingeniero agr\u00f3nomo Hern\u00e1n P\u00e9rez Zapata, presidente de la Asociaci\u00f3n Colombiana de Ingenieros Agr\u00f3nomos (ACIA). <\/p>\n<p>Debate sobre el agro y el ALCA que se originar\u00e1 en la Comisi\u00f3n V del Senado de la Rep\u00fablica con la participaci\u00f3n de varios parlamentarios, ministros del gobierno nacional y dirigentes del agro colombiano. Este debate ser\u00e1 transmitido por el canal de televisi\u00f3n Se\u00f1al Colombia el martes 29 de abril a partir de la nueve de la ma\u00f1ana. <\/p>\n<p>ASOCIACI\u00d3N NACIONAL POR LA SALVACI\u00d3N AGROPECUARIA, SECCIONAL MAGDALENA <\/p>\n<p>Nilba Caama\u00f1o Rocha<br \/>\nSecretaria<\/p>\n<p>Santa Marta, DTCH, abril 25 de 2003 <\/p>\n","protected":false},"excerpt":{"rendered":"<p>La Asociaci\u00f3n Nacional por la Salvaci\u00f3n Agropecuaria viene realizando por toda la geograf\u00eda nacional una serie de foros y conferencias sobre las graves consecuencias que traer\u00eda para el pa\u00eds su inclusi\u00f3n en el \u00c1rea de Libre Comercio de las Am\u00e9ricas (ALCA), como lo pretende hacer el gobierno nacional sin consultar a los sectores productivos ni [&hellip;]<\/p>\n","protected":false},"author":1,"featured_media":0,"comment_status":"open","ping_status":"open","sticky":false,"template":"","format":"standard","meta":{"advanced_seo_description":"","jetpack_seo_html_title":"","jetpack_seo_noindex":false,"_jetpack_memberships_contains_paid_content":false,"footnotes":""},"categories":[7],"tags":[],"class_list":["post-510","post","type-post","status-publish","format-standard","hentry","category-pronunciamientos-de-organizaciones-sociales"],"jetpack_featured_media_url":"","jetpack-related-posts":[{"id":504,"url":"https:\/\/moir.com.co\/web\/salvacion-agropecuaria-aprueba-gran-campana-contra-el-alca\/","url_meta":{"origin":510,"position":0},"title":"SALVACI\u00d3N AGROPECUARIA APRUEBA GRAN CAMPA\u00d1A CONTRA EL ALCA","author":"admin","date":"agosto 9, 2004","format":false,"excerpt":"Salvaci\u00f3n Agropecuaria, marzo 27 de 2003 La VII Junta nacional de la Asociaci\u00f3n Nacional por la Salvaci\u00f3n Agropecuaria, reunida en Ibagu\u00e9 con la presencia de 220 delegados, en representaci\u00f3n de cerca de 30 organizaciones regionales y nacionales de productores agropecuarios, de profesionales del sector y de estudiantes universitarios de carreras\u2026","rel":"","context":"En \u00abPronunciamientos de Organizaciones Sociales\u00bb","block_context":{"text":"Pronunciamientos de Organizaciones Sociales","link":"https:\/\/moir.com.co\/web\/category\/pronunciamientos-de-organizaciones-sociales\/"},"img":{"alt_text":"","src":"","width":0,"height":0},"classes":[]},{"id":580,"url":"https:\/\/moir.com.co\/web\/presidente-de-salvacion-agropecuaria-en-tunja-la-universidad-y-agricultores-boyacenses-condenan-conspiracion-de-omc-en-cancun\/","url_meta":{"origin":510,"position":1},"title":"PRESIDENTE DE SALVACION AGROPECUARIA EN TUNJA, LA UNIVERSIDAD Y AGRICULTORES BOYACENSES CONDENAN CONSPIRACION DE OMC EN CANC\u00daN","author":"admin","date":"agosto 11, 2004","format":false,"excerpt":"Dentro de la jornada Nacional de protesta contra el ALCA, coincidente con la reuni\u00f3n de la Organizaci\u00f3n Mundial de Comercio -OMC- en Canc\u00fan, la Asociaci\u00f3n Nacional por la Salvaci\u00f3n Agropecuaria-Cap\u00edtulo de Boyac\u00e1 llev\u00f3 a cabo la evaluaci\u00f3n de la Marcha Nacional realizada el pasado 12 de Agosto y la programaci\u00f3n\u2026","rel":"","context":"En \u00abPronunciamientos de Organizaciones Sociales\u00bb","block_context":{"text":"Pronunciamientos de Organizaciones Sociales","link":"https:\/\/moir.com.co\/web\/category\/pronunciamientos-de-organizaciones-sociales\/"},"img":{"alt_text":"","src":"","width":0,"height":0},"classes":[]},{"id":20094,"url":"https:\/\/moir.com.co\/web\/congreso-de-la-asociacion-nacional-por-la-salvacion-agropecuaria-en-caldas\/","url_meta":{"origin":510,"position":2},"title":"CONGRESO DE LA ASOCIACI\u00d3N NACIONAL POR LA SALVACI\u00d3N AGROPECUARIA EN CALDAS","author":"admin","date":"septiembre 16, 2004","format":false,"excerpt":"Con 160 delegados de quince municipios del departamento y nueve organizaciones del sector agrario, la Asociaci\u00f3n Nacional por la Salvaci\u00f3n Agropecuaria, cap\u00edtulo Caldas, celebr\u00f3 el pasado 06 de septiembre en la ciudad de Manizales su Primer Congreso Departamental Agrario \u00abEl agro caldense frente al ALCA y al TLC\u00bb, para analizar\u2026","rel":"","context":"En \u00abTribuna Roja N\u00ba 97; septiembre 28 de 2004\u00bb","block_context":{"text":"Tribuna Roja N\u00ba 97; septiembre 28 de 2004","link":"https:\/\/moir.com.co\/web\/category\/tribuna-roja\/ediciones-2000-2004\/tribuna-roja-no-97-septiembre-28-de-2004\/"},"img":{"alt_text":"","src":"","width":0,"height":0},"classes":[]},{"id":514,"url":"https:\/\/moir.com.co\/web\/exitoso-encuentro-de-dirigentes-del-sector-agropecuario-del-quindio-y-norte-del-valle\/","url_meta":{"origin":510,"position":3},"title":"EXITOSO ENCUENTRO DE DIRIGENTES DEL SECTOR AGROPECUARIO DEL QUIND\u00cdO Y NORTE DEL VALLE","author":"admin","date":"agosto 9, 2004","format":false,"excerpt":"Antonio Jos\u00e9 Guti\u00e9rrez Blanco, Armenia, mayo 5 de 2003 Con la presencia de 112 delegados de 15 municipios del Quind\u00edo y del norte de Valle, se llev\u00f3 a cabo, el 29 de abril en el Centro Recreacional de Confenalco del Alto del R\u00edo, en Calarc\u00e1 (Quind\u00edo), un exitoso encuentro de\u2026","rel":"","context":"En \u00abPronunciamientos de Organizaciones Sociales\u00bb","block_context":{"text":"Pronunciamientos de Organizaciones Sociales","link":"https:\/\/moir.com.co\/web\/category\/pronunciamientos-de-organizaciones-sociales\/"},"img":{"alt_text":"","src":"","width":0,"height":0},"classes":[]},{"id":518,"url":"https:\/\/moir.com.co\/web\/convocatoria-al-foro-sobre-las-incidencias-del-alca-en-el-salon-amarillo-de-la-alcaldia-de-santa-marta\/","url_meta":{"origin":510,"position":4},"title":"CONVOCATORIA AL FORO SOBRE LAS INCIDENCIAS DEL ALCA, EN EL SAL\u00d3N AMARILLO DE LA ALCALD\u00cdA DE SANTA MARTA","author":"admin","date":"agosto 9, 2004","format":false,"excerpt":"Salvaci\u00f3n Agropecuaria, Santa Marta, mayo 20 2003 La Asociaci\u00f3n Nacional por la Salvaci\u00f3n Agropecuaria, Seccional Magdalena, con la aquiescencia del alcalde (E) del distrito de Santa Marta, doctor Fernando Cely Santos, est\u00e1 convocando al Foro Sobre las Incidencias del \u00c1rea de Libre Comercio de las Am\u00e9ricas (ALCA) en la econom\u00eda\u2026","rel":"","context":"En \u00abPronunciamientos de Organizaciones Sociales\u00bb","block_context":{"text":"Pronunciamientos de Organizaciones Sociales","link":"https:\/\/moir.com.co\/web\/category\/pronunciamientos-de-organizaciones-sociales\/"},"img":{"alt_text":"","src":"","width":0,"height":0},"classes":[]},{"id":635,"url":"https:\/\/moir.com.co\/web\/jornada-andina-de-lucha-contra-el-alca-y-el-tlc-salvacion-agropecuaria-llevara-a-cabo-concentracion-departamental-en-el-siti\/","url_meta":{"origin":510,"position":5},"title":"JORNADA ANDINA DE LUCHA CONTRA EL ALCA Y EL TLC: SALVACI\u00d3N AGROPECUARIA LLEVAR\u00c1 A CABO CONCENTRACI\u00d3N DEPARTAMENTAL EN EL SITI","author":"admin","date":"agosto 11, 2004","format":false,"excerpt":"Salvaci\u00f3n Agropecuaria, Medell\u00edn, Marzo 30 de 2004. En desarrollo de la decisi\u00f3n de participar en la Jornada Andina de protesta contra el ALCA y el TLC que se llevar\u00e1 a cabo el pr\u00f3ximo 15 de Abril, adoptada por la Junta Nacional de nuestra organizaci\u00f3n el pasado 13 de Marzo, la\u2026","rel":"","context":"En \u00abPronunciamientos de Organizaciones Sociales\u00bb","block_context":{"text":"Pronunciamientos de Organizaciones Sociales","link":"https:\/\/moir.com.co\/web\/category\/pronunciamientos-de-organizaciones-sociales\/"},"img":{"alt_text":"","src":"","width":0,"height":0},"classes":[]}],"jetpack_sharing_enabled":true,"_links":{"self":[{"href":"https:\/\/moir.com.co\/web\/wp-json\/wp\/v2\/posts\/510","targetHints":{"allow":["GET"]}}],"collection":[{"href":"https:\/\/moir.com.co\/web\/wp-json\/wp\/v2\/posts"}],"about":[{"href":"https:\/\/moir.com.co\/web\/wp-json\/wp\/v2\/types\/post"}],"author":[{"embeddable":true,"href":"https:\/\/moir.com.co\/web\/wp-json\/wp\/v2\/users\/1"}],"replies":[{"embeddable":true,"href":"https:\/\/moir.com.co\/web\/wp-json\/wp\/v2\/comments?post=510"}],"version-history":[{"count":0,"href":"https:\/\/moir.com.co\/web\/wp-json\/wp\/v2\/posts\/510\/revisions"}],"wp:attachment":[{"href":"https:\/\/moir.com.co\/web\/wp-json\/wp\/v2\/media?parent=510"}],"wp:term":[{"taxonomy":"category","embeddable":true,"href":"https:\/\/moir.com.co\/web\/wp-json\/wp\/v2\/categories?post=510"},{"taxonomy":"post_tag","embeddable":true,"href":"https:\/\/moir.com.co\/web\/wp-json\/wp\/v2\/tags?post=510"}],"curies":[{"name":"wp","href":"https:\/\/api.w.org\/{rel}","templated":true}]}}