{"id":5097,"date":"2010-12-05T23:12:53","date_gmt":"2010-12-05T23:12:53","guid":{"rendered":"https:\/\/moir.org.co\/web\/movilizacion-nacional-del-10-de-diciembre\/"},"modified":"2010-12-05T23:12:53","modified_gmt":"2010-12-05T23:12:53","slug":"movilizacion-nacional-del-10-de-diciembre","status":"publish","type":"post","link":"https:\/\/moir.com.co\/web\/movilizacion-nacional-del-10-de-diciembre\/","title":{"rendered":"Movilizaci\u00f3n Nacional del 10 de diciembre"},"content":{"rendered":"<p>a.      El objetivo central es confrontar y denunciar la pol\u00edtica del actual gobierno de Juan Manuel Santos; denunciar la violaci\u00f3n de los Derechos Humanos; rechazar los proyectos de ley del gobierno y que cursan en el Congreso de la Rep\u00fablica de mayor\u00eda santista.<\/p>\n<p>b.  En Bogot\u00e1 y en todas las ciudades capitales, convocaremos a concentraci\u00f3n y luego se marchara por las calles seg\u00fan condiciones de cada regi\u00f3n.<\/p>\n<p>c. Con la ayuda de la CUT, se saca afiche agitacional que debemos ayudar a promocionar.<\/p>\n<p>d.   Como se est\u00e1 en el momento de discusi\u00f3n del salario m\u00ednimo legal SML y est\u00e1n en tr\u00e1mite proyectos de ley regresivos para el pueblo; que mejor que el 10 de diciembre sea una fecha para expresar el inconformismo de  reacci\u00f3n masiva y combativa.<\/p>\n<p>e.   Solicitamos a todas las organizaciones del orden nacional zonales y pol\u00edticas,  como centrales sindicales, Fecode, PDA y otros que nos ayuden con circulares internas a promover y desarrollar  exitosamente la actividad del 10 de diciembre.<\/p>\n<p>f. Producir afiches, comunicados, asambleas, reuniones y otras actividades que nos ayuden a motivar a la poblaci\u00f3n para participar el 10 de diciembre.<\/p>\n<p>g. Promover actividades de solidaridad con los damnificados del invierno que azota el pa\u00eds y apoyar los conflictos laborales y sociales que se est\u00e1n dando en el pa\u00eds. <\/p>\n<p>COORDINACION NACIONAL DE LA GRAN COALICION DEMOCRATICA <\/p>\n<p>TARSICIO RIVERA MU\u00d1OZ<br \/>\nEJECUTIVO CUT  Y PDA<\/p>\n<p>LUIS ALBERTO VANEGAS<br \/>\nEJECUTIVO CUT<\/p>\n<p>CLARA LOPEZ OBREG\u00d3N<br \/>\nPRESIDENTE POLO<\/p>\n<p>CARLOS BENAVIDEZ<br \/>\nCONGRESO DE LOS PUEBLOS<\/p>\n<p>BAYARDO ARIZA<br \/>\nGCD<\/p>\n<p>HUBER BALLESTEROS<br \/>\nMARCHA PATRIOTICA<\/p>\n<p>JAIRO RAMIREZ<br \/>\nMOVICE<\/p>\n<p>ELIAS FONSECA<br \/>\nFECODE<\/p>\n<p>JOVENES Y MOV. ESTUDIANTIL<\/p>\n","protected":false},"excerpt":{"rendered":"<p>a. El objetivo central es confrontar y denunciar la pol\u00edtica del actual gobierno de Juan Manuel Santos; denunciar la violaci\u00f3n de los Derechos Humanos; rechazar los proyectos de ley del gobierno y que cursan en el Congreso de la Rep\u00fablica de mayor\u00eda santista. b. En Bogot\u00e1 y en todas las ciudades capitales, convocaremos a concentraci\u00f3n [&hellip;]<\/p>\n","protected":false},"author":1,"featured_media":0,"comment_status":"open","ping_status":"open","sticky":false,"template":"","format":"standard","meta":{"advanced_seo_description":"","jetpack_seo_html_title":"","jetpack_seo_noindex":false,"_jetpack_memberships_contains_paid_content":false,"footnotes":""},"categories":[7],"tags":[],"class_list":["post-5097","post","type-post","status-publish","format-standard","hentry","category-pronunciamientos-de-organizaciones-sociales"],"jetpack_featured_media_url":"","jetpack-related-posts":[{"id":8162,"url":"https:\/\/moir.com.co\/web\/las-dificultades-de-la-concertacion-con-los-mineros-parten-del-gobierno-nacional\/","url_meta":{"origin":5097,"position":0},"title":"Las dificultades de la concertaci\u00f3n con los Mineros parten del Gobierno Nacional","author":"admin","date":"enero 9, 2014","format":false,"excerpt":"La Confederaci\u00f3n Nacional de Mineros de Colombia, CONALMINERCOL, expresa su preocupaci\u00f3n por la violaci\u00f3n de los acuerdos a los que se ha llegado en la mesa de concertaci\u00f3n, por parte del Gobierno. Se convino que Conalminercol presentar\u00eda un documento borrador del Decreto de transitoriedad para la miner\u00eda informal, el cual\u2026","rel":"","context":"En \u00abPronunciamientos de Organizaciones Sociales\u00bb","block_context":{"text":"Pronunciamientos de Organizaciones Sociales","link":"https:\/\/moir.com.co\/web\/category\/pronunciamientos-de-organizaciones-sociales\/"},"img":{"alt_text":"","src":"","width":0,"height":0},"classes":[]},{"id":1518,"url":"https:\/\/moir.com.co\/web\/declaracion-publica-sobre-el-proyecto-de-ley-gubernamental-de-estatuto-de-desarrollo-rural\/","url_meta":{"origin":5097,"position":1},"title":"DECLARACI\u00d3N PUBLICA SOBRE EL PROYECTO DE LEY GUBERNAMENTAL  DE  ESTATUTO DE DESARROLLO RURAL","author":"admin","date":"octubre 9, 2006","format":false,"excerpt":"Bogot\u00e1, octubre 10 de 2006 Las organizaciones campesinas, ind\u00edgenas, afrocolombianas, agrarias, sociales, ambientales, populares, de mujeres y sindicales que suscribimos la presente declaraci\u00f3n: Denunciamos los alcances regresivos y antidemocr\u00e1ticos del proyecto gubernamental de Ley de Desarrollo Rural que actualmente se debate en la Comisi\u00f3n V del Senado de la Rep\u00fablica\u2026","rel":"","context":"En \u00abPronunciamientos de Organizaciones Sociales\u00bb","block_context":{"text":"Pronunciamientos de Organizaciones Sociales","link":"https:\/\/moir.com.co\/web\/category\/pronunciamientos-de-organizaciones-sociales\/"},"img":{"alt_text":"","src":"","width":0,"height":0},"classes":[]},{"id":9831,"url":"https:\/\/moir.com.co\/web\/trabajadores-de-las-industrias-licoreras-de-colombia-rechazan-proyecto-de-ley-que-cerraria-empresas-y-recortaria-recursos-para-salud-y-educacion\/","url_meta":{"origin":5097,"position":2},"title":"Trabajadores de las Industrias Licoreras de Colombia rechazan proyecto de ley que cerrar\u00eda empresas y recortar\u00eda recursos para salud y educaci\u00f3n","author":"admin","date":"diciembre 14, 2015","format":false,"excerpt":"Los trabajadores de las empresas licoreras del pa\u00eds agremiados en el Sindicato Nacional de Trabajadores de la Industria de Bebidas Alcoh\u00f3licas, Fermentadas y Espumosas-SINTRABECOLICAS, manifestaron su rotundo rechazo al proyecto de ley 152 de 2015 presentado por el Gobierno Nacional, con el que se pretende desmontar el monopolio estatal de\u2026","rel":"","context":"En \u00abPronunciamientos de Organizaciones Sociales\u00bb","block_context":{"text":"Pronunciamientos de Organizaciones Sociales","link":"https:\/\/moir.com.co\/web\/category\/pronunciamientos-de-organizaciones-sociales\/"},"img":{"alt_text":"","src":"","width":0,"height":0},"classes":[]},{"id":611,"url":"https:\/\/moir.com.co\/web\/exitoso-acto-por-una-colombia-libre-en-cienaga-magdalena\/","url_meta":{"origin":5097,"position":3},"title":"\u00a1EXITOSO ACTO POR UNA COLOMBIA LIBRE EN CI\u00c9NAGA, MAGDALENA!","author":"admin","date":"agosto 11, 2004","format":false,"excerpt":"Comando Regional Unitario de Trabajadores y Organizaciones Sociales, Santa Marta, diciembre 10 de 2003 Organizado por el Comando Regional Unitario de Trabajadores y Organizaciones Sociales del Magdalena y la Secretar\u00eda de Cultura Municipal se cumpli\u00f3 en Ci\u00e9naga, Magdalena, el acto de homenaje a los m\u00e1rtires de las bananeras asesinados el\u2026","rel":"","context":"En \u00abPronunciamientos de Organizaciones Sociales\u00bb","block_context":{"text":"Pronunciamientos de Organizaciones Sociales","link":"https:\/\/moir.com.co\/web\/category\/pronunciamientos-de-organizaciones-sociales\/"},"img":{"alt_text":"","src":"","width":0,"height":0},"classes":[]},{"id":21045,"url":"https:\/\/moir.com.co\/web\/paro-nacional-estatal\/","url_meta":{"origin":5097,"position":4},"title":"PARO NACIONAL ESTATAL","author":"admin","date":"mayo 2, 2005","format":false,"excerpt":"Resoluci\u00f3n La reuni\u00f3n de las Centrales Obreras CUT, CGTD, CTC y la Confederaci\u00f3n de Pensionados, celebrada conjuntamente con los presidentes de las m\u00e1s importantes organizaciones del sector estatal -Fecode, USO, Sittelecom, Sindess, Fenaltrase, Futec, Sintraiss, Sintratel\u00e9fonos, Utradec, Aspuc, la Federaci\u00f3n de Profesores Universitarios, UNEC, ATT, Sindesena, Sintrenal-, celebrada en la\u2026","rel":"","context":"En \u00abTribuna Roja N\u00b0 69, Bogot\u00e1; febrero 6 de 1997\u00bb","block_context":{"text":"Tribuna Roja N\u00b0 69, Bogot\u00e1; febrero 6 de 1997","link":"https:\/\/moir.com.co\/web\/category\/tribuna-roja\/ediciones-1995-1999\/tribuna-roja-n-69-bogota-febrero-6-de-1997\/"},"img":{"alt_text":"","src":"","width":0,"height":0},"classes":[]},{"id":5136,"url":"https:\/\/moir.com.co\/web\/ni-gobierno-ni-empresarios-tuvieron-voluntad-para-concertar\/","url_meta":{"origin":5097,"position":5},"title":"Ni gobierno ni empresarios tuvieron voluntad para concertar","author":"admin","date":"diciembre 16, 2010","format":false,"excerpt":"La Central Unitaria de Trabajadores de Colombia CUT y la Confederaci\u00f3n de Pensionados de Colombia CPC, concurrimos a las reuniones estipuladas en una agenda consensuada por la Comisi\u00f3n Nacional de Concertaci\u00f3n de Pol\u00edticas Laborales y Salariales, para discutir lo concerniente a la negociaci\u00f3n del salario m\u00ednimo legal, en cumplimiento de\u2026","rel":"","context":"En \u00abPronunciamientos de Organizaciones Sociales\u00bb","block_context":{"text":"Pronunciamientos de Organizaciones Sociales","link":"https:\/\/moir.com.co\/web\/category\/pronunciamientos-de-organizaciones-sociales\/"},"img":{"alt_text":"","src":"","width":0,"height":0},"classes":[]}],"jetpack_sharing_enabled":true,"_links":{"self":[{"href":"https:\/\/moir.com.co\/web\/wp-json\/wp\/v2\/posts\/5097","targetHints":{"allow":["GET"]}}],"collection":[{"href":"https:\/\/moir.com.co\/web\/wp-json\/wp\/v2\/posts"}],"about":[{"href":"https:\/\/moir.com.co\/web\/wp-json\/wp\/v2\/types\/post"}],"author":[{"embeddable":true,"href":"https:\/\/moir.com.co\/web\/wp-json\/wp\/v2\/users\/1"}],"replies":[{"embeddable":true,"href":"https:\/\/moir.com.co\/web\/wp-json\/wp\/v2\/comments?post=5097"}],"version-history":[{"count":0,"href":"https:\/\/moir.com.co\/web\/wp-json\/wp\/v2\/posts\/5097\/revisions"}],"wp:attachment":[{"href":"https:\/\/moir.com.co\/web\/wp-json\/wp\/v2\/media?parent=5097"}],"wp:term":[{"taxonomy":"category","embeddable":true,"href":"https:\/\/moir.com.co\/web\/wp-json\/wp\/v2\/categories?post=5097"},{"taxonomy":"post_tag","embeddable":true,"href":"https:\/\/moir.com.co\/web\/wp-json\/wp\/v2\/tags?post=5097"}],"curies":[{"name":"wp","href":"https:\/\/api.w.org\/{rel}","templated":true}]}}