{"id":509,"date":"2004-08-09T07:00:00","date_gmt":"2004-08-09T07:00:00","guid":{"rendered":"https:\/\/moir.org.co\/web\/que-se-respeten-los-acuerdos\/"},"modified":"2004-08-09T07:00:00","modified_gmt":"2004-08-09T07:00:00","slug":"que-se-respeten-los-acuerdos","status":"publish","type":"post","link":"https:\/\/moir.com.co\/web\/que-se-respeten-los-acuerdos\/","title":{"rendered":"QUE SE RESPETEN LOS ACUERDOS"},"content":{"rendered":"<p>Oscar Guti\u00e9rrez Reyes, Diputado Asamblea de Caldas., Manizales, abril 24 de 2003.<\/p>\n<p>Informaciones aparecidas en el d\u00eda de hoy en los medios de comunicaci\u00f3n, dan cuenta de una reuni\u00f3n realizada en la Ciudad de Chinchin\u00e1, entre el Ministerio de Transporte-INVIAS, la empresa Autopistas del Caf\u00e9, los Comit\u00e9s Intergremiales del Viejo Caldas, los Gobernadores, los Alcaldes de los Municipios por donde pasa la v\u00eda, y las veedur\u00edas ciudadanas para analizar y revisar el desarrollo de la Concesi\u00f3n Vial Manizales-Armenia.<\/p>\n<p>En la mencionada reuni\u00f3n, a trav\u00e9s de la directora de INVIAS, Gloria Cecilia Ospina, el gobierno nacional se\u00f1al\u00f3 que quer\u00eda concertar con la comunidad de Chinchin\u00e1, la instalaci\u00f3n de un peaje sobre la carretera de la Siria. Para justificar esta propuesta, el gobierno nacional se\u00f1ala que la concesi\u00f3n vial, al igual que otras once en el pa\u00eds, representa onerosos costos para el Estado, porque no se han cumplido los presupuestos de tr\u00e1fico diario y por lo tanto, se requiere \u201cconcertar la ubicaci\u00f3n de un peaje\u201d.<\/p>\n<p>Frente a estas declaraciones del Gobierno Nacional, en mi calidad de dirigente c\u00edvico y pol\u00edtico del municipio de Chinchin\u00e1 y de Caldas, quiero se\u00f1alar lo siguiente:<\/p>\n<p>1. La poblaci\u00f3n de Chinchin\u00e1 ya concert\u00f3 con el Gobierno Nacional, Ministerio de Transporte e INVIAS, que no se instalar\u00eda ning\u00fan peaje en esa v\u00eda. Esta concertaci\u00f3n se hizo, una vez concluido el paro c\u00edvico realizado en diciembre de 1998.<\/p>\n<p>2. INVIAS y \u201cAutopistas del Caf\u00e9\u201d suscribieron un nuevo contrato sobre la base de excluir cualquier posibilidad de colocar peaje en esa v\u00eda.<\/p>\n<p>3. Despu\u00e9s del paro c\u00edvico, el gobierno nacional, a trav\u00e9s de INVIAS, renegoci\u00f3 las condiciones, los plazos de ejecuci\u00f3n de la obra, y pact\u00f3 con el concesionario una estructura financiera que incluy\u00f3 aportes del gobierno nacional y cr\u00e9ditos del Infimanizales. Dado lo anterior, no puede alegarse ahora, que el gobierno no tiene forma cumplir sus compromisos, ni puede aceptarse que \u201cAutopistas del Caf\u00e9\u201d exija mayores ingresos so pena de paralizar las obras. Esto constituye un chantaje.<\/p>\n<p>4. Si las condiciones del contrato suscrito entre por el INVIAS y \u201cAutopistas del Caf\u00e9\u201d han sufrido variaciones como resultado del deterioro de la econom\u00eda, los problemas de orden p\u00fablico y los incumplimientos tanto de INVIAS como de \u201cAutopistas del Caf\u00e9\u201d, los \u201cplatos rotos\u201d de este negocio no tienen por que ser pagados por la comunidad usuaria de la carretera de La Siria.<\/p>\n<p>5. Es nuestra decisi\u00f3n exigir el cumplimiento de los acuerdos que realiz\u00f3 el gobierno nacional con la Gobernaci\u00f3n de Caldas y la comunidad afectada. De ninguna manera aceptamos que se instale una caseta de peaje sobre dicha v\u00eda, como tampoco lo aceptan, las gentes honestas de Chinchin\u00e1, Palestina, Manizales y Caldas.<\/p>\n<p>Oscar Guti\u00e9rrez Reyes<br \/>\nDiputado Asamblea de Caldas.<\/p>\n","protected":false},"excerpt":{"rendered":"<p>Oscar Guti\u00e9rrez Reyes, Diputado Asamblea de Caldas., Manizales, abril 24 de 2003. Informaciones aparecidas en el d\u00eda de hoy en los medios de comunicaci\u00f3n, dan cuenta de una reuni\u00f3n realizada en la Ciudad de Chinchin\u00e1, entre el Ministerio de Transporte-INVIAS, la empresa Autopistas del Caf\u00e9, los Comit\u00e9s Intergremiales del Viejo Caldas, los Gobernadores, los Alcaldes [&hellip;]<\/p>\n","protected":false},"author":1,"featured_media":0,"comment_status":"open","ping_status":"open","sticky":false,"template":"","format":"standard","meta":{"advanced_seo_description":"","jetpack_seo_html_title":"","jetpack_seo_noindex":false,"_jetpack_memberships_contains_paid_content":false,"footnotes":""},"categories":[7],"tags":[],"class_list":["post-509","post","type-post","status-publish","format-standard","hentry","category-pronunciamientos-de-organizaciones-sociales"],"jetpack_featured_media_url":"","jetpack-related-posts":[{"id":1716,"url":"https:\/\/moir.com.co\/web\/declaracion-de-la-asamblea-de-caldas-ante-la-crisis-financiera-de-la-autopista-del-cafe-2\/","url_meta":{"origin":509,"position":0},"title":"DECLARACI\u00d3N DE LA ASAMBLEA DE CALDAS: ANTE LA CRISIS FINANCIERA DE LA &#8220;AUTOPISTA DEL CAF\u00c9&#8221;","author":"admin","date":"agosto 22, 2004","format":false,"excerpt":"Asamblea Departamental de Caldas, Manizales, 26 de febrero de 2004. La Asamblea Departamental de Caldas, despu\u00e9s de estudiar y analizar diversos documentos sobre la llamada Autopista del Caf\u00e9 y la propuesta del gobierno nacional de instalar un peaje en la v\u00eda de la Siria con el prop\u00f3sito de \u201cresolver el\u2026","rel":"","context":"En \u00abEL USUARIO N\u00ba8 MARZO-ABRIL 2004\u00bb","block_context":{"text":"EL USUARIO N\u00ba8 MARZO-ABRIL 2004","link":"https:\/\/moir.com.co\/web\/category\/temas\/servicios-publicos-articulos-de-actualidad\/el-usuario\/el-usuario-no8-marzo-abril-2004\/"},"img":{"alt_text":"","src":"","width":0,"height":0},"classes":[]},{"id":623,"url":"https:\/\/moir.com.co\/web\/declaracion-de-la-asamblea-de-caldas-ante-la-crisis-financiera-de-la-autopista-del-cafe\/","url_meta":{"origin":509,"position":1},"title":"DECLARACI\u00d3N DE LA ASAMBLEA DE CALDAS ANTE LA CRISIS FINANCIERA DE LA  &#8220;AUTOPISTA DEL CAF\u00c9&#8221;","author":"admin","date":"agosto 11, 2004","format":false,"excerpt":"Asamblea Departamental de Caldas, Manizales, febrero 26 de 2004. El Gobierno Nacional debe respetar los compromisos y desistir definitivamente de instalar un peaje en la Siria. La Asamblea Departamental de Caldas, despu\u00e9s de estudiar y analizar diversos documentos sobre la llamada Autopista del Caf\u00e9 y la propuesta del gobierno nacional\u2026","rel":"","context":"En \u00abPronunciamientos de Organizaciones Sociales\u00bb","block_context":{"text":"Pronunciamientos de Organizaciones Sociales","link":"https:\/\/moir.com.co\/web\/category\/pronunciamientos-de-organizaciones-sociales\/"},"img":{"alt_text":"","src":"","width":0,"height":0},"classes":[]},{"id":407,"url":"https:\/\/moir.com.co\/web\/con-la-concesion-vial-fontibon-facatativa-los-alpes-solo-se-benefician-los-inversionistas-privados\/","url_meta":{"origin":509,"position":2},"title":"CON LA CONCESI\u00d3N V\u00cdAL FONTIB\u00d3N- FACATATIV\u00c1 -LOS ALPES S\u00d3LO SE BENEFICIAN LOS INVERSIONISTAS PRIVADOS","author":"admin","date":"agosto 8, 2004","format":false,"excerpt":"Comit\u00e9 Regional de Municipios de la Sabana Hace pocos meses el concesionario demand\u00f3 al Estado por la par\u00e1lisis del contrato que le fue adjudicado para los estudios y dise\u00f1os, la construcci\u00f3n, rehabilitaci\u00f3n, operaci\u00f3n y mantenimiento de la v\u00eda Fontib\u00f3n \u2013 Facatativ\u00e1 \u2013 Los Alpes y por supuesto, por la exoneraci\u00f3n\u2026","rel":"","context":"En \u00abPronunciamientos de Organizaciones Sociales\u00bb","block_context":{"text":"Pronunciamientos de Organizaciones Sociales","link":"https:\/\/moir.com.co\/web\/category\/pronunciamientos-de-organizaciones-sociales\/"},"img":{"alt_text":"","src":"","width":0,"height":0},"classes":[]},{"id":1733,"url":"https:\/\/moir.com.co\/web\/creada-la-asociacion-de-ligas-de-caldas\/","url_meta":{"origin":509,"position":3},"title":"CREADA LA ASOCIACI\u00d3N DE LIGAS DE CALDAS","author":"admin","date":"febrero 8, 2005","format":false,"excerpt":"\u201cEl Encuentro pidi\u00f3 la eliminaci\u00f3n de la estratificaci\u00f3n aprobada por Planeaci\u00f3n Nacional y solicit\u00f3 la derogatoria de la Ley 142 de 1994. Fue un\u00e1nime el rechazo a las imposiciones del Fondo Monetario Internacional. La pol\u00edtica estatal de servicios p\u00fablicos debe definirse de manera soberana y libre, se\u00f1ala finalmente el programa\u2026","rel":"","context":"En \u00abServicios p\u00fablicos\u00bb","block_context":{"text":"Servicios p\u00fablicos","link":"https:\/\/moir.com.co\/web\/category\/temas\/servicios-publicos-articulos-de-actualidad\/"},"img":{"alt_text":"","src":"","width":0,"height":0},"classes":[]},{"id":4788,"url":"https:\/\/moir.com.co\/web\/deben-los-usuarios-pagar-la-descontaminacion-del-rio-chinchina\/","url_meta":{"origin":509,"position":4},"title":"\u00bfDeben los usuarios pagar la descontaminaci\u00f3n del R\u00edo Chinchin\u00e1?","author":"admin","date":"septiembre 11, 2010","format":false,"excerpt":"En septiembre de 2006, se present\u00f3 una acci\u00f3n popular para que la Corporaci\u00f3n Aut\u00f3noma Regional de Caldas, Corpocaldas, las empresas Aguas de Manizales y Aquaman\u00e1 y los municipios de Manizales y Villamar\u00eda, construyeran las obras necesarias para sanear la cuenca del r\u00edo Chinchin\u00e1, que est\u00e1 contaminada y causa da\u00f1os a\u2026","rel":"","context":"En \u00abOscar Guti\u00e9rrez Reyes\u00bb","block_context":{"text":"Oscar Guti\u00e9rrez Reyes","link":"https:\/\/moir.com.co\/web\/category\/bitacoras\/oscar-gutierrez-reyes\/"},"img":{"alt_text":"","src":"","width":0,"height":0},"classes":[]},{"id":21025,"url":"https:\/\/moir.com.co\/web\/asociacion-de-ligas-de-usuarios-de-caldas-modelo-para-el-pais\/","url_meta":{"origin":509,"position":5},"title":"ASOCIACI\u00d3N DE LIGAS DE USUARIOS DE CALDAS, MODELO PARA EL PA\u00cdS","author":"admin","date":"mayo 2, 2005","format":false,"excerpt":"En el auditorio de las Empresas P\u00fablicas de Manizales se cre\u00f3 el pasado 10 de mayo la Asociaci\u00f3n de Ligas, Comit\u00e9s y Usuarios de Servicios P\u00fablicos Domiciliarios de Caldas. Al evento asistieron setenta delegados de Manizales, La Dorada, Chinchin\u00e1, Riosucio, Anserma, Risaralda, Palestina, Aranzazu y Neira. Tambi\u00e9n tomaron parte los\u2026","rel":"","context":"En \u00abTribuna Roja N\u00b0 66, Bogot\u00e1; julio 9 de 1996\u00bb","block_context":{"text":"Tribuna Roja N\u00b0 66, Bogot\u00e1; julio 9 de 1996","link":"https:\/\/moir.com.co\/web\/category\/tribuna-roja\/ediciones-1995-1999\/tribuna-roja-n-66-bogota-julio-9-de-1996\/"},"img":{"alt_text":"","src":"","width":0,"height":0},"classes":[]}],"jetpack_sharing_enabled":true,"_links":{"self":[{"href":"https:\/\/moir.com.co\/web\/wp-json\/wp\/v2\/posts\/509","targetHints":{"allow":["GET"]}}],"collection":[{"href":"https:\/\/moir.com.co\/web\/wp-json\/wp\/v2\/posts"}],"about":[{"href":"https:\/\/moir.com.co\/web\/wp-json\/wp\/v2\/types\/post"}],"author":[{"embeddable":true,"href":"https:\/\/moir.com.co\/web\/wp-json\/wp\/v2\/users\/1"}],"replies":[{"embeddable":true,"href":"https:\/\/moir.com.co\/web\/wp-json\/wp\/v2\/comments?post=509"}],"version-history":[{"count":0,"href":"https:\/\/moir.com.co\/web\/wp-json\/wp\/v2\/posts\/509\/revisions"}],"wp:attachment":[{"href":"https:\/\/moir.com.co\/web\/wp-json\/wp\/v2\/media?parent=509"}],"wp:term":[{"taxonomy":"category","embeddable":true,"href":"https:\/\/moir.com.co\/web\/wp-json\/wp\/v2\/categories?post=509"},{"taxonomy":"post_tag","embeddable":true,"href":"https:\/\/moir.com.co\/web\/wp-json\/wp\/v2\/tags?post=509"}],"curies":[{"name":"wp","href":"https:\/\/api.w.org\/{rel}","templated":true}]}}