{"id":508,"date":"2004-08-09T07:00:00","date_gmt":"2004-08-09T07:00:00","guid":{"rendered":"https:\/\/moir.org.co\/web\/el-comando-regional-unitario-del-magdalena-se-une-a-jornada-nacional-de-protesta-paro-nacional-y-primero-de-mayo\/"},"modified":"2004-08-09T07:00:00","modified_gmt":"2004-08-09T07:00:00","slug":"el-comando-regional-unitario-del-magdalena-se-une-a-jornada-nacional-de-protesta-paro-nacional-y-primero-de-mayo","status":"publish","type":"post","link":"https:\/\/moir.com.co\/web\/el-comando-regional-unitario-del-magdalena-se-une-a-jornada-nacional-de-protesta-paro-nacional-y-primero-de-mayo\/","title":{"rendered":"EL COMANDO REGIONAL UNITARIO DEL MAGDALENA SE UNE A JORNADA NACIONAL DE PROTESTA, PARO NACIONAL Y PRIMERO DE MAYO"},"content":{"rendered":"<p>Comando Regional Unitario del Magdalena, Santa Marta, abril 25 de 2003<\/p>\n<p>Siguiendo las orientaciones aprobadas por las centrales obreras, FECODE, Uso, sindicatos nacionales, Asociaci\u00f3n por la Salvaci\u00f3n Agropecuaria y federaciones de pensionados, el Comando Regional Unitario del Departamento del Magdalena ha decidido participar activamente en la jornada nacional de protesta que se llevar\u00e1 a efecto los d\u00edas 28 y 29 de abril en solidaridad con los trabajadores y usuarios de la salud p\u00fablica, en el paro nacional de trabajadores del 30 de abril y en la celebraci\u00f3n del Primero de Mayo, d\u00eda internacional de la clase obrera.<\/p>\n<p>Ante la arremetida del gobierno nacional contra los trabajadores y el pueblo colombiano a trav\u00e9s de las reformas tributaria, laboral, pensional, estatal aprobadas por las mayor\u00edas parlamentarias e impuestas al pa\u00eds por el gobierno de Estados Unidos, el Fondo Monetario Internacional y el Banco Mundial, se hace necesario alentar la m\u00e1s amplia y democr\u00e1tica resistencia civil con miras a acumular fuerzas suficientes para echar atr\u00e1s el lesivo modelo neoliberal de apertura econ\u00f3mica, que en trece a\u00f1os de estar vigente ha quebrado la producci\u00f3n agropecuaria e industrial, endeudado al pa\u00eds en forma escandalosa, privatizado los servicios p\u00fablicos esenciales y tra\u00eddo secuelas indeseables como: desempleo creciente, pobreza y miseria generalizada, tarifas impagables de los servicios p\u00fablicos y descomposici\u00f3n social, entre otras.<\/p>\n<p>Por lo tanto convocamos a todo el pueblo del departamento del Magdalena y del Distrito de Santa Marta a respaldar y hacerse presente en las jornadas de protesta, cuya programaci\u00f3n es la siguiente:<\/p>\n<p>Lunes 28 de abril: 9 a.m., Conferencia sobre el ALCA en la sede de la Asociaci\u00f3n de Pensionados del Seguro Social, calle 13 N\u00ba 6-12.<br \/>\n10 a.m., mitin de respaldo a los educadores del distrito frente a la alcald\u00eda de Santa Marta.<br \/>\nMartes 29 de abril: 8 y 30 a.m., concentraci\u00f3n de respaldo a los trabajadores y usuarios del Seguro Social y de los hospitales p\u00fablicos en la Cl\u00ednica del Seguro Social.<br \/>\n9 y 30 a.m., debate por el canal de televisi\u00f3n Se\u00f1al Colombia sobre el Alca y el agro con participaci\u00f3n de l\u00edderes agropecuarios, senadores y ministros del gobierno nacional.<br \/>\nMi\u00e9rcoles 30 de abril, Paro Nacional de Trabajadores, concentraci\u00f3n en el Liceo Celed\u00f3n a las 8 y 30 a.m. y desfile de protesta.<br \/>\nPrimero de Mayo, D\u00eda Internacional de la Clase Obrera, punto de encuentro Liceo Celed\u00f3n a las 8 y 30 de la ma\u00f1ana.<\/p>\n<p>COMANDO REGIONAL UNITARIO DEL MAGDALENA<\/p>\n","protected":false},"excerpt":{"rendered":"<p>Comando Regional Unitario del Magdalena, Santa Marta, abril 25 de 2003 Siguiendo las orientaciones aprobadas por las centrales obreras, FECODE, Uso, sindicatos nacionales, Asociaci\u00f3n por la Salvaci\u00f3n Agropecuaria y federaciones de pensionados, el Comando Regional Unitario del Departamento del Magdalena ha decidido participar activamente en la jornada nacional de protesta que se llevar\u00e1 a efecto [&hellip;]<\/p>\n","protected":false},"author":1,"featured_media":0,"comment_status":"open","ping_status":"open","sticky":false,"template":"","format":"standard","meta":{"advanced_seo_description":"","jetpack_seo_html_title":"","jetpack_seo_noindex":false,"_jetpack_memberships_contains_paid_content":false,"footnotes":""},"categories":[7],"tags":[],"class_list":["post-508","post","type-post","status-publish","format-standard","hentry","category-pronunciamientos-de-organizaciones-sociales"],"jetpack_featured_media_url":"","jetpack-related-posts":[{"id":502,"url":"https:\/\/moir.com.co\/web\/declaracion-del-comando-regional-unitario-del-magdalena\/","url_meta":{"origin":508,"position":0},"title":"DECLARACI\u00d3N DEL COMANDO REGIONAL UNITARIO DEL MAGDALENA","author":"admin","date":"agosto 9, 2004","format":false,"excerpt":"Comando Regional Unitario del Magdalena, Santa Marta, marzo 27 de 2003 Frente a la grave crisis que padece nuestro pa\u00eds en el contexto nacional y mundial, el Comando Regional Unitario del Magdalena hace suya la siguiente declaraci\u00f3n. 1. La causa principal de la crisis de la sociedad colombiana es la\u2026","rel":"","context":"En \u00abPronunciamientos de Organizaciones Sociales\u00bb","block_context":{"text":"Pronunciamientos de Organizaciones Sociales","link":"https:\/\/moir.com.co\/web\/category\/pronunciamientos-de-organizaciones-sociales\/"},"img":{"alt_text":"","src":"","width":0,"height":0},"classes":[]},{"id":532,"url":"https:\/\/moir.com.co\/web\/comando-regional-unitario-del-magdalena-adelanta-resistencia-contra-medidas-uribistas\/","url_meta":{"origin":508,"position":1},"title":"COMANDO REGIONAL UNITARIO DEL MAGDALENA ADELANTA RESISTENCIA CONTRA MEDIDAS URIBISTAS","author":"admin","date":"agosto 10, 2004","format":false,"excerpt":"Comando Regional Unitario del Magdalena, Santa Marta, julio 3 de 2003 Desde que se conocieron los primeros decretos de la administraci\u00f3n Uribe V\u00e9lez liquidando a Telecom y a las trece teleasociadas, entre ellas Telesantamarta, el Comando Regional Unitario del Magdalena manifest\u00f3 su rechazo categ\u00f3rico a estas medidas antiobreras y antinacionales.\u2026","rel":"","context":"En \u00abPronunciamientos de Organizaciones Sociales\u00bb","block_context":{"text":"Pronunciamientos de Organizaciones Sociales","link":"https:\/\/moir.com.co\/web\/category\/pronunciamientos-de-organizaciones-sociales\/"},"img":{"alt_text":"","src":"","width":0,"height":0},"classes":[]},{"id":643,"url":"https:\/\/moir.com.co\/web\/18-de-mayo-paro-nacional-y-toma-de-cartagena\/","url_meta":{"origin":508,"position":2},"title":"\u00a118 DE MAYO: PARO NACIONAL Y TOMA DE CARTAGENA!","author":"admin","date":"agosto 11, 2004","format":false,"excerpt":"El Encuentro Nacional de Organizaciones Sindicales, Pol\u00edticas y Sociales realizado los d\u00edas 29 y 30 de abril en Bogot\u00e1 con delegados de m\u00e1s de 800 organizaciones de todo el pa\u00eds, determin\u00f3 respaldar el paro nacional aprobado por las centrales obreras para el d\u00eda 18 de mayo con dos objetivos centrales:\u2026","rel":"","context":"En \u00abPronunciamientos de Organizaciones Sociales\u00bb","block_context":{"text":"Pronunciamientos de Organizaciones Sociales","link":"https:\/\/moir.com.co\/web\/category\/pronunciamientos-de-organizaciones-sociales\/"},"img":{"alt_text":"","src":"","width":0,"height":0},"classes":[]},{"id":639,"url":"https:\/\/moir.com.co\/web\/masiva-movilizacion-contra-el-tlc-y-el-alca\/","url_meta":{"origin":508,"position":3},"title":"MASIVA MOVILIZACI\u00d3N CONTRA EL TLC Y EL ALCA","author":"admin","date":"agosto 11, 2004","format":false,"excerpt":"En el sitio La Frutera, situado en la estrat\u00e9gica Troncal del Caribe a un kil\u00f3metro del casco urbano de Ci\u00e9naga, Magdalena, a las ocho de la ma\u00f1ana del 15 de abril confluyeron las delegaciones de trabajadores, maestros, campesinos, estudiantes, pescadores, productores de banano, caf\u00e9, frutas y pensionados, quienes proven\u00edan de\u2026","rel":"","context":"En \u00abPronunciamientos de Organizaciones Sociales\u00bb","block_context":{"text":"Pronunciamientos de Organizaciones Sociales","link":"https:\/\/moir.com.co\/web\/category\/pronunciamientos-de-organizaciones-sociales\/"},"img":{"alt_text":"","src":"","width":0,"height":0},"classes":[]},{"id":535,"url":"https:\/\/moir.com.co\/web\/comando-regional-unitario-del-magdalena-denuncia-nuevo-ajuste-fiscal-por-ocho-billones-de-pesos\/","url_meta":{"origin":508,"position":4},"title":"COMANDO REGIONAL UNITARIO DEL MAGDALENA DENUNCIA NUEVO AJUSTE FISCAL POR OCHO BILLONES DE PESOS","author":"admin","date":"agosto 10, 2004","format":false,"excerpt":"Comando Regional Unitario del Magdalena, Santa Marta, DTCH, julio 10 de 2003 Con el desparpajo de siempre el gobierno nacional ha empezado una campa\u00f1a para prepararle el terreno a nuevas y mayores cargas impositivas que se descargar\u00e1n como un aluvi\u00f3n sobre los empobrecidos bolsillos de los colombianos y del sector\u2026","rel":"","context":"En \u00abPronunciamientos de Organizaciones Sociales\u00bb","block_context":{"text":"Pronunciamientos de Organizaciones Sociales","link":"https:\/\/moir.com.co\/web\/category\/pronunciamientos-de-organizaciones-sociales\/"},"img":{"alt_text":"","src":"","width":0,"height":0},"classes":[]},{"id":657,"url":"https:\/\/moir.com.co\/web\/alca-y-tlc-en-la-picota-publica\/","url_meta":{"origin":508,"position":5},"title":"\u00a1ALCA Y TLC EN LA PICOTA P\u00daBLICA!","author":"admin","date":"agosto 11, 2004","format":false,"excerpt":"Comando Regional Unitario del Magdalena, Santa Marta, mayo 28 de 2004 Las movilizaciones realizadas el pasado 18 de mayo en todo el pa\u00eds contra el ALCA y el tratado de libre comercio con Estados Unidos han tenido importantes repercusiones y ense\u00f1anzas. Dos posiciones antag\u00f3nicas han quedado expuestas a la luz\u2026","rel":"","context":"En \u00abPronunciamientos de Organizaciones Sociales\u00bb","block_context":{"text":"Pronunciamientos de Organizaciones Sociales","link":"https:\/\/moir.com.co\/web\/category\/pronunciamientos-de-organizaciones-sociales\/"},"img":{"alt_text":"","src":"","width":0,"height":0},"classes":[]}],"jetpack_sharing_enabled":true,"_links":{"self":[{"href":"https:\/\/moir.com.co\/web\/wp-json\/wp\/v2\/posts\/508","targetHints":{"allow":["GET"]}}],"collection":[{"href":"https:\/\/moir.com.co\/web\/wp-json\/wp\/v2\/posts"}],"about":[{"href":"https:\/\/moir.com.co\/web\/wp-json\/wp\/v2\/types\/post"}],"author":[{"embeddable":true,"href":"https:\/\/moir.com.co\/web\/wp-json\/wp\/v2\/users\/1"}],"replies":[{"embeddable":true,"href":"https:\/\/moir.com.co\/web\/wp-json\/wp\/v2\/comments?post=508"}],"version-history":[{"count":0,"href":"https:\/\/moir.com.co\/web\/wp-json\/wp\/v2\/posts\/508\/revisions"}],"wp:attachment":[{"href":"https:\/\/moir.com.co\/web\/wp-json\/wp\/v2\/media?parent=508"}],"wp:term":[{"taxonomy":"category","embeddable":true,"href":"https:\/\/moir.com.co\/web\/wp-json\/wp\/v2\/categories?post=508"},{"taxonomy":"post_tag","embeddable":true,"href":"https:\/\/moir.com.co\/web\/wp-json\/wp\/v2\/tags?post=508"}],"curies":[{"name":"wp","href":"https:\/\/api.w.org\/{rel}","templated":true}]}}