{"id":5077,"date":"2010-12-01T15:01:31","date_gmt":"2010-12-01T15:01:31","guid":{"rendered":"https:\/\/moir.org.co\/web\/el-pais-se-inunda-a-seis-meses-del-bloqueo-a-una-reforma-constitucional-en-torno-al-agua-como-bien-publico-y-comun\/"},"modified":"2010-12-01T15:01:31","modified_gmt":"2010-12-01T15:01:31","slug":"el-pais-se-inunda-a-seis-meses-del-bloqueo-a-una-reforma-constitucional-en-torno-al-agua-como-bien-publico-y-comun","status":"publish","type":"post","link":"https:\/\/moir.com.co\/web\/el-pais-se-inunda-a-seis-meses-del-bloqueo-a-una-reforma-constitucional-en-torno-al-agua-como-bien-publico-y-comun\/","title":{"rendered":"El pa\u00eds se inunda a seis meses del bloqueo a una reforma constitucional en torno al agua como bien p\u00fablico y com\u00fan"},"content":{"rendered":"<p>La cr\u00edtica situaci\u00f3n nacional producida por las inundaciones de pueblos enteros y de tierras productivas en todo el pa\u00eds, acrecienta el absurdo de la negativa del pasado Congreso nacional a las propuestas del referendo de agua, avaladas por m\u00e1s de dos millones de firmas de ciudadanos dispuestos a votar por una nueva plataforma constitucional que diera piso a una pol\u00edtica integral del agua en el pa\u00eds 1\/,  para evitar a largo plazo que millones de colombianos sigan sin acceder al agua potable, que millares de ni\u00f1os sigan enfermando o muriendo por ello, o que decenas de municipios permanezcan anegados gran parte del a\u00f1o, antes de dar paso a las tr\u00e1gicas sequ\u00edas\u2026<\/p>\n<p>Esa postura de la clase pol\u00edtica, no permiti\u00f3 llevar a debate un modelo de uso del agua todav\u00eda basado en la desecaci\u00f3n de humedales, en la destrucci\u00f3n de p\u00e1ramos, en la devastaci\u00f3n de los bosques andinos y en la extensi\u00f3n de potreros en los cuales la ganader\u00eda extensiva pisotea riberas y extiende latifundios, como forma de ampliar grandes propiedades rurales sin importar que ello conduce a inundaciones de ciudades enteras. Ni dej\u00f3 avanzar el debate nacional sobre la otra cara de ese modelo: el uso de los r\u00edos y humedales como botaderos de basura y de aguas servidas, que adem\u00e1s de destruir la vida misma, dificultan el ciclo del agua, ya enfrentado de hecho a los efectos globales del cambio clim\u00e1tico.  <\/p>\n<p>Pero lo m\u00e1s grave es que esas mismas mayor\u00edas parlamentarias, se aprestan ahora a incrementar esos problemas, a trav\u00e9s de su apoyo incondicional a un nuevo plan de desarrollo basado en propuestas que suponen un uso o afectaci\u00f3n intensiva del agua por parte de las pol\u00edticas forestales, agroindustriales, petrolera y minera, que ahora intensifican la demanda de agua como insumo, generalmente gratuito y a costa del derecho fundamental al acceso al agua potable. En efecto, la gran miner\u00eda, sustentada como fuente de recursos para resolver la crisis fiscal, de no mediar una fuerte y amplia movilizaci\u00f3n social y pol\u00edtica que la rechace se  expandir\u00e1 y continuar\u00e1 la destrucci\u00f3n de cuencas enteras, y la pol\u00edtica de los planes departamentales de agua, predominantemente urbanos, imponen ordenamientos territoriales que  tienden a descomponer lo que queda del campo, y profundizan la inviabilidad financiera de los municipios que al no poder cumplir con las imposiciones financieras de dichos programas, probablemente tendr\u00edan que aportar el agua misma en sus fuentes en los mercados crecientes del recurso. <\/p>\n<p>Al lado de ello los gobiernos locales avanzan en los procesos de concesionamiento y gestorizaci\u00f3n privada del agua potable mediante esquemas de prestaci\u00f3n especulativos en contra de los municipios y los usuarios de los estratos 1, 2, 3 y 4  en la forma como acaba de suceder en Acuavalle, los contratos de Empresas P\u00fablicas Municipales de Cali y la continuidad de los contratos en la Empresa de Acueducto y Alcantarillado de Bogot\u00e1. <\/p>\n<p>Como se ve, el agua es un elemento esencial para la vida, pero a su vez es un hilo conductor de los problemas y conflictos nacionales, y un principio b\u00e1sico para recuperar la dimensi\u00f3n de los bienes comunes y p\u00fablicos, y uno de los temas alrededor de los cuales se podr\u00eda reconstituir un pacto social b\u00e1sico en torno a la sustentabilidad y la justicia social aut\u00e9nticas. El agua misma convoca a la reflexi\u00f3n y a la movilizaci\u00f3n nacional; y el movimiento del agua contin\u00faa: Se preparan foros regionales impulsados por la organizaci\u00f3n sindical nacional que agrupa a los trabajadores de los acueductos del pa\u00eds, Sintraemsdes; los acueductos comunitarios, perseguidos por la ley 142 como microempresas ineficientes a pesar de ser un verdadero patrimonio de la gesti\u00f3n p\u00fablica comunitaria nacional, avanzan en la organizaci\u00f3n de su Asociaci\u00f3n nacional; los pescadores artesanales siguen su lucha por proteger ci\u00e9nagas, r\u00edos y din\u00e1micas costeras; y los vecinos de proyectos como El Quimbo, contin\u00faan en la lucha por no dejarlos pasar, los usuarios de los servicios p\u00fablicos mantienen sus protestas en rechazo a los aumentos tarifarios y en la exigencia del acceso al agua. <\/p>\n<p>El Comit\u00e9 Nacional en defensa del Agua y de la Vida, convoca a la ciudadan\u00eda a continuar la brega por hacer de las propuestas de referendo un debate nacional, y un horizonte de lucha social hacia la transformaci\u00f3n profunda del modelo de desarrollo que hace del agua una amenaza, antes que un principio de vida.  <\/p>\n<p>A consolidar los procesos regionales convergentes, amplios y democr\u00e1ticos para la defensa de los derechos e intereses colectivos relacionados con el patrimonio p\u00fablico, el patrimonio natural y el medio ambiente, la moralidad administrativa y el acceso universal al agua como derecho fundamental.<\/p>\n<p>La Declaraci\u00f3n final de la Conferencia Mundial de los Pueblos sobre el Cambio Clim\u00e1tico y los Derechos de la Madre Tierra realizada en Cochabamba, en Abril pasado, y a la cual nos adherimos es clara en advertir sobre las consecuencias de la expoliaci\u00f3n de la naturaleza y sus efectos en el cambio clim\u00e1tico, el aumento de la pobreza, la transnacionalizaci\u00f3n de la gesti\u00f3n del agua, la privatizaci\u00f3n de fuentes h\u00eddricas, el aumento de las emisiones de di\u00f3xido de carbono por los pa\u00edses desarrollados y llama a desarrollar referendos en las ciudades de todo el mundo para protestar y denunciar las acciones y conductas que est\u00e1n llevando al desastre contra el ser humano, la flora y la fauna y la misma existencia del planeta tierra y se llama a forjar un nuevo sistema que restablezca la armon\u00eda con la naturaleza y entre los seres humanos.<\/p>\n<p>Notas:<\/p>\n<p>1\/   Las propuestas del referendo del agua, en Comit\u00e9 Nacional en Defensa del Agua y de la Vida,  \u201cManifiesto  al pa\u00eds\u201d, julio de 2010. En www.censat.org, o www.ecofondo.org, entre otros.<\/p>\n","protected":false},"excerpt":{"rendered":"<p>La cr\u00edtica situaci\u00f3n nacional producida por las inundaciones de pueblos enteros y de tierras productivas en todo el pa\u00eds, acrecienta el absurdo de la negativa del pasado Congreso nacional a las propuestas del referendo de agua, avaladas por m\u00e1s de dos millones de firmas de ciudadanos dispuestos a votar por una nueva plataforma constitucional que [&hellip;]<\/p>\n","protected":false},"author":1,"featured_media":0,"comment_status":"open","ping_status":"open","sticky":false,"template":"","format":"standard","meta":{"advanced_seo_description":"","jetpack_seo_html_title":"","jetpack_seo_noindex":false,"_jetpack_memberships_contains_paid_content":false,"footnotes":""},"categories":[7],"tags":[],"class_list":["post-5077","post","type-post","status-publish","format-standard","hentry","category-pronunciamientos-de-organizaciones-sociales"],"jetpack_featured_media_url":"","jetpack-related-posts":[{"id":5272,"url":"https:\/\/moir.com.co\/web\/el-canal-del-dique-tiene-un-hueco-enorme-que-debe-ser-inmediatamente-cerrado-dice-robledo\/","url_meta":{"origin":5077,"position":0},"title":"El Canal del Dique tiene un hueco enorme que debe ser inmediatamente cerrado, dice Robledo","author":"admin","date":"febrero 12, 2011","format":false,"excerpt":"En su primer d\u00eda del viaje de dos por los municipios inundados por la ruptura del Canal del Dique en Atl\u00e1ntico y Bol\u00edvar, el senador Jorge Enrique Robledo se encontr\u00f3 que no era un enorme hueco sino dos los que ten\u00eda la v\u00eda acu\u00e1tica. En efecto, adem\u00e1s del hueco de\u2026","rel":"","context":"En \u00abJorge Enrique Robledo\u00bb","block_context":{"text":"Jorge Enrique Robledo","link":"https:\/\/moir.com.co\/web\/category\/jorge-enrique-robledo\/"},"img":{"alt_text":"","src":"","width":0,"height":0},"classes":[]},{"id":5486,"url":"https:\/\/moir.com.co\/web\/gobierno-quiere-tomarse-a-las-car-para-impedirles-que-interfieran-en-licencias-anbientales-a-trasnacionales-petroleras-y-mineras\/","url_meta":{"origin":5077,"position":1},"title":"Gobierno quiere tomarse a las CAR para impedirles que interfieran en licencias anbientales a trasnacionales petroleras y mineras","author":"admin","date":"abril 4, 2011","format":false,"excerpt":"La del invierno fue una tragedia anunciada, as\u00ed el gobierno se empecine en negarlo. Desastres m\u00e1s sociales que naturales. El gobierno ve la reconstrucci\u00f3n como una oportunidad para hacer el negocio del siglo. Un banquero y los grandes gremios puestos al frente por Juan Manuel Santos. El gobierno convirti\u00f3 a\u2026","rel":"","context":"En \u00abJorge Enrique Robledo\u00bb","block_context":{"text":"Jorge Enrique Robledo","link":"https:\/\/moir.com.co\/web\/category\/jorge-enrique-robledo\/"},"img":{"alt_text":"","src":"","width":0,"height":0},"classes":[]},{"id":5327,"url":"https:\/\/moir.com.co\/web\/informe-del-senador-jorge-enrique-robledo-sobre-sus-visitas-a-la-zona-del-desastre-del-canal-del-dique\/","url_meta":{"origin":5077,"position":2},"title":"Informe del Senador Jorge Enrique Robledo sobre sus visitas a la zona del desastre del Canal del Dique","author":"admin","date":"febrero 26, 2011","format":false,"excerpt":"El fin de semana del 12 y 13 de febrero pasado y el lunes 21 de febrero, esta vez como parte de la Comisi\u00f3n Accidental del Senado de la Rep\u00fablica para la Emergencia Econ\u00f3mica y Social, visit\u00e9 la regi\u00f3n del Canal del Dique en los departamentos del Atl\u00e1ntico y Bol\u00edvar,\u2026","rel":"","context":"En \u00abJorge Enrique Robledo\u00bb","block_context":{"text":"Jorge Enrique Robledo","link":"https:\/\/moir.com.co\/web\/category\/jorge-enrique-robledo\/"},"img":{"alt_text":"","src":"","width":0,"height":0},"classes":[]},{"id":9991,"url":"https:\/\/moir.com.co\/web\/peticiones-para-minminas-y-apoyo-a-paro-nacional\/","url_meta":{"origin":5077,"position":3},"title":"Peticiones para Minminas y apoyo a Paro Nacional","author":"admin","date":"marzo 4, 2016","format":false,"excerpt":"La Asamblea del Movimiento Indignados con Electricaribe, realizada el jueves 3 de marzo de 2016 en el auditorio de la Asociaci\u00f3n de Pensionados de Electricaribe (Asopelis), con la asistencia de un centenar de l\u00edderes de 21 barrios de Barranquilla y de los municipios de Soledad, Malambo, Santo Tom\u00e1s, Repel\u00f3n, Puerto\u2026","rel":"","context":"En \u00abPronunciamientos de Organizaciones Sociales\u00bb","block_context":{"text":"Pronunciamientos de Organizaciones Sociales","link":"https:\/\/moir.com.co\/web\/category\/pronunciamientos-de-organizaciones-sociales\/"},"img":{"alt_text":"","src":"","width":0,"height":0},"classes":[]},{"id":1876,"url":"https:\/\/moir.com.co\/web\/sesenta-organizaciones-promoveran-un-referendo-constitucional-contra-la-privatizacion-del-agua\/","url_meta":{"origin":5077,"position":4},"title":"SESENTA ORGANIZACIONES PROMOVERAN UN REFERENDO CONSTITUCIONAL CONTRA LA PRIVATIZACION DEL AGUA","author":"admin","date":"marzo 1, 2007","format":false,"excerpt":"Bogot\u00e1, febrero 28 de 2007Sesenta organizaciones entre las cuales se cuentan la Uni\u00f3n Nacional de Usuarios de los Servicios P\u00fablicos, la Asociaci\u00f3n de Vocales de Control de los Servicios P\u00fablicos, el Sindicato de Trabajadores de las Empresas de Servicios de Bogot\u00e1, la Organizaci\u00f3n Nacional Ind\u00edgena de Colombia \u2013 ONIC -\u2026","rel":"","context":"Entrada similar","block_context":{"text":"Entrada similar","link":""},"img":{"alt_text":"","src":"","width":0,"height":0},"classes":[]},{"id":10087,"url":"https:\/\/moir.com.co\/web\/las-verdaderas-causas-de-los-veranos-y-los-inviernos-destructores\/","url_meta":{"origin":5077,"position":5},"title":"Las verdaderas causas de los veranos y los inviernos destructores","author":"admin","date":"abril 15, 2016","format":false,"excerpt":"Estados Unidos genera el 25% del efecto invernadero y Colombia solo el 0,4%. Si responsabilizamos entonces de nuestros l\u00edos de sequ\u00eda o inundaciones al calentamiento global o al fen\u00f3meno del Ni\u00f1o, pienso que estamos desenfocados. Hay inundaciones y sequ\u00edas no causadas por el invierno o el verano propiamente dicho, sino\u2026","rel":"","context":"En \u00abJorge Enrique Robledo\u00bb","block_context":{"text":"Jorge Enrique Robledo","link":"https:\/\/moir.com.co\/web\/category\/jorge-enrique-robledo\/"},"img":{"alt_text":"","src":"","width":0,"height":0},"classes":[]}],"jetpack_sharing_enabled":true,"_links":{"self":[{"href":"https:\/\/moir.com.co\/web\/wp-json\/wp\/v2\/posts\/5077","targetHints":{"allow":["GET"]}}],"collection":[{"href":"https:\/\/moir.com.co\/web\/wp-json\/wp\/v2\/posts"}],"about":[{"href":"https:\/\/moir.com.co\/web\/wp-json\/wp\/v2\/types\/post"}],"author":[{"embeddable":true,"href":"https:\/\/moir.com.co\/web\/wp-json\/wp\/v2\/users\/1"}],"replies":[{"embeddable":true,"href":"https:\/\/moir.com.co\/web\/wp-json\/wp\/v2\/comments?post=5077"}],"version-history":[{"count":0,"href":"https:\/\/moir.com.co\/web\/wp-json\/wp\/v2\/posts\/5077\/revisions"}],"wp:attachment":[{"href":"https:\/\/moir.com.co\/web\/wp-json\/wp\/v2\/media?parent=5077"}],"wp:term":[{"taxonomy":"category","embeddable":true,"href":"https:\/\/moir.com.co\/web\/wp-json\/wp\/v2\/categories?post=5077"},{"taxonomy":"post_tag","embeddable":true,"href":"https:\/\/moir.com.co\/web\/wp-json\/wp\/v2\/tags?post=5077"}],"curies":[{"name":"wp","href":"https:\/\/api.w.org\/{rel}","templated":true}]}}