{"id":5064,"date":"2010-11-28T12:07:24","date_gmt":"2010-11-28T12:07:24","guid":{"rendered":"https:\/\/moir.org.co\/web\/los-arroceros-del-san-jorge-y-la-mojana-en-la-olla-y-con-el-agua-al-cuello\/"},"modified":"2010-11-28T12:07:24","modified_gmt":"2010-11-28T12:07:24","slug":"los-arroceros-del-san-jorge-y-la-mojana-en-la-olla-y-con-el-agua-al-cuello","status":"publish","type":"post","link":"https:\/\/moir.com.co\/web\/los-arroceros-del-san-jorge-y-la-mojana-en-la-olla-y-con-el-agua-al-cuello\/","title":{"rendered":"Los Arroceros del San Jorge y La Mojana en la olla y con el agua al cuello"},"content":{"rendered":"<p>Se hacen llamar Asociaci\u00f3n de Agricultores en Quiebra. Porque, en efecto, as\u00ed lo est\u00e1n, padeciendo las consecuencias de las pol\u00edticas  neoliberales del gobierno para el sector agropecuario, ma\u00e1s  la inclemencia invernal  que arrasa sus cultivos. Y en condici\u00f3n de tales, se presentaron al Despacho del Ministro de Agricultura para exponer la ruinosa situaci\u00f3n que padecen por las importaciones y el contrabando del arroz, los bajos precios del grano,  que fijan de manera arbitraria los molineros que son los que sacan la mayor tajada del negocio acaparando las cosechas y especulando en  el mercado,  la falta de cr\u00e9ditos baratos y oportunos de la banca oficial, vi\u00e9ndose precisados la m\u00e1s de las veces a recurrir al cr\u00e9dito privado, de usureros y molineros que a la larga terminan qued\u00e1ndose con las tierras a cambio de las impagables deudas, obligados a pagar arriendos, lo que incrementa el costo de la producci\u00f3n.   <\/p>\n<p>Y para enfrentar esta calamitosa situaci\u00f3n convocaron a una Asamblea de los gremios de la producci\u00f3n y del trabajo del San Jorge, que se llev\u00f3 a cabo en San Marcos el 14 de los corrientes y a las que fueron invitados como expositores centrales AURELIO SUAREZ MONTOYA, Coordinador de Unidad Cafetera y del Movimiento de Salvaci\u00f3n Nacional Agropecuaria y OSCAR GUTIERREZ  REYES, Coordinador Nacional de las Ligas de Usuarios de los Servicios P\u00fablicos. Alrededor de ciento cincuenta dirigentes (gremiales, c\u00edvicos y pol\u00edticos ) concurrieron a esta reuni\u00f3n. La instalaci\u00f3n corri\u00f3 a cargo del  Presidente de la Asociaci\u00f3n de Agricultores del San Jorge &#8211; y Presidente adem\u00e1s de la Asamblea Departamental de Sucre &#8211; que luego de los saludos de rigor rindi\u00f3 el Informe de la audiencia con el Ministro, que se resume en lo siguiente: el gobierno no se compromete en frenar las importaciones del grano ni a ponerle talanqueras al contrabando, ni a soluciones de fondo sobre  las inundaciones de los r\u00edos Cauca y San Jorge. <\/p>\n<p>A rengl\u00f3n seguido ahondaron en la exposici\u00f3n de la problem\u00e1tica  del sector agropecuario en esta subregi\u00f3n sucre\u00f1a el concejal JOSE MONTERROZA y representante legal de la Cooperativa de Arroceros de San Marcos  y ARNULFO ORTEGA; por el sector lechero ROBERTO VILLEGAS y MIGUEL SUAREZ; por la pesca MILDRED RAMOS, ex alcaldesa, y los se\u00f1ores GUSTAVO QUICENO y WILSON LAMBRA\u00d1O, miembros de la Uni\u00f3n de Representantes de Asociaciones de Pescadores URAPES; JESUS ZULETA DE LA OSSA, peque\u00f1o comerciante, SANTIAGO MOSQUERA, docente, entre otros, sobre la problem\u00e1tica en general expresada en las siguientes realidades:<\/p>\n<p>.  Quiebra de los arroceros, el pescado se agot\u00f3 en las ci\u00e9nagas y en el r\u00edo  San Jorge y la prohibici\u00f3n de vender leche en cantina amenaza con arruinar a centenares de familias que viven de esa actividad. Esa tragedia, en la regi\u00f3n del San Jorge y La Mojana, caracterizada por el Banco Munial como las mejores tierras de Colombia para la producci\u00f3n agropecuaria, algo parad\u00f3jico de suyo.<\/p>\n<p>En respuesta a la problem\u00e1tica expuesta por los dirigentes c\u00edvicos y gremiales,  AURELIO SUAREZ MONTOYA se\u00f1al\u00f3 las causas reales que generan la calamitosa situaci\u00f3n. Se refiri\u00f3 al libre comercio (Apertura, TLCs.,) y la crisis de sector agropecuario, heredada de gobierrnos anteriores y la continuidad de las mismas pol\u00edticas neoliberales  en el gobierno de Santos. En su intervenci\u00f3n toc\u00f3 asuntos puntuales, a saber:<\/p>\n<p>Primero, Colombia desde 1990 con la llamada frase de \u201cbienvenidos al futuro\u201d lo metieron en el tema de la Apertura. Al pa\u00eds le dijeron lo siguiente: \u201cSi  abrimos las puertas de nuestra econom\u00eda a la entrada de productos extranjeros a nosotros nos van a recibir nuestros productos en los mercados extranjeros y vamos hacer un gran negocio\u201d. Qu\u00e9 ha pasado despu\u00e9s de 20 a\u00f1os de  libre comercio en el agro colombiano? : La gran tragedia nacional,  Colombia perdi\u00f3 su soberan\u00eda y seguridad alimentaria. Se importa el 95% del trigo, 100% de la cebada, 75% del ma\u00edz, 1\/3 parte del frijol, 9 de cada 10 toneladas de sorgo y soya, todo el garbanzo, toda la lenteja , toda la arveja seca, es decir  este es un pa\u00eds que despu\u00e9s de 20 a\u00f1os  lo est\u00e1n alimentando desde afuera.<\/p>\n<p>El \u00fanico cereal que nos queda es el arroz, cuando uno suma todos los cereales que consumen los colombianos la mitad se trae de otros pa\u00edses, la otra mitad es la que produce el arroz, de tal manera que la defensa del arroz se vuelve un aspecto  crucial para lo que nosotros llamamos seguridad alimentaria nacional o soberan\u00eda alimentaria, para que este pa\u00eds en un momento dado no pueda ser un pa\u00eds que lo puedan rendir por hambre porque no tiene como producir la comida b\u00e1sica para sus habitantes.<\/p>\n<p>Segundo: el sistema del arroz del San Jorge est\u00e1 un poco aislado de los circuitos de comercio y producci\u00f3n de arroz predominantes en el pa\u00eds.  Cuatro de cada 5 platos de arroz que nos comemos los colombianos se produce entre Casanare, Meta, Tolima y Huila y algunas zonas como \u00e9sta y el Choc\u00f3 \u2013sitio donde m\u00e1s productores de arroz hay-. Y algunas zonas del norte de Santander y Santander que producen arroz que est\u00e1 por fuera de esos circuitos y por supuesto esto tiene unas ventajas y unas desventajas, m\u00e1s desventajas que ventajas. En general en Colombia el tama\u00f1o en promedio del cultivo del arroz es de 10 hect\u00e1reas y la mayor\u00eda arrienda las tierras para sembrar.<\/p>\n<p>El arroz est\u00e1 en el centro de la mira de los propagadores del libre comercio en este pa\u00eds, estamos  amenazados, que todo el mundo sepa que este es un cultivo que est\u00e1 amenazado por los defensores a ultranza del libre comercio.<\/p>\n<p>La tercera cosa: tenemos una situaci\u00f3n supremamente compleja  en la parte de comercializaci\u00f3n a nivel nacional: de cada 100 kilos de arroz que consumimos  los colombianos 50% los vende el Grupo de arroz Roa, el 20% los vende el grupo arroz Diana, y 10 % el grupo Ruiz  y el otro 20% peque\u00f1os molinos, peque\u00f1os comercializadores y peque\u00f1os empaquetadores que atienden mercados locales como el mercado de las zonas de Sucre, Bajo Cauca y C\u00f3rdoba. Es cierto que muchas personas han perdido sus tierras  en condiciones de comercializaci\u00f3n supremamente negativas del mercado local pero este mercado local tiene la amenaza de los grandes pulpos que manejan la comercializaci\u00f3n del arroz en Colombia, o sea encima de esto hay un elefante que viene por todo, esos grandes grupos que manejan el arroz en Colombia tienen dos caracter\u00edsticas negativas, primero ya han sido sancionados porque han hecho cartel para la compra y venta del arroz, se han puesto de acuerdo a c\u00f3mo le compran entre ellos tres y tambi\u00e9n para cuanto le suben al consumidor y adem\u00e1s son importadores de arroz traen arroz; cu\u00e1nto traen legalmente y cu\u00e1nto traen de contrabando, y ese tema del contrabando del arroz afecta m\u00e1s a las regiones de la costa, de mil manera se le ha dicho al gobierno sin atenci\u00f3n alguna, contrabando del arroz entra por Venezuela y Ecuador, goteo permanente.<\/p>\n<p>Los costos  de producci\u00f3n en San Marcos est\u00e1n en dos millones y medio por hect\u00e1rea, en el interior de del pa\u00eds es m\u00e1s caro por el costo de arrendamiento, pero los bajos precios que fijan los mayoristas que compran cosechas no permite sacar provecho de este factor favorable.<\/p>\n<p>Lo de la leche es una tragedia. La leche al igual que el arroz es lo que nos queda, sin embargo est\u00e1 amenazada la producci\u00f3n de leche en Colombia con la firma de los TLC con Europa y los EEUU. Vienen tambi\u00e9n por ella.<\/p>\n<p>Y la pesca tambi\u00e9n es otro de los renglones golpeados por el libre comercio  y el contrabando, sin contar la  contaminaci\u00f3n de ci\u00e9nagas y lecho de los r\u00edos y los mares por la explotaci\u00f3n minera a cielo abierto y la contaminaci\u00f3n de los desechos t\u00f3xicos  de las multinacionales.<\/p>\n<p> Qu\u00e9 hacer entonces? Trajo a cuento experiencia de la lucha que los gremios  asociados en el Movimiento de Salvaci\u00f3n Nacional Agropecuaria, de organizaci\u00f3n, movilizaci\u00f3n y lucha en defensa de sus intereses. Ese es el camino.<\/p>\n<p>RECOMENDACIONES Y PROPUESTAS:<\/p>\n<p>1.       Conformar un frente de resistencia en defensa del arroz con los productores y molineros del Cauca, San Jorge y C\u00f3rdoba.<\/p>\n<p>2.      Solicitar  vocer\u00eda en el Consejo Nacional del Arroz, para exponer la problem\u00e1tica del grano en el  San Jorge y la  Mojana.<\/p>\n<p>3.      Solicitar que la Comisi\u00f3n 5\u00aa del senado sesione en San Marcos para ventilar la crisis en procura de soluciones efectivas con la presencia del Ministro de Agricultura y los organismos encargados de la financiaci\u00f3n del sector agropecuario.<\/p>\n<p>4.      Integrarse al Movimiento por la Dignidad Arrocera.<\/p>\n<p>5.      Participar del Encuentro Nacional Lechero. <\/p>\n","protected":false},"excerpt":{"rendered":"<p>Se hacen llamar Asociaci\u00f3n de Agricultores en Quiebra. Porque, en efecto, as\u00ed lo est\u00e1n, padeciendo las consecuencias de las pol\u00edticas neoliberales del gobierno para el sector agropecuario, ma\u00e1s la inclemencia invernal que arrasa sus cultivos. Y en condici\u00f3n de tales, se presentaron al Despacho del Ministro de Agricultura para exponer la ruinosa situaci\u00f3n que padecen [&hellip;]<\/p>\n","protected":false},"author":1,"featured_media":0,"comment_status":"open","ping_status":"open","sticky":false,"template":"","format":"standard","meta":{"advanced_seo_description":"","jetpack_seo_html_title":"","jetpack_seo_noindex":false,"_jetpack_memberships_contains_paid_content":false,"footnotes":""},"categories":[7],"tags":[],"class_list":["post-5064","post","type-post","status-publish","format-standard","hentry","category-pronunciamientos-de-organizaciones-sociales"],"jetpack_featured_media_url":"","jetpack-related-posts":[{"id":13240,"url":"https:\/\/moir.com.co\/web\/arroz-contienda-con-el-oligopolio-los-tlc-y-el-gobierno-santos\/","url_meta":{"origin":5064,"position":0},"title":"Arroz, contienda con el oligopolio, los TLC y el Gobierno Santos","author":"admin","date":"septiembre 3, 2017","format":false,"excerpt":"Oscar Guti\u00e9rrez Reyes,\u00a0Director Ejecutivo Nacional\u00a0Dignidad Agropecuaria Colombiana, septiembre 3 de 2017 Ayer, 29 de agosto, tal y como estaba previsto y acordado, se realiz\u00f3 el Paro Nacional Arrocero. En las carreteras de Arauca, Casanare, Meta, Cesar, Norte de Santander, Tolima y Huila caminaron o se instalaron m\u00e1s de 8.000 productores\u2026","rel":"","context":"En \u00abAgro\u00bb","block_context":{"text":"Agro","link":"https:\/\/moir.com.co\/web\/category\/temas\/agro\/"},"img":{"alt_text":"","src":"https:\/\/i0.wp.com\/moir.com.co\/web\/wp-content\/uploads\/2017\/09\/tlccampasinado.jpeg?fit=729%2C536&ssl=1&resize=350%2C200","width":350,"height":200,"srcset":"https:\/\/i0.wp.com\/moir.com.co\/web\/wp-content\/uploads\/2017\/09\/tlccampasinado.jpeg?fit=729%2C536&ssl=1&resize=350%2C200 1x, https:\/\/i0.wp.com\/moir.com.co\/web\/wp-content\/uploads\/2017\/09\/tlccampasinado.jpeg?fit=729%2C536&ssl=1&resize=525%2C300 1.5x, https:\/\/i0.wp.com\/moir.com.co\/web\/wp-content\/uploads\/2017\/09\/tlccampasinado.jpeg?fit=729%2C536&ssl=1&resize=700%2C400 2x"},"classes":[]},{"id":1034,"url":"https:\/\/moir.com.co\/web\/marcharemos-por-la-dignidad-de-los-arroceros-y-el-empleo-de-la-region\/","url_meta":{"origin":5064,"position":1},"title":"MARCHAREMOS POR LA DIGNIDAD DE LOS ARROCEROS Y EL EMPLEO DE LA REGI\u00d3N","author":"admin","date":"octubre 7, 2004","format":false,"excerpt":"Centenares de agricultores y trabajadores participaremos masivamente en la marcha por la dignidad arrocera programada para el 19 de Octubre de 2004 hacia las capitales del Tolima, Huila y Meta. Las razones m\u00e1s que suficientes son las 7 bajas consecutivas en el precio del cereal, decretados por la gran industria\u2026","rel":"","context":"En \u00abPronunciamientos de Organizaciones Sociales\u00bb","block_context":{"text":"Pronunciamientos de Organizaciones Sociales","link":"https:\/\/moir.com.co\/web\/category\/pronunciamientos-de-organizaciones-sociales\/"},"img":{"alt_text":"","src":"","width":0,"height":0},"classes":[]},{"id":462,"url":"https:\/\/moir.com.co\/web\/el-cultivo-del-arroz-y-las-siete-plagas-de-egipto\/","url_meta":{"origin":5064,"position":2},"title":"EL CULTIVO DEL ARROZ Y LAS SIETE PLAGAS DE EGIPTO","author":"admin","date":"agosto 9, 2004","format":false,"excerpt":"Asociaci\u00f3n Nacional por la Salvaci\u00f3n Agropeciaria, Ibagu\u00e9, diciembre 13 de 2002. Agoniza el Cultivo del Arroz entre la Demagogia del Gobierno, la Falta de Semillas, la Antit\u00e9cnica, los Costos de los Insumos, los Ruinosos Precios del Grano, la Carga Tributaria y los Tratados Internacionales (Pacto Andino y ALCA). El incremento\u2026","rel":"","context":"En \u00abPronunciamientos de Organizaciones Sociales\u00bb","block_context":{"text":"Pronunciamientos de Organizaciones Sociales","link":"https:\/\/moir.com.co\/web\/category\/pronunciamientos-de-organizaciones-sociales\/"},"img":{"alt_text":"","src":"","width":0,"height":0},"classes":[]},{"id":664,"url":"https:\/\/moir.com.co\/web\/polemica-por-importacion-de-arroz-que-derrumba-precios-a-cultivadores-y-crecen-los-del-consumidor\/","url_meta":{"origin":5064,"position":3},"title":"POL\u00c9MICA POR IMPORTACI\u00d3N DE ARROZ QUE DERRUMBA PRECIOS A CULTIVADORES Y CRECEN LOS DEL CONSUMIDOR","author":"admin","date":"agosto 11, 2004","format":false,"excerpt":"En el debate est\u00e1n enfrascados La industria molinera, los productores de arroz y el Ministerio de Agricultura. El debate se abri\u00f3 luego de que la carga de 125 kilos que se les compra a los cultivadores cay\u00f3, en solo tres meses, de 85.000 a 77.000 pesos (9%). Mientras tanto, los\u2026","rel":"","context":"En \u00abPronunciamientos de Organizaciones Sociales\u00bb","block_context":{"text":"Pronunciamientos de Organizaciones Sociales","link":"https:\/\/moir.com.co\/web\/category\/pronunciamientos-de-organizaciones-sociales\/"},"img":{"alt_text":"","src":"","width":0,"height":0},"classes":[]},{"id":999,"url":"https:\/\/moir.com.co\/web\/se-cocina-paro-nacional-arrocero\/","url_meta":{"origin":5064,"position":4},"title":"SE COCINA PARO NACIONAL ARROCERO","author":"admin","date":"septiembre 7, 2004","format":false,"excerpt":"Oscar Var\u00f3n, El NUevo D\u00eda, Ibagu\u00e9, septiembre 13 de 2004 La semana arranc\u00f3 con una nueva reducci\u00f3n de los precios de arroz en el pa\u00eds. Esto desencadenar\u00e1 un paro nacional de los productores del cereal, del cual se definir\u00e1 su hora cero el pr\u00f3ximo jueves 16 de septiembre cuando diferentes\u2026","rel":"","context":"En \u00abPronunciamientos de Organizaciones Sociales\u00bb","block_context":{"text":"Pronunciamientos de Organizaciones Sociales","link":"https:\/\/moir.com.co\/web\/category\/pronunciamientos-de-organizaciones-sociales\/"},"img":{"alt_text":"","src":"","width":0,"height":0},"classes":[]},{"id":7983,"url":"https:\/\/moir.com.co\/web\/tlc-y-otros-verdugos\/","url_meta":{"origin":5064,"position":5},"title":"TLC y otros verdugos","author":"admin","date":"octubre 11, 2013","format":false,"excerpt":"No han faltado los comentarios rimbombantes de distintos \u201cformadores de opini\u00f3n\u201d, adictos al modelo econ\u00f3mico, que tantas congojas ha ocasionado a los productores rurales de Colombia, cuyo centro es la pol\u00edtica de libre comercio con eje central en los TLC, quienes contra la evidencia de la baja en los precios\u2026","rel":"","context":"En \u00abTemas\u00bb","block_context":{"text":"Temas","link":"https:\/\/moir.com.co\/web\/category\/temas\/"},"img":{"alt_text":"","src":"","width":0,"height":0},"classes":[]}],"jetpack_sharing_enabled":true,"_links":{"self":[{"href":"https:\/\/moir.com.co\/web\/wp-json\/wp\/v2\/posts\/5064","targetHints":{"allow":["GET"]}}],"collection":[{"href":"https:\/\/moir.com.co\/web\/wp-json\/wp\/v2\/posts"}],"about":[{"href":"https:\/\/moir.com.co\/web\/wp-json\/wp\/v2\/types\/post"}],"author":[{"embeddable":true,"href":"https:\/\/moir.com.co\/web\/wp-json\/wp\/v2\/users\/1"}],"replies":[{"embeddable":true,"href":"https:\/\/moir.com.co\/web\/wp-json\/wp\/v2\/comments?post=5064"}],"version-history":[{"count":0,"href":"https:\/\/moir.com.co\/web\/wp-json\/wp\/v2\/posts\/5064\/revisions"}],"wp:attachment":[{"href":"https:\/\/moir.com.co\/web\/wp-json\/wp\/v2\/media?parent=5064"}],"wp:term":[{"taxonomy":"category","embeddable":true,"href":"https:\/\/moir.com.co\/web\/wp-json\/wp\/v2\/categories?post=5064"},{"taxonomy":"post_tag","embeddable":true,"href":"https:\/\/moir.com.co\/web\/wp-json\/wp\/v2\/tags?post=5064"}],"curies":[{"name":"wp","href":"https:\/\/api.w.org\/{rel}","templated":true}]}}