{"id":504,"date":"2004-08-09T07:00:00","date_gmt":"2004-08-09T07:00:00","guid":{"rendered":"https:\/\/moir.org.co\/web\/salvacion-agropecuaria-aprueba-gran-campana-contra-el-alca\/"},"modified":"2004-08-09T07:00:00","modified_gmt":"2004-08-09T07:00:00","slug":"salvacion-agropecuaria-aprueba-gran-campana-contra-el-alca","status":"publish","type":"post","link":"https:\/\/moir.com.co\/web\/salvacion-agropecuaria-aprueba-gran-campana-contra-el-alca\/","title":{"rendered":"SALVACI\u00d3N AGROPECUARIA APRUEBA GRAN CAMPA\u00d1A CONTRA EL ALCA"},"content":{"rendered":"<p>Salvaci\u00f3n Agropecuaria, marzo 27 de 2003<\/p>\n<p>La VII Junta nacional de la Asociaci\u00f3n Nacional por la Salvaci\u00f3n Agropecuaria, reunida en Ibagu\u00e9 con la presencia de 220 delegados, en representaci\u00f3n de cerca de 30 organizaciones regionales y nacionales de productores agropecuarios, de profesionales del sector y de estudiantes universitarios de carreras afines, aprob\u00f3 como conclusi\u00f3n principal una gran campa\u00f1a de explicaci\u00f3n, difusi\u00f3n y movilizaci\u00f3n en contra de la inclusi\u00f3n de Colombia en el \u00c1rea de Libre Comercio de las Am\u00e9ricas \u2013ALCA-.<\/p>\n<p>Esa campa\u00f1a, en su primera fase, consistir\u00e1 en una intensa actividad propagand\u00edstica, en la realizaci\u00f3n de foros, conferencias, encuentros y movilizaciones que concluir\u00e1n en una gran marcha hacia Bogot\u00e1 el d\u00eda 12 de agosto de 2003. Los delegados se comprometieron a iniciar, desde ahora, las tareas necesarias para hacer de esa jornada una exitosa demostraci\u00f3n de rechazo a la imposici\u00f3n del ALCA y una contribuci\u00f3n en el marco de la lucha de los agricultores de Am\u00e9rica Latina en ese sentido.<\/p>\n<p>As\u00ed mismo, la Junta aprob\u00f3 resoluciones de rechazo a las pol\u00edticas que contra el agro est\u00e1n contenidas en el Plan Nacional de Desarrollo y respald\u00f3 la intenci\u00f3n de los congresistas que est\u00e1n insistiendo en incluir en \u00e9l mecanismos de protecci\u00f3n a la producci\u00f3n agropecuaria nacional frente a las importaciones subsidiadas. De otra parte, ante el desastre econ\u00f3mico y social que se vive en la zona cafetera, se exigi\u00f3 la modificaci\u00f3n de la pol\u00edtica oficial hacia el caf\u00e9 tanto en el apoyo gubernamental a los caficultores para cr\u00e9dito y asistencia t\u00e9cnica -pr\u00e1cticamente desaparecido- como en el mecanismo de fijaci\u00f3n del precio interno del caf\u00e9, el cual s\u00f3lo consulta las cuentas de los exportadores. Tambi\u00e9n se ratific\u00f3 la oposici\u00f3n expresada con antelaci\u00f3n a las fumigaciones a\u00e9reas con glifosato que el gobierno del Presidente Uribe planea hacer sobre las zonas productoras de caf\u00e9 dentro de los programas contra los cultivos il\u00edcitos.<\/p>\n<p>La Junta decidi\u00f3 elevar, de nuevo, el respaldo a las movilizaciones y expresiones de resistencia civil en contra de los remates, embargos y procesos jur\u00eddicos que se est\u00e1n adelantando por el fracaso de muchos de los planes de refinanciaci\u00f3n tanto en la zona cafetera como en la Costa Atl\u00e1ntica y otras regiones. Igualmente se inst\u00f3 al ministro de Hacienda a refrendar la solicitud de eliminaci\u00f3n del IVA a la panela, presentada a trav\u00e9s del proyecto de Ley que el senador Jorge Enrique Robledo ha puesto a su consideraci\u00f3n. Finalmente, al evaluar los efectos que el proyecto de Referendo, de ser aprobado, tendr\u00eda sobre los pobladores rurales del pa\u00eds y, en aras de la tradici\u00f3n democr\u00e1tica que siempre ha guiado a la Asociaci\u00f3n, se aprob\u00f3 convocar a todos los afiliados a la abstenci\u00f3n activa frente a dicha consulta.<\/p>\n<p>Aurelio Su\u00e1rez Montoya<br \/>\nDirector Ejecutivo. <\/p>\n","protected":false},"excerpt":{"rendered":"<p>Salvaci\u00f3n Agropecuaria, marzo 27 de 2003 La VII Junta nacional de la Asociaci\u00f3n Nacional por la Salvaci\u00f3n Agropecuaria, reunida en Ibagu\u00e9 con la presencia de 220 delegados, en representaci\u00f3n de cerca de 30 organizaciones regionales y nacionales de productores agropecuarios, de profesionales del sector y de estudiantes universitarios de carreras afines, aprob\u00f3 como conclusi\u00f3n principal [&hellip;]<\/p>\n","protected":false},"author":1,"featured_media":0,"comment_status":"open","ping_status":"open","sticky":false,"template":"","format":"standard","meta":{"advanced_seo_description":"","jetpack_seo_html_title":"","jetpack_seo_noindex":false,"_jetpack_memberships_contains_paid_content":false,"footnotes":""},"categories":[7],"tags":[],"class_list":["post-504","post","type-post","status-publish","format-standard","hentry","category-pronunciamientos-de-organizaciones-sociales"],"jetpack_featured_media_url":"","jetpack-related-posts":[{"id":495,"url":"https:\/\/moir.com.co\/web\/llamamiento-a-fortalecer-la-asociacion-nacional-por-la-salvacion-agropecuaria\/","url_meta":{"origin":504,"position":0},"title":"LLAMAMIENTO A FORTALECER LA ASOCIACI\u00d3N NACIONAL POR LA SALVACI\u00d3N AGROPECUARIA","author":"admin","date":"agosto 9, 2004","format":false,"excerpt":"Foro Agropecuario de la Costa Atl\u00e1ntica, Cartagena de Indias, marzo 21 de 2003 Los agricultores , representantes y dirigentes de distintos sectores de la agricultura y la ganader\u00eda de los departamentos de Bol\u00edvar, Cesar, C\u00f3rdoba, Magdalena, Sucre y Atl\u00e1ntico , as\u00ed como de las distintas profesiones relacionadas con el trabajo\u2026","rel":"","context":"En \u00abPronunciamientos de Organizaciones Sociales\u00bb","block_context":{"text":"Pronunciamientos de Organizaciones Sociales","link":"https:\/\/moir.com.co\/web\/category\/pronunciamientos-de-organizaciones-sociales\/"},"img":{"alt_text":"","src":"","width":0,"height":0},"classes":[]},{"id":514,"url":"https:\/\/moir.com.co\/web\/exitoso-encuentro-de-dirigentes-del-sector-agropecuario-del-quindio-y-norte-del-valle\/","url_meta":{"origin":504,"position":1},"title":"EXITOSO ENCUENTRO DE DIRIGENTES DEL SECTOR AGROPECUARIO DEL QUIND\u00cdO Y NORTE DEL VALLE","author":"admin","date":"agosto 9, 2004","format":false,"excerpt":"Antonio Jos\u00e9 Guti\u00e9rrez Blanco, Armenia, mayo 5 de 2003 Con la presencia de 112 delegados de 15 municipios del Quind\u00edo y del norte de Valle, se llev\u00f3 a cabo, el 29 de abril en el Centro Recreacional de Confenalco del Alto del R\u00edo, en Calarc\u00e1 (Quind\u00edo), un exitoso encuentro de\u2026","rel":"","context":"En \u00abPronunciamientos de Organizaciones Sociales\u00bb","block_context":{"text":"Pronunciamientos de Organizaciones Sociales","link":"https:\/\/moir.com.co\/web\/category\/pronunciamientos-de-organizaciones-sociales\/"},"img":{"alt_text":"","src":"","width":0,"height":0},"classes":[]},{"id":550,"url":"https:\/\/moir.com.co\/web\/miles-de-agricultores-indigenas-y-productores-agropecuarios-desfilaran-en-bogota-contra-el-alca-en-martes-12-de-agosto\/","url_meta":{"origin":504,"position":2},"title":"MILES DE AGRICULTORES IND\u00cdGENAS Y PRODUCTORES AGROPECUARIOS DESFILAR\u00c1N EN BOGOT\u00c1 CONTRA EL ALCA EN MARTES 12 DE AGOSTO","author":"admin","date":"agosto 10, 2004","format":false,"excerpt":"Salvaci\u00f3n Agropecuaria, agosto 8 de 2003 Delegaciones de m\u00e1s de 20 departamentos, de cerca de 200 municipios, representando a los productores colombianos de caf\u00e9, arroz, panela, leche, hortalizas, banano y pl\u00e1tano y de los principales g\u00e9neros agropecuarios, desfilar\u00e1n el martes 12 de agosto, despu\u00e9s del medio d\u00eda, por las calles\u2026","rel":"","context":"En \u00abPronunciamientos de Organizaciones Sociales\u00bb","block_context":{"text":"Pronunciamientos de Organizaciones Sociales","link":"https:\/\/moir.com.co\/web\/category\/pronunciamientos-de-organizaciones-sociales\/"},"img":{"alt_text":"","src":"","width":0,"height":0},"classes":[]},{"id":580,"url":"https:\/\/moir.com.co\/web\/presidente-de-salvacion-agropecuaria-en-tunja-la-universidad-y-agricultores-boyacenses-condenan-conspiracion-de-omc-en-cancun\/","url_meta":{"origin":504,"position":3},"title":"PRESIDENTE DE SALVACION AGROPECUARIA EN TUNJA, LA UNIVERSIDAD Y AGRICULTORES BOYACENSES CONDENAN CONSPIRACION DE OMC EN CANC\u00daN","author":"admin","date":"agosto 11, 2004","format":false,"excerpt":"Dentro de la jornada Nacional de protesta contra el ALCA, coincidente con la reuni\u00f3n de la Organizaci\u00f3n Mundial de Comercio -OMC- en Canc\u00fan, la Asociaci\u00f3n Nacional por la Salvaci\u00f3n Agropecuaria-Cap\u00edtulo de Boyac\u00e1 llev\u00f3 a cabo la evaluaci\u00f3n de la Marcha Nacional realizada el pasado 12 de Agosto y la programaci\u00f3n\u2026","rel":"","context":"En \u00abPronunciamientos de Organizaciones Sociales\u00bb","block_context":{"text":"Pronunciamientos de Organizaciones Sociales","link":"https:\/\/moir.com.co\/web\/category\/pronunciamientos-de-organizaciones-sociales\/"},"img":{"alt_text":"","src":"","width":0,"height":0},"classes":[]},{"id":640,"url":"https:\/\/moir.com.co\/web\/salvacion-agropecuaria-dira-no-al-alca-y-al-tlc-el-15-de-abril\/","url_meta":{"origin":504,"position":4},"title":"\u00a1SALVACI\u00d3N  AGROPECUARIA DIR\u00c1 NO AL ALCA Y AL TLC EL 15 DE ABRIL!","author":"admin","date":"agosto 11, 2004","format":false,"excerpt":"La Asociaci\u00f3n Nacional por la Salvaci\u00f3n Agropecuaria, seg\u00fan lo convenido con organizaciones agrarias, campesinas, ind\u00edgenas, sindicales y sociales de Colombia, Ecuador, Per\u00fa y Bolivia y de acuerdo al mandato de su VIII Junta Nacional, se movilizar\u00e1 el pr\u00f3ximo jueves 15 de abril en el marco de la Primera Jornada Andina\u2026","rel":"","context":"En \u00abPronunciamientos de Organizaciones Sociales\u00bb","block_context":{"text":"Pronunciamientos de Organizaciones Sociales","link":"https:\/\/moir.com.co\/web\/category\/pronunciamientos-de-organizaciones-sociales\/"},"img":{"alt_text":"","src":"","width":0,"height":0},"classes":[]},{"id":487,"url":"https:\/\/moir.com.co\/web\/convocatoria-de-la-vii-junta-directiva-nacional-de-la-asociacion-nacional-por-la-salvacion-agropecuaria\/","url_meta":{"origin":504,"position":5},"title":"CONVOCATORIA DE LA VII JUNTA DIRECTIVA NACIONAL DE LA ASOCIACI\u00d3N NACIONAL POR LA SALVACI\u00d3N AGROPECUARIA","author":"admin","date":"agosto 9, 2004","format":false,"excerpt":"Asociaci\u00f3n Nacional por la Salvaci\u00f3n Agropecuaria, Ibagu\u00e9, marzo 11 de 2003 Despu\u00e9s de transcurridos m\u00e1s de ocho meses de la posesi\u00f3n de Alvaro Uribe V\u00e9lez en la Presidencia de la Rep\u00fablica, el sector agropecuario colombiano debe hacer un balance de las medidas que han emanado del gobierno en este periodo\u2026","rel":"","context":"En \u00abPronunciamientos de Organizaciones Sociales\u00bb","block_context":{"text":"Pronunciamientos de Organizaciones Sociales","link":"https:\/\/moir.com.co\/web\/category\/pronunciamientos-de-organizaciones-sociales\/"},"img":{"alt_text":"","src":"","width":0,"height":0},"classes":[]}],"jetpack_sharing_enabled":true,"_links":{"self":[{"href":"https:\/\/moir.com.co\/web\/wp-json\/wp\/v2\/posts\/504","targetHints":{"allow":["GET"]}}],"collection":[{"href":"https:\/\/moir.com.co\/web\/wp-json\/wp\/v2\/posts"}],"about":[{"href":"https:\/\/moir.com.co\/web\/wp-json\/wp\/v2\/types\/post"}],"author":[{"embeddable":true,"href":"https:\/\/moir.com.co\/web\/wp-json\/wp\/v2\/users\/1"}],"replies":[{"embeddable":true,"href":"https:\/\/moir.com.co\/web\/wp-json\/wp\/v2\/comments?post=504"}],"version-history":[{"count":0,"href":"https:\/\/moir.com.co\/web\/wp-json\/wp\/v2\/posts\/504\/revisions"}],"wp:attachment":[{"href":"https:\/\/moir.com.co\/web\/wp-json\/wp\/v2\/media?parent=504"}],"wp:term":[{"taxonomy":"category","embeddable":true,"href":"https:\/\/moir.com.co\/web\/wp-json\/wp\/v2\/categories?post=504"},{"taxonomy":"post_tag","embeddable":true,"href":"https:\/\/moir.com.co\/web\/wp-json\/wp\/v2\/tags?post=504"}],"curies":[{"name":"wp","href":"https:\/\/api.w.org\/{rel}","templated":true}]}}