{"id":503,"date":"2004-08-09T07:00:00","date_gmt":"2004-08-09T07:00:00","guid":{"rendered":"https:\/\/moir.org.co\/web\/resoluciones-aprobadas-en-la-vii-junta-nacional-de-la-asociacion-nacional-por-la-salvacion-agropecuaria\/"},"modified":"2004-08-09T07:00:00","modified_gmt":"2004-08-09T07:00:00","slug":"resoluciones-aprobadas-en-la-vii-junta-nacional-de-la-asociacion-nacional-por-la-salvacion-agropecuaria","status":"publish","type":"post","link":"https:\/\/moir.com.co\/web\/resoluciones-aprobadas-en-la-vii-junta-nacional-de-la-asociacion-nacional-por-la-salvacion-agropecuaria\/","title":{"rendered":"RESOLUCIONES APROBADAS EN LA VII JUNTA NACIONAL DE LA ASOCIACI\u00d3N NACIONAL POR LA SALVACI\u00d3N AGROPECUARIA"},"content":{"rendered":"<p>Salvaci\u00f3n Agropecuaria, Ibagu\u00e9, marzo 27 de 2003<\/p>\n<p>No al ALCA<br \/>\nContra las fumigaciones de glifosato en las zonas cafeteras<br \/>\nSobre la situaci\u00f3n cafetera<br \/>\nSobre el referendo<br \/>\nSobre el proyecto de eliminaci\u00f3n del IVA a la panela<br \/>\nSobre la condonaci\u00f3n de deudas<br \/>\nDeclaraci\u00f3n p\u00fablica sobre el Plan Nacional de Desarrollo<\/p>\n<p>&#8212;&#8212;&#8212;&#8212;&#8212;&#8212;&#8212;&#8212;&#8212;&#8212;&#8212;&#8212;&#8212;&#8212;&#8212;&#8212;&#8212;&#8212;&#8212;&#8212;&#8212;&#8212;&#8212;&#8212;&#8212;&#8212;&#8211;<\/p>\n<p>1. NO AL ALCA<\/p>\n<p>Desde 1995 se viene negociando una apertura total de los mercados de capitales y de los bienes agr\u00edcolas y no agr\u00edcolas para el continente en miras de conformar un \u00c1rea de Libre Comercio para las Am\u00e9ricas, ALCA. A partir de 1998 se conformaron nueve (9) grupos de negociaci\u00f3n entre los cuales hay uno para la agricultura y otro referente al tema de los subsidios y del comercio desleal.<\/p>\n<p>Hasta la fecha tales documentos no consignan ninguna garant\u00eda para la estabilidad y el progreso del sector agropecuario nacional; sino por el contrario, ahondan en los males que llevaron a situaciones desastrosas a la producci\u00f3n rural colombiana en la \u00faltima d\u00e9cada. Los productos y sectores que ostentan en la actualidad alg\u00fan nivel de protecci\u00f3n para defenderse de las importaciones que ingresan al pa\u00eds a precios por debajo del costo de producci\u00f3n, como el arroz, la papa, el az\u00facar, la carne de pollo y el huevo, la carne de res y de cerdo, la leche y algunas calidades de ma\u00edz; en este nuevo acuerdo perder\u00e1n esa prerrogativa y estar\u00e1n sometidos a la m\u00e1s injusta competencia.<\/p>\n<p>Para otros casos, como el del caf\u00e9 y la palma africana, la confrontaci\u00f3n puede ser todav\u00eda peor. Al final, los subsidios de los pa\u00edses poderosos, la sobreproducci\u00f3n, los bajos salarios, los varios or\u00edgenes y calidades, altamente sustitutos entre s\u00ed, presagian que podr\u00eda presentarse, tanto en cultivos permanentes como en semestrales, tanto en los tropicales como en los que son comunes a los distintos climas, una hecatombe econ\u00f3mica y social en el campo colombiano peor que la vivida hasta ahora.<\/p>\n<p>Como un agravante hay que se\u00f1alar que en los actuales momentos, definitivos en las negociaciones, el gobierno de Alvaro Uribe V\u00e9lez, representado en el Ministerio de Comercio Exterior, ha conducido la posici\u00f3n de Colombia en forma contraria a los verdaderos intereses nacionales. En octubre de 2002, luego de que el pa\u00eds en conjunto con la Comunidad Andina se hab\u00eda comprometido en un nivel arancelario por encima del 60%, para iniciar a partir de all\u00ed la reducci\u00f3n de las tarifas aduaneras; por presiones de los Estados Unidos y de los representantes de las industrias multinacionales, dicha disposici\u00f3n inicial fue cambiada, seg\u00fan se sabe a niveles inferiores en al menos una tercera parte.<\/p>\n<p>As\u00ed mismo, el pasado 15 de febrero los funcionarios del Ministerio de Comercio Exterior del actual gobierno presentaron una desventajosa oferta agr\u00edcola frente a nuestros competidores; la cual fue, entre las de la comunidad andina, la m\u00e1s d\u00e9bil de todas. No s\u00f3lo se incluy\u00f3 en ella todo el universo de los g\u00e9neros agropecuarios para llevarlos a la total apertura comercial sino que para hacerla no se expres\u00f3 ninguna condicionalidad frente a los subsidios de Estados Unidos y otros pa\u00edses con el fin de iniciar en el a\u00f1o 2006 la plena entrega de los mercados internos agropecuarios a los productos extranjeros.<\/p>\n<p>Adem\u00e1s de lo anterior, y como lo peor de todo, funcionarios de Planeaci\u00f3n Nacional y asesores del gobierno est\u00e1n propalando en distintos \u00e1mbitos y escenarios la especializaci\u00f3n del agro colombiano en productos tropicales como \u00fanica alternativa futura posible para el trabajo rural. En ese sentido, se olvida la amarga experiencia de la industria cafetera y adem\u00e1s se consagra la p\u00e9rdida de la soberan\u00eda alimentaria nacional y, por consiguiente, se declara a nuestro pa\u00eds como altamente dependiente para nutrir con una dieta b\u00e1sica adecuada y suficiente a su poblaci\u00f3n. Se conforma as\u00ed una debilidad estrat\u00e9gica para Colombia y se entrega a las potencias un valioso instrumento para someternos.<\/p>\n<p>La VII Junta Nacional de la Asociaci\u00f3n Nacional por la Salvaci\u00f3n Agropecuaria, reunida el d\u00eda de hoy en la ciudad de Ibagu\u00e9, exige del gobierno nacional suspender inmediatamente las negociaciones del ALCA en el sector de la agricultura y, por el contrario, adoptar una pol\u00edtica consecuente y patri\u00f3tica en defensa de la soberan\u00eda alimentaria del pa\u00eds y del trabajo de los quince millones de colombianos que vivimos en el campo y que constituimos un soporte fundamental para el progreso y el desarrollo de la patria.<\/p>\n<p>Para hacer conocer esta posici\u00f3n, la Asociaci\u00f3n Nacional por la Salvaci\u00f3n Agropecuaria, mediante distinto tipo de actividades p\u00fablicas la propagar\u00e1 por todo el territorio colombiano y convocar\u00e1 a todos los sectores y organizaciones agrarias y campesinas a unirse a esa campa\u00f1a; la cual, en primera instancia, culminar\u00e1 en una gran manifestaci\u00f3n agraria y social de los productores agropecuarios colombianos en la capital de la Rep\u00fablica bajo el lema: \u00a8NO AL ALCA\u00a8.<\/p>\n<p>2. CONTRA LAS FUMIGACIONES DE GLIFOSATO EN LAS ZONAS CAFETERAS<\/p>\n<p>Dos d\u00edas antes de la venida al pa\u00eds del Secretario de Estado norteamericano, Collin Powell, en el marco de LXII Congreso Nacional Cafetero, el Presidente Alvaro Uribe V\u00e9lez anunci\u00f3 a los delegados a ese evento que las regiones de la zona cafetera donde se conociera de la presencia de cultivos de coca y amapola ser\u00edan fumigadas por v\u00eda a\u00e9rea con glifosato. Posteriormente, en visita a Washington, la canciller ratific\u00f3 \u201cese compromiso\u201d con el gobierno norteamericano.<\/p>\n<p>El ministro del Interior, Fernando Londo\u00f1o Hoyos, advirti\u00f3 luego que \u201cllover\u00e1 glifosato\u201d sobre la zona cafera del pa\u00eds. Esta decisi\u00f3n, aparte de los da\u00f1os que tendr\u00e1 la aspersi\u00f3n a\u00e9rea de este producto t\u00f3xico sobre otros cultivos como los mismos cafetales, las personas, las aguas, el medio ambiente y la biodiversidad, traer\u00e1 graves consecuencias econ\u00f3micas sobre la caficultura colombiana, al influir en la marca de calidad del grano verde colombiano en los mercados externos. La noticia de que la \u201czona cafetera de Colombia se est\u00e1 fumigando por v\u00eda a\u00e9rea con glifosato\u201d colocar\u00eda en grave riesgo la prima de calidad de nuestro caf\u00e9 y con ello dar\u00eda al traste con la cotizaci\u00f3n y de paso con centenares de proyectos de caf\u00e9 especial que muchos caficultores est\u00e1n adelantando. No ser\u00e1 f\u00e1cil explicar en el exterior la diferenciaci\u00f3n entre los territorios afectados y los que no lo est\u00e1n. Se estima que, para una exportaci\u00f3n de 10 millones anuales de sacos, la p\u00e9rdida de esa prima restar\u00eda 120 millones de d\u00f3lares a los ingresos cafeteros.<\/p>\n<p>Adem\u00e1s de que ese m\u00e9todo ha demostrado su ineficacia, se sabe que la dosis de 10 litros de glifosato por hect\u00e1rea, la que se piensa aplicar, es altamente nociva y, acorde con la expresi\u00f3n de Londo\u00f1o Hoyos, no se considerar\u00e1 la resoluci\u00f3n 1065 de 2001 del Ministerio del Medio Ambiente que establece, entre otros, la prohibici\u00f3n de fumigar en zonas ambientalmente estrat\u00e9gicas. La imposici\u00f3n norteamericana tiene un elemento adicional: tanto la firma que produce el glifosato para la fumigaci\u00f3n como una de las principales compa\u00f1\u00edas que compra el caf\u00e9 colombiano a nivel mundial pertenece al mismo grupo financiero norteamericano que se ver\u00eda as\u00ed doblemente beneficiado en contra de los ya precarios ingresos del medio mill\u00f3n de familias cafeteras de Colombia.<\/p>\n<p>La VII Junta Nacional de la Asociaci\u00f3n Nacional por la Salvaci\u00f3n Agropecuaria rechaza las fumigaciones con glifosato por v\u00eda a\u00e9rea en las zonas caferas de Colombia bajo el supuesto de combatir los cultivos il\u00edcitos y reclama del gobierno nacional mecan\u00edsmo diferentes y concertados para resolver esta situaci\u00f3n cuyo \u00fanico origen es la crisis del caf\u00e9 causada por los mismo Estados Unidos al romper el Pacto Internacional de Cuotas en 1989. Solamente, entre 1997 y 2002, por la disminuci\u00f3n de los ingresos de las exportaciones colombianas a los Estados Unidos se han dejado de recibir m\u00e1s de mil millones de d\u00f3lares que han ido a parar a las arcas de quienes hoy nos imponen una inicua pol\u00edtica antidrogas.<\/p>\n<p>3. SOBRE LA SITUACI\u00d3N CAFETERA<\/p>\n<p>Las promesas electorales incumplidas en torno al apoyo al caficultor por parte del Presidente Alvaro Uribe V\u00e9lez, justificadas con la disculpa de las \u201cdificultades fiscales\u201d del gobierno, se han traducido en la reducci\u00f3n de los aportes del presupuesto oficial al sostenimiento de la industria cafetera. \u201cEl Acuerdo\u201d suscrito entre la Federaci\u00f3n y el Gobierno disminuy\u00f3 en 2002 el subsidio al precio interno de $30.000 a $25.000 por carga, elimin\u00f3 los recursos p\u00fablicos para atender los programas especiales de cr\u00e9dito y renovaci\u00f3n de cafetales y \u201dprivatiz\u00f3\u201d la prestaci\u00f3n de la asistencia t\u00e9cnica a quienes responden por el 45% de la producci\u00f3n colombiana.<\/p>\n<p>\u201cEl acuerdo\u201d suscrito para 2003 entre la Federaci\u00f3n y el Gobierno reitera los mismos elementos de pr\u00e1ctico abandono del apoyo oficial a la caficultura. El subsidio al precio interno est\u00e1 ahora en 12 mil pesos por carga, recortado en m\u00e1s de la mitad con relaci\u00f3n al de hace ocho meses, los programas de renovaci\u00f3n son completamente insuficientes y l\u00edmitados y las facilidades para acceder al cr\u00e9dito han desaparecido.<\/p>\n<p>Por el contrario, a trav\u00e9s de la reforma tributaria, el gobierno de Uribe V\u00e9lez continua extrayendo recursos de los bolsillos de los cafeteros para el sostenimiento del Estado. El IVA al caf\u00e9 pergamino y la contribuci\u00f3n del 5% del precio internacional del caf\u00e9 para el sostenimiento del precio interno por parte de los mismos caficultores demuestra que en este a\u00f1o ser\u00e1 mucho m\u00e1s lo que la industria del caf\u00e9 entregar\u00e1 al fisco que lo que recibir\u00e1 de \u00e9l.<\/p>\n<p>Del mismo modo, en cuanto a la fijaci\u00f3n del precio interno del caf\u00e9, la injusticia no puede ser mayor. En julio de 2002, cuando se inci\u00f3 este gobierno, a un precio externo de 60 centavos de d\u00f3lar le correpond\u00eda un precio interno de 260 mil pesos por carga. Ahora, en marzo de 2003, ocho meses despu\u00e9s, con ese mismo precio externo se est\u00e1n recibiendo 290 mil pesos por carga. De tal manera que ni siquiera se est\u00e1 trasladando al caficultor la devaluaci\u00f3n de la moneda ocurrida en ese lapso, la cual fue del 17.5% mientras el precio interno apenas aument\u00f3 en un 11.5%. As\u00ed se est\u00e1n reflejando los efectos de las pol\u00edticas cafeteras del actual gobierno y, adem\u00e1s, los mecanismos utilizados para determinar el precio; los cuales consultan m\u00e1s a las necesidades de utilidad en las cuentas de los exportadores que a la rentabilidad de los productores.<\/p>\n<p>La VII Junta Nacional de la Asociaci\u00f3n Nacional por la Salvaci\u00f3n Agropecuaria, reunida en Ibagu\u00e9, hace un llamado a las autoridades cafeteras y econ\u00f3micas del pa\u00eds para que modifiquen su pol\u00edtica cafetera, cese el abandono oficial progresivo hacia las necesidades de los cafeteros para que no se siga ahondando la penosa crisis que los productores de caf\u00e9 han venido padeciendo desde 1990.<\/p>\n<p>4. SOBRE EL REFERENDO<\/p>\n<p>La VII Junta Nacional de la Asociaci\u00f3n Nacional por la Salvaci\u00f3n Agropecuaria, considerando que:<\/p>\n<p>El Congreso de la Rep\u00fablica aprob\u00f3 convocar un referendo por iniciativa del gobierno nacional.<\/p>\n<p>Que ese referendo consagra claras pol\u00edticas en contra de la poblaci\u00f3n colombiana, impuestas por el Fondo Monetario Internacional al disminuir los recursos del Estado para las \u00e1reas sociales, para salud y educaci\u00f3n con el \u00fanico inter\u00e9s de cumplir con el costoso servicio de la deuda p\u00fablica contratada en condiciones de especulaci\u00f3n.<\/p>\n<p>Que ese mismo referendo contiene medidas antidemocr\u00e1ticas que persigue recortar derechos civiles a la poblaci\u00f3n e impedir el acceso a los cuerpos colegiados de importantes organizaciones pol\u00edticas independientes.<\/p>\n<p>Que para esos fines se han echado mano de artima\u00f1as pol\u00edtiqueras como la prorroga ilegal e inconstitucional de alcaldes, gobiernadores, concejales y diputados.<\/p>\n<p>Que al alcanzar las mayor\u00edas necesarias, el gobierno tendr\u00e1 las manos libres para adelantar los programas contra el agro, como el ALCA.<\/p>\n<p>RESUELVE:<\/p>\n<p>Llamar a todos sus afiliados a abstenerse de participar en ese referendo, el cual, al final, s\u00f3lo conseguir\u00eda otorgar a el gobierno actual una licencia sin l\u00edmites para imponer las pol\u00edticas neoliberales.<\/p>\n<p>5. SOBRE EL PROYECTO DE ELIMINACI\u00d3N DEL IVA A LA PANELA<\/p>\n<p>La VII Junta Nacional de la Asociaci\u00f3n Nacional por la Salvaci\u00f3n Agropecuaria, conociendo que el senador Jorge Enrique Robledo, present\u00f3 para el visto bueno del Ministerio de Hacienda un proyecto de ley que contempla la eliminaci\u00f3n del IVA del 7% para la panela, establecido por la reforma tributaria de 2002,<\/p>\n<p>RESUELVE:<\/p>\n<p>Exigir al gobierno nacional otorgar el visto bueno al proyecto de ley presentado por el senador Robledo a fin de que se elimine el IVA del 7% a la panela y con el prop\u00f3sito de favorecer al sector panelero que cobija a m\u00e1s de 300 mil familias campesinas, deje de verse perjudicado por esa medida regresiva y antipopular.<\/p>\n<p>6. SOBRE LA CONDONACI\u00d3N DE LAS DEUDAS<\/p>\n<p>El d\u00eda mi\u00e9rcoles 26 de Marzo de 2003, varios centenares de caficultores del sureste antioque\u00f1o se congregaron, en un acto de resistencia civil para impedir el remate de un predio. En la Costa Atl\u00e1ntica, por ejemplo en el departamento de Bol\u00edvar , de m\u00e1s de 800 supuestos beneficiarios del PRAN, menos de 50 han podido ser cobijados efectivamente por ese programa.<\/p>\n<p>Esa situaci\u00f3n confirma tanto el fracaso de la pol\u00edtica de refinanciaci\u00f3n de las deudas contenida en el PRAN as\u00ed como la aguda continuaci\u00f3n de la crisis del agro colombiano y, del mismo modo, las denuncias que se han hecho con respecto al abandono de los agricultores quienes no han recibido, a pesar de la retorica oficial, alivos y paliativos verdaderos para cambiar la cr\u00edtica situaci\u00f3n que han venido enfrentando. En el a\u00f1o 2002, ir\u00f3nicamente, si no hubiera sido por la producci\u00f3n cafetera, el sector agropecuario a penas hubiera crecido un 1%.<\/p>\n<p>La VII Junta Nacional de la Asociaci\u00f3n Nacional por la Salvaci\u00f3n Agropecuaria, ante la ola de embargos, remates y procesos judiciales que est\u00e1 por venirse; levanta, tal como lo establece su programa, la consigna de exigir la condonaci\u00f3n de las deudas como \u00fanica medida efectiva que puede modificar la situaci\u00f3n financiera de los productores agropecuarios, quienes por real incapacidad financiera, no pueden cumplir con sus obligaciones pero continuan construyendo patria en el campo colombiano. Y, finalmente, resalta como justo ejemplo la acci\u00f3n adelantada por los caficultores de Andes \u2013 Antioquia.<\/p>\n<p>7. DECLARACI\u00d3N P\u00daBLICA SOBRE EL PLAN NACIONAL DE DESARROLLO<\/p>\n<p>Los colombianos estamos siguiendo con atenci\u00f3n las discusiones del Congreso de la Rep\u00fablica en torno al Plan Nacional de Desarrollo presentada para su consideraci\u00f3n por el gobierno del Presidente Alvaro Uribe. Ha llamado la atenci\u00f3n, especialmente entre la opini\u00f3n m\u00e1s calificada, las metas que en t\u00e9rminos del desarrollo y el crecimiento econ\u00f3mico se han trazado; por lo cual no han faltado las voces que califican las expectativas oficiales como mediocres en los cr\u00edticos momentos que vive la naci\u00f3n para salir de la recesi\u00f3n que sufre desde hace ya m\u00e1s de tres a\u00f1os.<\/p>\n<p>La Asociaci\u00f3n Nacional por la Salvaci\u00f3n Agropecuaria considera que dejar el devenir econ\u00f3mico sujeto a los acuerdos que se firmen en pol\u00edtica fiscal y monetaria con el FMI y a las mayores alteraciones en las pol\u00edticas de comercio exterior que se ocasionen con el ALCA precipita a la econom\u00eda nacional y a sus sectores reales a coyunturas peores que las que hoy atravesamos; m\u00e1xime, si como propone el Plan, reduce el presupuesto para la agricultura a menos del 1% del monto total y dificulta todav\u00eda m\u00e1s el acceso al cr\u00e9dito rural, fusionando FINAGRO con BANCOLDEX. Una se\u00f1al que lleva a pensar que s\u00f3lo se proveer\u00e1 de recursos financieros a los cultivos orientados hacia el comercio exterior.<\/p>\n<p>Al conocer que un grupo muy importante de congresistas incluy\u00f3 , en forma de modificaci\u00f3n al documento original del Plan, un texto que contempla aranceles de protecci\u00f3n al sector agropecuario tan altos como sea necesario para neutralizar los subsidios que otorgan a sus productores agropecuarios los gobiernos de los pa\u00edses que nos compiten por esos mercados; nos unimos a dicha propuesta y reclamamos del Congreso de la Rep\u00fablica en pleno , a nombre de los varios miles de agricultores que est\u00e1n organizados en torno a Salvaci\u00f3n Agropecuaria, un respaldo un\u00e1nime para ella.<\/p>\n<p>Al mismo tiempo, con base en lo aqu\u00ed expresado, rechazamos las declaraciones de funcionarios oficiales que de antemano se han estado pronunciando contra esta iniciativa, desconociendo que la implantaci\u00f3n del ALCA y la forma insensata como el ministerio de Comercio Exterior est\u00e1 orientando las negociaciones llevar\u00e1n al campo colombiano a un estado de postraci\u00f3n inimaginable del cual no saldr\u00e1 sin muchas dificultades. Finalmente, y bajos los mismos criterios, coincidimos en la necesidad imperiosa de mantener en los niveles necesarios el subsidio al precio interno del caf\u00e9; de las pol\u00edticas que al respecto se desprenden del Plan de Desarrollo se concluye que la intenci\u00f3n gubernamental es eliminarlo.<\/p>\n<p>\u00c1NGEL MAR\u00cdA CABALLERO<br \/>\nPresidente<\/p>\n<p>AURELIO SU\u00c1REZ MONTOYA<br \/>\nDirector Ejecutivo<\/p>\n<p>VII Junta Nacional de la Asociaci\u00f3n Nacional por la Salvaci\u00f3n Agropecuaria realizada en la ciudad de Ibagu\u00e9, el d\u00eda 29 de Marzo de 2003.<\/p>\n","protected":false},"excerpt":{"rendered":"<p>Salvaci\u00f3n Agropecuaria, Ibagu\u00e9, marzo 27 de 2003 No al ALCA Contra las fumigaciones de glifosato en las zonas cafeteras Sobre la situaci\u00f3n cafetera Sobre el referendo Sobre el proyecto de eliminaci\u00f3n del IVA a la panela Sobre la condonaci\u00f3n de deudas Declaraci\u00f3n p\u00fablica sobre el Plan Nacional de Desarrollo &#8212;&#8212;&#8212;&#8212;&#8212;&#8212;&#8212;&#8212;&#8212;&#8212;&#8212;&#8212;&#8212;&#8212;&#8212;&#8212;&#8212;&#8212;&#8212;&#8212;&#8212;&#8212;&#8212;&#8212;&#8212;&#8212;&#8211; 1. NO AL ALCA Desde [&hellip;]<\/p>\n","protected":false},"author":1,"featured_media":0,"comment_status":"open","ping_status":"open","sticky":false,"template":"","format":"standard","meta":{"advanced_seo_description":"","jetpack_seo_html_title":"","jetpack_seo_noindex":false,"_jetpack_memberships_contains_paid_content":false,"footnotes":""},"categories":[7],"tags":[],"class_list":["post-503","post","type-post","status-publish","format-standard","hentry","category-pronunciamientos-de-organizaciones-sociales"],"jetpack_featured_media_url":"","jetpack-related-posts":[{"id":640,"url":"https:\/\/moir.com.co\/web\/salvacion-agropecuaria-dira-no-al-alca-y-al-tlc-el-15-de-abril\/","url_meta":{"origin":503,"position":0},"title":"\u00a1SALVACI\u00d3N  AGROPECUARIA DIR\u00c1 NO AL ALCA Y AL TLC EL 15 DE ABRIL!","author":"admin","date":"agosto 11, 2004","format":false,"excerpt":"La Asociaci\u00f3n Nacional por la Salvaci\u00f3n Agropecuaria, seg\u00fan lo convenido con organizaciones agrarias, campesinas, ind\u00edgenas, sindicales y sociales de Colombia, Ecuador, Per\u00fa y Bolivia y de acuerdo al mandato de su VIII Junta Nacional, se movilizar\u00e1 el pr\u00f3ximo jueves 15 de abril en el marco de la Primera Jornada Andina\u2026","rel":"","context":"En \u00abPronunciamientos de Organizaciones Sociales\u00bb","block_context":{"text":"Pronunciamientos de Organizaciones Sociales","link":"https:\/\/moir.com.co\/web\/category\/pronunciamientos-de-organizaciones-sociales\/"},"img":{"alt_text":"","src":"","width":0,"height":0},"classes":[]},{"id":20094,"url":"https:\/\/moir.com.co\/web\/congreso-de-la-asociacion-nacional-por-la-salvacion-agropecuaria-en-caldas\/","url_meta":{"origin":503,"position":1},"title":"CONGRESO DE LA ASOCIACI\u00d3N NACIONAL POR LA SALVACI\u00d3N AGROPECUARIA EN CALDAS","author":"admin","date":"septiembre 16, 2004","format":false,"excerpt":"Con 160 delegados de quince municipios del departamento y nueve organizaciones del sector agrario, la Asociaci\u00f3n Nacional por la Salvaci\u00f3n Agropecuaria, cap\u00edtulo Caldas, celebr\u00f3 el pasado 06 de septiembre en la ciudad de Manizales su Primer Congreso Departamental Agrario \u00abEl agro caldense frente al ALCA y al TLC\u00bb, para analizar\u2026","rel":"","context":"En \u00abTribuna Roja N\u00ba 97; septiembre 28 de 2004\u00bb","block_context":{"text":"Tribuna Roja N\u00ba 97; septiembre 28 de 2004","link":"https:\/\/moir.com.co\/web\/category\/tribuna-roja\/ediciones-2000-2004\/tribuna-roja-no-97-septiembre-28-de-2004\/"},"img":{"alt_text":"","src":"","width":0,"height":0},"classes":[]},{"id":487,"url":"https:\/\/moir.com.co\/web\/convocatoria-de-la-vii-junta-directiva-nacional-de-la-asociacion-nacional-por-la-salvacion-agropecuaria\/","url_meta":{"origin":503,"position":2},"title":"CONVOCATORIA DE LA VII JUNTA DIRECTIVA NACIONAL DE LA ASOCIACI\u00d3N NACIONAL POR LA SALVACI\u00d3N AGROPECUARIA","author":"admin","date":"agosto 9, 2004","format":false,"excerpt":"Asociaci\u00f3n Nacional por la Salvaci\u00f3n Agropecuaria, Ibagu\u00e9, marzo 11 de 2003 Despu\u00e9s de transcurridos m\u00e1s de ocho meses de la posesi\u00f3n de Alvaro Uribe V\u00e9lez en la Presidencia de la Rep\u00fablica, el sector agropecuario colombiano debe hacer un balance de las medidas que han emanado del gobierno en este periodo\u2026","rel":"","context":"En \u00abPronunciamientos de Organizaciones Sociales\u00bb","block_context":{"text":"Pronunciamientos de Organizaciones Sociales","link":"https:\/\/moir.com.co\/web\/category\/pronunciamientos-de-organizaciones-sociales\/"},"img":{"alt_text":"","src":"","width":0,"height":0},"classes":[]},{"id":504,"url":"https:\/\/moir.com.co\/web\/salvacion-agropecuaria-aprueba-gran-campana-contra-el-alca\/","url_meta":{"origin":503,"position":3},"title":"SALVACI\u00d3N AGROPECUARIA APRUEBA GRAN CAMPA\u00d1A CONTRA EL ALCA","author":"admin","date":"agosto 9, 2004","format":false,"excerpt":"Salvaci\u00f3n Agropecuaria, marzo 27 de 2003 La VII Junta nacional de la Asociaci\u00f3n Nacional por la Salvaci\u00f3n Agropecuaria, reunida en Ibagu\u00e9 con la presencia de 220 delegados, en representaci\u00f3n de cerca de 30 organizaciones regionales y nacionales de productores agropecuarios, de profesionales del sector y de estudiantes universitarios de carreras\u2026","rel":"","context":"En \u00abPronunciamientos de Organizaciones Sociales\u00bb","block_context":{"text":"Pronunciamientos de Organizaciones Sociales","link":"https:\/\/moir.com.co\/web\/category\/pronunciamientos-de-organizaciones-sociales\/"},"img":{"alt_text":"","src":"","width":0,"height":0},"classes":[]},{"id":514,"url":"https:\/\/moir.com.co\/web\/exitoso-encuentro-de-dirigentes-del-sector-agropecuario-del-quindio-y-norte-del-valle\/","url_meta":{"origin":503,"position":4},"title":"EXITOSO ENCUENTRO DE DIRIGENTES DEL SECTOR AGROPECUARIO DEL QUIND\u00cdO Y NORTE DEL VALLE","author":"admin","date":"agosto 9, 2004","format":false,"excerpt":"Antonio Jos\u00e9 Guti\u00e9rrez Blanco, Armenia, mayo 5 de 2003 Con la presencia de 112 delegados de 15 municipios del Quind\u00edo y del norte de Valle, se llev\u00f3 a cabo, el 29 de abril en el Centro Recreacional de Confenalco del Alto del R\u00edo, en Calarc\u00e1 (Quind\u00edo), un exitoso encuentro de\u2026","rel":"","context":"En \u00abPronunciamientos de Organizaciones Sociales\u00bb","block_context":{"text":"Pronunciamientos de Organizaciones Sociales","link":"https:\/\/moir.com.co\/web\/category\/pronunciamientos-de-organizaciones-sociales\/"},"img":{"alt_text":"","src":"","width":0,"height":0},"classes":[]},{"id":635,"url":"https:\/\/moir.com.co\/web\/jornada-andina-de-lucha-contra-el-alca-y-el-tlc-salvacion-agropecuaria-llevara-a-cabo-concentracion-departamental-en-el-siti\/","url_meta":{"origin":503,"position":5},"title":"JORNADA ANDINA DE LUCHA CONTRA EL ALCA Y EL TLC: SALVACI\u00d3N AGROPECUARIA LLEVAR\u00c1 A CABO CONCENTRACI\u00d3N DEPARTAMENTAL EN EL SITI","author":"admin","date":"agosto 11, 2004","format":false,"excerpt":"Salvaci\u00f3n Agropecuaria, Medell\u00edn, Marzo 30 de 2004. En desarrollo de la decisi\u00f3n de participar en la Jornada Andina de protesta contra el ALCA y el TLC que se llevar\u00e1 a cabo el pr\u00f3ximo 15 de Abril, adoptada por la Junta Nacional de nuestra organizaci\u00f3n el pasado 13 de Marzo, la\u2026","rel":"","context":"En \u00abPronunciamientos de Organizaciones Sociales\u00bb","block_context":{"text":"Pronunciamientos de Organizaciones Sociales","link":"https:\/\/moir.com.co\/web\/category\/pronunciamientos-de-organizaciones-sociales\/"},"img":{"alt_text":"","src":"","width":0,"height":0},"classes":[]}],"jetpack_sharing_enabled":true,"_links":{"self":[{"href":"https:\/\/moir.com.co\/web\/wp-json\/wp\/v2\/posts\/503","targetHints":{"allow":["GET"]}}],"collection":[{"href":"https:\/\/moir.com.co\/web\/wp-json\/wp\/v2\/posts"}],"about":[{"href":"https:\/\/moir.com.co\/web\/wp-json\/wp\/v2\/types\/post"}],"author":[{"embeddable":true,"href":"https:\/\/moir.com.co\/web\/wp-json\/wp\/v2\/users\/1"}],"replies":[{"embeddable":true,"href":"https:\/\/moir.com.co\/web\/wp-json\/wp\/v2\/comments?post=503"}],"version-history":[{"count":0,"href":"https:\/\/moir.com.co\/web\/wp-json\/wp\/v2\/posts\/503\/revisions"}],"wp:attachment":[{"href":"https:\/\/moir.com.co\/web\/wp-json\/wp\/v2\/media?parent=503"}],"wp:term":[{"taxonomy":"category","embeddable":true,"href":"https:\/\/moir.com.co\/web\/wp-json\/wp\/v2\/categories?post=503"},{"taxonomy":"post_tag","embeddable":true,"href":"https:\/\/moir.com.co\/web\/wp-json\/wp\/v2\/tags?post=503"}],"curies":[{"name":"wp","href":"https:\/\/api.w.org\/{rel}","templated":true}]}}