{"id":501,"date":"2004-08-09T07:00:00","date_gmt":"2004-08-09T07:00:00","guid":{"rendered":"https:\/\/moir.org.co\/web\/el-agro-olvidado-por-el-gobierno\/"},"modified":"2004-08-09T07:00:00","modified_gmt":"2004-08-09T07:00:00","slug":"el-agro-olvidado-por-el-gobierno","status":"publish","type":"post","link":"https:\/\/moir.com.co\/web\/el-agro-olvidado-por-el-gobierno\/","title":{"rendered":"EL AGRO, OLVIDADO POR EL GOBIERNO"},"content":{"rendered":"<p>El Nuevo D\u00eda; Ibagu\u00e9, marzo 30 de 2003<\/p>\n<p>&#8220;El Plan Nacional de Desarrollo es m\u00e1s bien para el subdesarrollo&#8221;, dijo Jorge Enrique Robledo, senador de la Rep\u00fablica, quien adelanta dos proyectos ante el Congreso en beneficio del agro colombiano.<\/p>\n<p>Durante la realizaci\u00f3n de su VII Junta Directiva, el movimiento por la Salvaci\u00f3n Agropecuaria de Colombia consider\u00f3 como negativa la pol\u00edtica agraria que lleva a cabo el actual Gobierno, pues el Plan Nacional de Desarrollo apenas contempla menos del uno por ciento para inversi\u00f3n de este sector econ\u00f3mico; adem\u00e1s la base gravable del IVA viene dejando sin soporte a los agricultores, a quienes se les han aumentado los costos de producci\u00f3n en sus cultivos, en tanto que los precios de venta no mejoran.<\/p>\n<p>A esta d\u00edficil situaci\u00f3n se suman las precarias condiciones de los cafeteros, los cuales han visto como las entidades crediticias les cierran las puertas en sus narices, mientras el gobierno amenaza con fumigar sin contemplaciones las zonas en las que se detecten cultivos de caf\u00e9 con amapola.<\/p>\n<p>No se ha derogado IVA a la panela<br \/>\nSalvaci\u00f3n pelear\u00e1 mejores condiciones para los agricultores colombianos<\/p>\n<p>Por Oscar A. Var\u00f3n<\/p>\n<p>&#8212;&#8212;&#8212;&#8212;&#8212;&#8212;&#8212;&#8212;&#8212;&#8212;&#8212;&#8212;&#8212;&#8212;&#8212;&#8212;&#8212;&#8212;&#8212;&#8212;&#8212;&#8212;&#8212;&#8212;&#8212;&#8212;&#8211;<\/p>\n<p>La ampliaci\u00f3n de la pol\u00edtica neoliberal por parte del gobierno Uribista, la baja cobertura en los cr\u00e9ditos, la falta de control en precios, las pr\u00e1cticas monopol\u00edsticas, el ALCA, el IVA y la inocua concepci\u00f3n de una pol\u00edtica agraria para el Estado colombiano fueron algunos de los aspectos m\u00e1s relevantes que se discutieron en la VII Junta Nacional de Directivos del movimiento por la Salvaci\u00f3n Agropecuaria de Colombia, evento que se realiz\u00f3 ayer en las instalaciones de la sede recreacional de Comfenalco, v\u00eda a Picale\u00f1a.<\/p>\n<p>Para Aurelio Su\u00e1rez, director Ejecutivo de Salvaci\u00f3n, el balance de la pol\u00edtica agropecuaria de Uribe es negativo, pues en esta vigencia las pol\u00edticas neoliberales han avanzado, dejando sin posibilidades de subsistencia a los agricultores. \u201cEsta es una pol\u00edtica de tierra arrasada la planteada por todos los presidentes desde C\u00e9sar Gaviria Trujillo hasta Uribe V\u00e9lez, que se ha caracterizado por la recesi\u00f3n en los cr\u00e9ditos y la concentraci\u00f3n del mismo en algunas manos, el aumento de las importaciones, el desmonte de los subsidios y la falta de inter\u00e9s en algunos temas prioritarios para la subsistencia alimentaria de la naci\u00f3n. Por estos motivos, Salvaci\u00f3n trabajar\u00e1 cada d\u00eda con m\u00e1s inter\u00e9s para defender los derechos de los campesinos.<\/p>\n<p>ALCA<\/p>\n<p>En este sentido, el movimiento prepara una serie de manifestaciones de car\u00e1cter nacional para reclamar los derechos perdidos en tantos a\u00f1os. Adem\u00e1s, esta postura estar\u00e1 reforzada por la amenaza creciente del \u00c1rea de Libre Comercio de las Am\u00e9ricas, ALCA, que a partir del 15 abril abrir\u00e1 una revisi\u00f3n de las ofertas del sector agrario de la comunidad Andina. Como es l\u00f3gico, en este contexto se comenzar\u00e1n a discutir el desmonte de los aranceles para los productos agrarios, lo cual se cierne como la peor amenaza que pueda existir en contra de este sector.<\/p>\n<p>Al respecto, \u00c1ngel Mar\u00eda Caballero, presidente de Salvaci\u00f3n Agropecuaria, anunci\u00f3 que \u201cante la delicadeza del tema, los asociados y afiliados al movimiento nos daremos a la tarea de recorrer todos los municipios colombianos para explicarles a los campesinos en qu\u00e9 consiste el llamado proceso ALCA, pues la mayor\u00eda de \u00e9stos no se imaginan las repercusiones del tratado.<\/p>\n<p>\u201cPor ello avanzaremos en una campa\u00f1a de divulgaci\u00f3n en el pa\u00eds, para explicarle a las personas que de llegar a establecerse aranceles de cero y al entrar en competencia sus productos frente a la din\u00e1mica comercial internacional, desaparecer\u00edan como agentes comerciales y no tendr\u00edan de qu\u00e9 vivir\u201d.<\/p>\n<p>Tambi\u00e9n, se les divulgar\u00e1 cual es el papel de Colombia en materia de subsidios, salvaguardias y su diferencia con otros pa\u00edses, que como fuera publicado en EL NUEVO D\u00cdA, hasta el momento ha sido de \u201cesquirol\u201d.<\/p>\n<p>Esto se cumplir\u00e1 con el \u00e1nimo de realizar la m\u00e1s grande manifestaci\u00f3n campesina por los intereses nacionales de que tenga conocimiento la historia del pa\u00eds. Para ello, los actuales afiliados actuar\u00e1n como multiplicadores en cada una de sus regiones de origen.<\/p>\n<p>\u201cDe igual manera, esperamos realizar en Ibagu\u00e9 un foro sobre el ALCA, en el que se convocar\u00e1 a los medios de comunicaci\u00f3n, legisladores, industriales y dirigentes pol\u00edticos para hablar de los verdaderos alcances de este proyecto supranacional\u201d, indic\u00f3 Caballero, quien agreg\u00f3 que ser\u00e1n convocados todos los sectores de la econom\u00eda nacional para que expliquen los aspectos negativos y justifiquen los puntos positivos del ALCA. La idea es llevar a cabo foros, seminarios, inducciones y jornadas de capacitaci\u00f3n para entender este proceso.<\/p>\n<p>Proyectos<\/p>\n<p>Otra forma de defensa por los agricultores colombianos es la discusi\u00f3n pol\u00edtica que viene realizando el senador Jorge Enrique Robledo al interior del Congreso, quien en las \u00faltimas semanas ha lanzado dos propuestas que benefician los productos agropecuarios. Una de ellas contemplada ante el Plan Nacional de Desarrollo; y otra, propuesta directamente al ministro de Hacienda, Roberto Junguito.<\/p>\n<p>Robledo, quien estuvo presente en la reuni\u00f3n dijo que \u201cel plan elaborado por el Gobierno no es para el desarrollo, sino por el subdesarrollo. En dicho texto no existe una l\u00f3gica para el crecimiento, no es bueno lo que hay en materia ni de inversi\u00f3n, ni educaci\u00f3n, ni en salud, ni mucho menos para el sector agropecuario. Sin embargo, estoy trabajando en una proyecto para involucrar en el denominado Plan dos puntos.<\/p>\n<p>\u201cEl primero, es un art\u00edculo que diga que Colombia no bajar\u00e1 los aranceles a los productos importados, si antes los pa\u00edses desarrollados no eliminan los subsidios de su producci\u00f3n agr\u00edcola. Con ello se quiere que la competencia sea a mano limpia.<\/p>\n<p>\u201cEl segundo dice que mientras permanezcan tan reducidos los precios internacionales del caf\u00e9, entonces el Gobierno nacional tendr\u00e1 que subsidiar el precio. La aprobaci\u00f3n de estos art\u00edculos depender\u00e1 de la conciencia que tome el Congreso frente a estos temas; sin embargo, ya el ministro Junguito me dijo que no iba a permitir que estas propuestas fueran aprobadas. En este sentido no queda m\u00e1s que luchar al interior de la Corporaci\u00f3n, pues existe descontento en parte de la bancada uribista frente a estos temas\u201d.<\/p>\n<p>El otro proyecto que viene impulsando Robledo solicita que se derogue el IVA del siete por ciento a la panela por razones obvias \u201cesta es la comida de los m\u00e1s pobres del pa\u00eds, y los productores apenas alcanzan a sobrevivir. Entonces por qu\u00e9 perjudicarlos con un gravamen de esta naturaleza.<\/p>\n<p>\u201cEn este caso, lo m\u00e1s delicado es que el impuesto a la panela fue aprobado a las escondidas, pues este producto qued\u00f3 incluido en otro cap\u00edtulo de la reforma. Este an\u00e1lisis depender\u00e1 de una revisi\u00f3n que deber\u00e1 realizar el mismo Junguito, pues la iniciativa en impuestos corre por cuenta del Ejecutivo. \u201cPor ahora, existe un n\u00famero de congresistas solicit\u00e1ndole al Ministro que presente esta iniciativa a disposici\u00f3n del legislativo\u201d.<\/p>\n<p>En el tema de la panela, el Gobierno nacional ha se\u00f1alado que este art\u00edculo entr\u00f3 en el proyecto de reforma tributaria por algunas imprecisiones de la DIAN y Minhacienda; de ser esto cierto, deber\u00e1 ser derogado.<\/p>\n<p>Por la leche<\/p>\n<p>En el certamen se manifest\u00f3 el disgusto por el incumplimiento, por parte de las multinacionales, en el aumento del precio de la leche, el cual deber\u00eda estar entre 700 y 800 pesos por litro.<\/p>\n<p>\u201cEn este hecho, en el que tuvo que intervenir Minagricultura apenas se increment\u00f3 el precio en 5.9 por ciento. Lo m\u00e1s delicado de este aspecto es que el valor pagado a los productores no se ajusta a la realidad, en tanto que las multinacionales si suben el precio anualmente a los consumidores. Es evidente que no hay control\u201d, afirm\u00f3 Angel Mar\u00eda Caballero.<\/p>\n<p>De igual manera, Oliverio Castillo, coordinador de Salvaci\u00f3n Agropecuaria en el departamento de Boyac\u00e1 sostuvo que \u201cel estancamiento de los precios ha dejado como consecuencia que la producci\u00f3n actual no representa los costos ni siquiera de la inversi\u00f3n; esto como consecuencia de la permisividad de importaci\u00f3n le leche en polvo a trav\u00e9s de las multinacionales, quienes compran a muy bajo costo en el mercado internacional y lo venden con grandes ganancias en territorio colombiano\u201d.<\/p>\n<p>Lo anterior demuestra que los peque\u00f1os productores en el pa\u00eds est\u00e1n completamente desprotegidos, pues los intermediarios que act\u00faan sobre el sector son cada vez m\u00e1s fuertes.<\/p>\n<p>Arroz<\/p>\n<p>En la actualidad, los cultivos de arroz presentan una relativa estabilidad que se podr\u00eda ver interrumpida cuando salga la nueva cosecha, porque definitivamente se volvi\u00f3 costumbre que los grandes molineros realicen diferentes ofertas econ\u00f3micas para desestabilizar el precio del producto en el pa\u00eds.<\/p>\n<p>Ante esta circunstancia, Eudoro Alvarez, presidente de Agameta, dijo que es conveniente que se fije desde ahora un precio para la cosecha previo a las siembras, y de la misma forma se formulen las sanciones correspondientes para quienes infrinjan las pr\u00e1cticas monopol\u00edsticas que conllevan al desajuste del sector.<\/p>\n<p>En el acto, Alvarez se refiri\u00f3 a que el sector arrocero, desde los grandes productores hasta los peque\u00f1os se deben oponer a Tratado de Libre Comercio de las Am\u00e9ricas, pues el arroz blanco de los Estados Unidos, ubicado en el mercado nacional a 60 mil pesos, ser\u00eda la quiebra para todos.<\/p>\n<p>\u201cLos productores de la meseta de Ibagu\u00e9 y los de los Llanos orientales deben entender que el Tratado es contraproducente, y que en la actualidad los industriales y los grandes molineros est\u00e1n solicitando arroz gringo importado, pues desde ahora est\u00e1n pensando en la triangulaci\u00f3n de estos arroces y en la ventajas dentro del mercado como comercializadores en el contexto ALCA. Habr\u00e1 que tener mucho cuidado de ahora en adelante en este tema\u201d, sostuvo Alvarez.<\/p>\n<p>Caf\u00e9<\/p>\n<p>De irrisoria y mentirosa calificaron los productores de caf\u00e9, las propuestas realizadas por el Presidente de la Rep\u00fablica, durante su campa\u00f1a, en el tema del precio y el apoyo a este rengl\u00f3n agrario.<\/p>\n<p>\u201cUribe V\u00e9lez no ha cumplido ni una sola promesa a los cafeteros nacionales, ni en materia de atenci\u00f3n al productor, ni en defensa del precio, lo cual convierte esas palabras en una estafa pol\u00edtica y en un retroceso para los caficultores\u201d, manifest\u00f3 Aurelio Su\u00e1rez.<\/p>\n<p>Oscar Guti\u00e9rrez, coordinador de Unidad Cafetera de Manizales, inform\u00f3 que el precio interno baj\u00f3 de 30 mil a 15 mil pesos la carga, lo cual reciente ampliamente a los campesinos cafeteros, que ante la disminuci\u00f3n sustancial de este valor han tenido que abandonar este negocio. Igualmente, el desmonte de los subsidios, la dependencia de los precios internacionales y la eliminaci\u00f3n de cr\u00e9dito por la supuesta fusi\u00f3n entre Banagrario y Banc\u00f3ldex hacen presagiar momentos m\u00e1s duros para los cafeteros.<\/p>\n<p>\u201cLos cinco centavos de d\u00f3lar que hay que destinar al Fondo Nacional del Caf\u00e9 por cada libra vendida de grano al exterior perjudican enormemente los intereses de los productores, pues ante la falta de un precio de sustentaci\u00f3n o de un subsidio de mayor valor, las ganancias que se obtengan tienen cada vez m\u00e1s obligaciones.<\/p>\n<p>\u201cA este hecho se suma la dificultad para los cultivadores en departamento como Risaralda, Tolima y Caldas, en donde el Gobierno anunci\u00f3 fumigaciones con Glifosato en los terrenos en d\u00f3nde se detecte amapola sin importar que otros productos permanezcan en dicho territorios.<\/p>\n<p>\u201cLo m\u00e1s delicado es el ALCA, pues con aranceles de cero, las diferentes multinacionales podr\u00edan comenzar a vender caf\u00e9 vietnamita triangulado a un precio muy bajo en el pa\u00eds, lo cual ser\u00eda nefasto para el sector\u201d, dijo Guti\u00e9rrez.<\/p>\n<p>Papa y cereales<\/p>\n<p>Los productores de papa del departamento de Boyac\u00e1, en cabeza de Tarcisio Cuervo se\u00f1alaron que la producci\u00f3n se ve afectada por el aumento en el valor de los insumos agr\u00edcolas.<\/p>\n<p>\u201cEn Boyac\u00e1, en donde se cultivaban tradicionalmente 55 mil hect\u00e1reas, apenas la \u00faltima cosecha alcanz\u00f3 40 mil. Adem\u00e1s, el IVA viene afectando toda la cadena de producci\u00f3n de esta cadena, elevando los \u00edndices de precios y recibiendo menor margen de ganancia\u201d, puntualiz\u00f3 Cuervo.<\/p>\n<p>Por su parte, Celestino Garz\u00f3n, l\u00edder del sector de cereales se\u00f1al\u00f3 que cultivar una hect\u00e1rea de cebada tiene un costo de un mill\u00f3n de pesos y una de trigo cuesta 200 mil pesos m\u00e1s, en tanto que las utilidades no se ven pues no hay quien compre ya este producto en el departamento.<\/p>\n<p>\u201cOtro grave problema es que los industriales se interesan es por toneladas para comprar cebada y el trigo, y eso cuando tienen un faltante. Lo anterior quiere decir que esta producci\u00f3n est\u00e1 quebrada y arrasada por las importaciones, por lo que muchos campesinos han emigrado a las ciudades porque ya no tienen garant\u00edas de subsistencia en el campo boyacense\u201d, concluy\u00f3 Garz\u00f3n.<\/p>\n","protected":false},"excerpt":{"rendered":"<p>El Nuevo D\u00eda; Ibagu\u00e9, marzo 30 de 2003 &#8220;El Plan Nacional de Desarrollo es m\u00e1s bien para el subdesarrollo&#8221;, dijo Jorge Enrique Robledo, senador de la Rep\u00fablica, quien adelanta dos proyectos ante el Congreso en beneficio del agro colombiano. Durante la realizaci\u00f3n de su VII Junta Directiva, el movimiento por la Salvaci\u00f3n Agropecuaria de Colombia [&hellip;]<\/p>\n","protected":false},"author":1,"featured_media":0,"comment_status":"open","ping_status":"open","sticky":false,"template":"","format":"standard","meta":{"advanced_seo_description":"","jetpack_seo_html_title":"","jetpack_seo_noindex":false,"_jetpack_memberships_contains_paid_content":false,"footnotes":""},"categories":[7],"tags":[],"class_list":["post-501","post","type-post","status-publish","format-standard","hentry","category-pronunciamientos-de-organizaciones-sociales"],"jetpack_featured_media_url":"","jetpack-related-posts":[{"id":9283,"url":"https:\/\/moir.com.co\/web\/agro-competitividad-y-plan-nacional-de-desarrollo\/","url_meta":{"origin":501,"position":0},"title":"Agro, competitividad y Plan Nacional de Desarrollo","author":"admin","date":"abril 9, 2015","format":false,"excerpt":"Tal y como lo se\u00f1al\u00f3 en el peri\u00f3dico El Tiempo, el Director Nacional de Planeaci\u00f3n, Sim\u00f3n Gaviria, el Plan de Desarrollo Santos II \u201cestar\u00e1 en l\u00ednea con los postulados que el club de pa\u00edses ricos, la OCDE (Organizaci\u00f3n para la Cooperaci\u00f3n y el Desarrollo Econ\u00f3micos), le hizo recientemente a Colombia\u201d\u2026","rel":"","context":"En \u00abOscar Guti\u00e9rrez Reyes\u00bb","block_context":{"text":"Oscar Guti\u00e9rrez Reyes","link":"https:\/\/moir.com.co\/web\/category\/bitacoras\/oscar-gutierrez-reyes\/"},"img":{"alt_text":"","src":"","width":0,"height":0},"classes":[]},{"id":9113,"url":"https:\/\/moir.com.co\/web\/una-primera-opinion-sobre-el-plan-nacional-de-desarrollo-y-el-agro\/","url_meta":{"origin":501,"position":1},"title":"Una primera opini\u00f3n sobre el plan nacional de desarrollo y el Agro","author":"admin","date":"febrero 20, 2015","format":false,"excerpt":"Dignidad Agropecuaria Colombiana agradece a los amigos periodistas la asistencia a esta rueda de prensa, a las dem\u00e1s organizaciones convocantes a la misma y, en espacial a OXFAM, y quiere expresar una primera opini\u00f3n sobre el Plan Nacional de Desarrollo y el Agro. Una primera consideraci\u00f3n que debemos se\u00f1alar es\u2026","rel":"","context":"En \u00abPronunciamientos de Organizaciones Sociales\u00bb","block_context":{"text":"Pronunciamientos de Organizaciones Sociales","link":"https:\/\/moir.com.co\/web\/category\/pronunciamientos-de-organizaciones-sociales\/"},"img":{"alt_text":"","src":"","width":0,"height":0},"classes":[]},{"id":9922,"url":"https:\/\/moir.com.co\/web\/plan-colombia-recolonizacion-del-pais-y-desplome-de-industria-y-agro\/","url_meta":{"origin":501,"position":2},"title":"Plan Colombia: recolonizaci\u00f3n del pa\u00eds y desplome de industria y agro","author":"admin","date":"febrero 4, 2016","format":false,"excerpt":"En 1999 Colombia entr\u00f3 en la peor recesi\u00f3n econ\u00f3mica de su historia como producto de la apertura econ\u00f3mica impuesta al pa\u00eds por Estados Unidos en los gobiernos de Virgilio Barco (1986-1990) y C\u00e9sar Gaviria (1990-1994), continuada por Ernesto Samper (1994-1998) y Andr\u00e9s Pastrana (1998-2002). Los peores efectos se dieron con\u2026","rel":"","context":"En \u00abTemas\u00bb","block_context":{"text":"Temas","link":"https:\/\/moir.com.co\/web\/category\/temas\/"},"img":{"alt_text":"","src":"","width":0,"height":0},"classes":[]},{"id":3113,"url":"https:\/\/moir.com.co\/web\/plan-de-accion-del-encuentro-nacional-por-la-defensa-de-la-seguridad-la-soberania-alimentaria-y-la-produccion-agropecuaria-nacional\/","url_meta":{"origin":501,"position":3},"title":"PLAN DE ACCION DEL Encuentro Nacional por la Defensa de la Seguridad, la Soberan\u00eda Alimentaria y la Producci\u00f3n Agropecuaria Nacional","author":"admin","date":"mayo 23, 2009","format":false,"excerpt":"Uno de los objetivos propuestos para la realizaci\u00f3n del \u201cEncuentro por la defensa de la seguridad, la soberan\u00eda alimentaria y la producci\u00f3n agropecuaria nacional\u201d, fue acordar acciones y tareas que a nivel local, regional y nacional, permitan movilizar a los productores por la defensa de la soberan\u00eda alimentaria y la\u2026","rel":"","context":"En \u00abPronunciamientos de Organizaciones Sociales\u00bb","block_context":{"text":"Pronunciamientos de Organizaciones Sociales","link":"https:\/\/moir.com.co\/web\/category\/pronunciamientos-de-organizaciones-sociales\/"},"img":{"alt_text":"","src":"","width":0,"height":0},"classes":[]},{"id":5567,"url":"https:\/\/moir.com.co\/web\/el-plan-de-subdesarrollo-otro-adefesio-antidemocratico\/","url_meta":{"origin":501,"position":4},"title":"El Plan de subdesarrollo, otro adefesio antidemocr\u00e1tico","author":"admin","date":"abril 27, 2011","format":false,"excerpt":"Un Congreso eunuco y un pa\u00eds gobernado por el pr\u00edncipe de Anapoima. El PND, la suma de libre comercio e inversi\u00f3n extranjera. Los art\u00edculos sobre miner\u00eda, de corte fascistoide. Las tierras, a los magnates. Los cincuenta art\u00edculos de facultades extraordinarias otorgadas al gobierno del presidente Santos por el Plan Nacional\u2026","rel":"","context":"En \u00abJorge Enrique Robledo\u00bb","block_context":{"text":"Jorge Enrique Robledo","link":"https:\/\/moir.com.co\/web\/category\/jorge-enrique-robledo\/"},"img":{"alt_text":"","src":"https:\/\/i0.wp.com\/img.youtube.com\/vi\/bwmj-9hSoX8\/0.jpg?resize=350%2C200","width":350,"height":200},"classes":[]},{"id":17118,"url":"https:\/\/moir.com.co\/web\/es-duque-diferente-a-santos\/","url_meta":{"origin":501,"position":5},"title":"\u00bfEs Duque diferente a Santos?","author":"admin","date":"marzo 23, 2019","format":false,"excerpt":"Libardo G\u00f3mez S\u00e1nchez, Neiva, marzo 18 de 2019 Muchos planes de desarrollo se han escrito a lo largo de los distintos gobiernos que hemos tenido, no muy diferentes los unos de los otros; si pretendi\u00e9ramos buscar sus similitudes podr\u00edamos resumirlas en una sola: planes para el atraso y la dependencia\u2026","rel":"","context":"En \u00abAgro\u00bb","block_context":{"text":"Agro","link":"https:\/\/moir.com.co\/web\/category\/temas\/agro\/"},"img":{"alt_text":"","src":"","width":0,"height":0},"classes":[]}],"jetpack_sharing_enabled":true,"_links":{"self":[{"href":"https:\/\/moir.com.co\/web\/wp-json\/wp\/v2\/posts\/501","targetHints":{"allow":["GET"]}}],"collection":[{"href":"https:\/\/moir.com.co\/web\/wp-json\/wp\/v2\/posts"}],"about":[{"href":"https:\/\/moir.com.co\/web\/wp-json\/wp\/v2\/types\/post"}],"author":[{"embeddable":true,"href":"https:\/\/moir.com.co\/web\/wp-json\/wp\/v2\/users\/1"}],"replies":[{"embeddable":true,"href":"https:\/\/moir.com.co\/web\/wp-json\/wp\/v2\/comments?post=501"}],"version-history":[{"count":0,"href":"https:\/\/moir.com.co\/web\/wp-json\/wp\/v2\/posts\/501\/revisions"}],"wp:attachment":[{"href":"https:\/\/moir.com.co\/web\/wp-json\/wp\/v2\/media?parent=501"}],"wp:term":[{"taxonomy":"category","embeddable":true,"href":"https:\/\/moir.com.co\/web\/wp-json\/wp\/v2\/categories?post=501"},{"taxonomy":"post_tag","embeddable":true,"href":"https:\/\/moir.com.co\/web\/wp-json\/wp\/v2\/tags?post=501"}],"curies":[{"name":"wp","href":"https:\/\/api.w.org\/{rel}","templated":true}]}}