{"id":495,"date":"2004-08-09T07:00:00","date_gmt":"2004-08-09T07:00:00","guid":{"rendered":"https:\/\/moir.org.co\/web\/llamamiento-a-fortalecer-la-asociacion-nacional-por-la-salvacion-agropecuaria\/"},"modified":"2004-08-09T07:00:00","modified_gmt":"2004-08-09T07:00:00","slug":"llamamiento-a-fortalecer-la-asociacion-nacional-por-la-salvacion-agropecuaria","status":"publish","type":"post","link":"https:\/\/moir.com.co\/web\/llamamiento-a-fortalecer-la-asociacion-nacional-por-la-salvacion-agropecuaria\/","title":{"rendered":"LLAMAMIENTO A FORTALECER LA ASOCIACI\u00d3N NACIONAL POR LA SALVACI\u00d3N AGROPECUARIA"},"content":{"rendered":"<p>Foro Agropecuario de la Costa Atl\u00e1ntica, Cartagena de Indias, marzo 21 de 2003<\/p>\n<p>Los agricultores , representantes y dirigentes de distintos sectores de la agricultura y la ganader\u00eda de los departamentos de Bol\u00edvar, Cesar, C\u00f3rdoba, Magdalena, Sucre y Atl\u00e1ntico , as\u00ed como de las distintas profesiones relacionadas con el trabajo rural en la Costa Atl\u00e1ntica de Colombia, nos hemos reunido hoy viernes 21 de marzo de 2003 en un gran Foro Agropecuario en la ciudad de Cartagena de Indias para tratar los numerosos problemas que afectan a esta actividad econ\u00f3mica fundamental para la prosperidad de Colombia.<\/p>\n<p>Conscientes de la necesidad de atender esta crisis con propuestas consecuentes que consulten los intereses principales y decisivos de los productores agropecuarios, respaldamos los puntos del programa de la Asociaci\u00f3n Nacional por la Salvaci\u00f3n Agropecuaria y convocamos a los miembros de la comunidad rural de la Costa Atl\u00e1ntica a construir y fortalecer nuestras organizaciones y, en particular, a rodear a Salvaci\u00f3n Agropecuaria como centro de confluencia de los distintos gremios de las ramas agropecuarias.<\/p>\n<p>La solidez organizativa es m\u00e1s necesaria ahora que al pa\u00eds se le pretende incorporar por encima de la voluntad de muchos colombianos al \u00c1rea de Libre Comercio para las Am\u00e9ricas \u2013 ALCA- un acuerdo internacional en el cual la competencia desventajosa a la que se van a someter nuestros productos agropecuarios nos conducir\u00e1 a m\u00e1s graves quebrantos en nuestra actividad y a la p\u00e9rdida en mayores porcentajes de la soberan\u00eda alimentaria nacional.<\/p>\n<p>Aprobado por unanimidad por 340 delegados asistentes al FORO AGROPECUARIO DE LA COSTA ATL\u00c1NTICA en Cartagena de Indias.<\/p>\n","protected":false},"excerpt":{"rendered":"<p>Foro Agropecuario de la Costa Atl\u00e1ntica, Cartagena de Indias, marzo 21 de 2003 Los agricultores , representantes y dirigentes de distintos sectores de la agricultura y la ganader\u00eda de los departamentos de Bol\u00edvar, Cesar, C\u00f3rdoba, Magdalena, Sucre y Atl\u00e1ntico , as\u00ed como de las distintas profesiones relacionadas con el trabajo rural en la Costa Atl\u00e1ntica [&hellip;]<\/p>\n","protected":false},"author":1,"featured_media":0,"comment_status":"open","ping_status":"open","sticky":false,"template":"","format":"standard","meta":{"advanced_seo_description":"","jetpack_seo_html_title":"","jetpack_seo_noindex":false,"_jetpack_memberships_contains_paid_content":false,"footnotes":""},"categories":[7],"tags":[],"class_list":["post-495","post","type-post","status-publish","format-standard","hentry","category-pronunciamientos-de-organizaciones-sociales"],"jetpack_featured_media_url":"","jetpack-related-posts":[{"id":488,"url":"https:\/\/moir.com.co\/web\/expectativa-por-foro-agropecuario-de-cartagena\/","url_meta":{"origin":495,"position":0},"title":"EXPECTATIVA POR FORO AGROPECUARIO DE CARTAGENA","author":"admin","date":"agosto 9, 2004","format":false,"excerpt":"Asociaci\u00f3n Nacional por la Salvaci\u00f3n Agropecuaria seccional departamento del Magdalena, Santa Marta, marzo 19 de 2003 La Asociaci\u00f3n Nacional por la Salvaci\u00f3n Agropecuaria ha programado un importante certamen a efectuarse en la ciudad de Cartagena este viernes 21 de marzo. Se trata del Foro Sobre la Situaci\u00f3n Agropecuaria de la\u2026","rel":"","context":"En \u00abPronunciamientos de Organizaciones Sociales\u00bb","block_context":{"text":"Pronunciamientos de Organizaciones Sociales","link":"https:\/\/moir.com.co\/web\/category\/pronunciamientos-de-organizaciones-sociales\/"},"img":{"alt_text":"","src":"","width":0,"height":0},"classes":[]},{"id":498,"url":"https:\/\/moir.com.co\/web\/declaracion-del-foro-agropecuario-de-la-costa-atlantica\/","url_meta":{"origin":495,"position":1},"title":"DECLARACI\u00d3N DEL FORO AGROPECUARIO DE LA COSTA ATL\u00c1NTICA","author":"admin","date":"agosto 9, 2004","format":false,"excerpt":"Salvaci\u00f3n Agropecuaria, Cartagena de Indias, marzo 21 de 2003. En el transcurso de los doce a\u00f1os de apertura econ\u00f3mica el pa\u00eds entreg\u00f3 una porci\u00f3n inmensa de su mercado interno agr\u00edcola e industrial a las mercanc\u00edas extranjeras muchas de ellas subsidiadas por los gobiernos de los pa\u00edses econ\u00f3micamente m\u00e1s poderosos. Para\u2026","rel":"","context":"En \u00abPronunciamientos de Organizaciones Sociales\u00bb","block_context":{"text":"Pronunciamientos de Organizaciones Sociales","link":"https:\/\/moir.com.co\/web\/category\/pronunciamientos-de-organizaciones-sociales\/"},"img":{"alt_text":"","src":"","width":0,"height":0},"classes":[]},{"id":504,"url":"https:\/\/moir.com.co\/web\/salvacion-agropecuaria-aprueba-gran-campana-contra-el-alca\/","url_meta":{"origin":495,"position":2},"title":"SALVACI\u00d3N AGROPECUARIA APRUEBA GRAN CAMPA\u00d1A CONTRA EL ALCA","author":"admin","date":"agosto 9, 2004","format":false,"excerpt":"Salvaci\u00f3n Agropecuaria, marzo 27 de 2003 La VII Junta nacional de la Asociaci\u00f3n Nacional por la Salvaci\u00f3n Agropecuaria, reunida en Ibagu\u00e9 con la presencia de 220 delegados, en representaci\u00f3n de cerca de 30 organizaciones regionales y nacionales de productores agropecuarios, de profesionales del sector y de estudiantes universitarios de carreras\u2026","rel":"","context":"En \u00abPronunciamientos de Organizaciones Sociales\u00bb","block_context":{"text":"Pronunciamientos de Organizaciones Sociales","link":"https:\/\/moir.com.co\/web\/category\/pronunciamientos-de-organizaciones-sociales\/"},"img":{"alt_text":"","src":"","width":0,"height":0},"classes":[]},{"id":493,"url":"https:\/\/moir.com.co\/web\/declaracion-publica-sobre-el-plan-nacional-de-desarrollo\/","url_meta":{"origin":495,"position":3},"title":"DECLARACI\u00d3N P\u00daBLICA SOBRE EL PLAN NACIONAL DE DESARROLLO","author":"admin","date":"agosto 9, 2004","format":false,"excerpt":"Los colombianos estamos siguiendo con atenci\u00f3n las discusiones del Congreso de la Rep\u00fablica en torno al Plan Nacional de Desarrollo presentada para su consideraci\u00f3n por el gobierno del Presidente Alvaro Uribe. Ha llamado la atenci\u00f3n, especialmente entre la opini\u00f3n m\u00e1s calificada, las metas que en t\u00e9rminos del desarrollo y el\u2026","rel":"","context":"En \u00abPronunciamientos de Organizaciones Sociales\u00bb","block_context":{"text":"Pronunciamientos de Organizaciones Sociales","link":"https:\/\/moir.com.co\/web\/category\/pronunciamientos-de-organizaciones-sociales\/"},"img":{"alt_text":"","src":"","width":0,"height":0},"classes":[]},{"id":1107,"url":"https:\/\/moir.com.co\/web\/elevar-la-resistencia-civil-ante-la-devastacion-de-la-agricultura-negociada-en-el-tlc\/","url_meta":{"origin":495,"position":4},"title":"\u00a1ELEVAR LA RESISTENCIA CIVIL ANTE LA DEVASTACI\u00d3N DE LA AGRICULTURA NEGOCIADA  EN EL TLC\u00a1","author":"admin","date":"enero 28, 2005","format":false,"excerpt":"Asociaci\u00f3n Nacional por la Salvaci\u00f3n Agropecuaria, Ibagu\u00e9, febrero 6 de 2005 Entre el 7 y el 11 de febrero se llevar\u00e1 cabo en Cartagena una negociaci\u00f3n trascendental para el sector agropecuario colombiano dentro de las que se realizan en el Tratado de Libre Comercio de Colombia con Estados Unidos. Esta\u2026","rel":"","context":"En \u00abPronunciamientos de Organizaciones Sociales\u00bb","block_context":{"text":"Pronunciamientos de Organizaciones Sociales","link":"https:\/\/moir.com.co\/web\/category\/pronunciamientos-de-organizaciones-sociales\/"},"img":{"alt_text":"","src":"","width":0,"height":0},"classes":[]},{"id":3406,"url":"https:\/\/moir.com.co\/web\/multiples-actividades-de-resistencia-contra-la-politica-agricola-se-realizaran-el-19-de-agosto-en-colombia\/","url_meta":{"origin":495,"position":5},"title":"M\u00faltiples actividades de resistencia contra la pol\u00edtica agr\u00edcola se realizar\u00e1n el 19 de agosto en Colombia","author":"admin","date":"agosto 15, 2009","format":false,"excerpt":"En el marco de la Jornada Nacional por la Defensa de la Producci\u00f3n Agropecuaria y Campesina y de la Seguridad y la Soberan\u00eda Alimentaria Nacional, fijada para el 19 de agosto venidero, se llevar\u00e1n a cabo diversas actividades a lo largo y ancho del pa\u00eds. En Boyac\u00e1 habr\u00e1 movilizaciones en\u2026","rel":"","context":"En \u00abTemas\u00bb","block_context":{"text":"Temas","link":"https:\/\/moir.com.co\/web\/category\/temas\/"},"img":{"alt_text":"","src":"","width":0,"height":0},"classes":[]}],"jetpack_sharing_enabled":true,"_links":{"self":[{"href":"https:\/\/moir.com.co\/web\/wp-json\/wp\/v2\/posts\/495","targetHints":{"allow":["GET"]}}],"collection":[{"href":"https:\/\/moir.com.co\/web\/wp-json\/wp\/v2\/posts"}],"about":[{"href":"https:\/\/moir.com.co\/web\/wp-json\/wp\/v2\/types\/post"}],"author":[{"embeddable":true,"href":"https:\/\/moir.com.co\/web\/wp-json\/wp\/v2\/users\/1"}],"replies":[{"embeddable":true,"href":"https:\/\/moir.com.co\/web\/wp-json\/wp\/v2\/comments?post=495"}],"version-history":[{"count":0,"href":"https:\/\/moir.com.co\/web\/wp-json\/wp\/v2\/posts\/495\/revisions"}],"wp:attachment":[{"href":"https:\/\/moir.com.co\/web\/wp-json\/wp\/v2\/media?parent=495"}],"wp:term":[{"taxonomy":"category","embeddable":true,"href":"https:\/\/moir.com.co\/web\/wp-json\/wp\/v2\/categories?post=495"},{"taxonomy":"post_tag","embeddable":true,"href":"https:\/\/moir.com.co\/web\/wp-json\/wp\/v2\/tags?post=495"}],"curies":[{"name":"wp","href":"https:\/\/api.w.org\/{rel}","templated":true}]}}