{"id":494,"date":"2004-08-09T07:00:00","date_gmt":"2004-08-09T07:00:00","guid":{"rendered":"https:\/\/moir.org.co\/web\/exigir-la-condonacion-de-las-deudas\/"},"modified":"2004-08-09T07:00:00","modified_gmt":"2004-08-09T07:00:00","slug":"exigir-la-condonacion-de-las-deudas","status":"publish","type":"post","link":"https:\/\/moir.com.co\/web\/exigir-la-condonacion-de-las-deudas\/","title":{"rendered":"EXIGIR LA CONDONACI\u00d3N DE LAS DEUDAS"},"content":{"rendered":"<p>Unidad Cafetera Nacional, Pereira, marzo 25 de 2003<\/p>\n<p>En el d\u00eda de ma\u00f1ana, mi\u00e9rcoles 26 de 2003, los caficultores del suroeste antioque\u00f1o, en el municipio de Andes, se movilizar\u00e1n para impedir el remate de la finca \u201cLa Berenice\u201d de la vereda \u201cGuadalejo\u201d de propiedad del se\u00f1or Alveiro Aguirre ubicada en las inmediaciones de ese municipio. Esa situaci\u00f3n confirma tanto el fracaso de la pol\u00edtica de refinanciaci\u00f3n de las deudas contenida en el PRAN as\u00ed como la aguda continuaci\u00f3n de la crisis del caf\u00e9 y, del mismo modo, las denuncias que se han hecho con respecto al abandono de la caficultura que ha asumido el gobierno nacional que preside Alvaro Uribe V\u00e9lez.<\/p>\n<p>Los dos acuerdos suscritos entre la Federaci\u00f3n de Cafeteros y el ministro de Hacienda, Roberto Junguito, han recortado casi todos los exiguos apoyos que la industria del caf\u00e9 ten\u00eda del presupuesto nacional hace ocho meses y entre los que han desaparecido del todo se encuentran los atinentes al cr\u00e9dito. Con la fusi\u00f3n de FINAGRO en BANCOLDEX, como lo establece el Plan Nacional de Desarrollo, dicha pol\u00edtica regresiva se contin\u00faa perfeccionando.<\/p>\n<p>UNIDAD CAFETERA, a nivel nacional, respalda esa justa acci\u00f3n de los caficultores antioque\u00f1os, exige la suspensi\u00f3n inmediata de los embargos, remates y dem\u00e1s diligencias jur\u00eddicas contra las fincas cafeteras en Antioquia y en Colombia y reclama la atenci\u00f3n de las autoridades cafeteras y del gobierno nacional a este problema que tiende a agravarse por todo el pa\u00eds. En regiones, como la Costa Atl\u00e1ntica, se est\u00e1n presentando en otros renglones agropecuarios situaciones similares a las que hoy nos ocupa. Se pone al orden del d\u00eda, de nuevo, exigir la condonaci\u00f3n de las deudas; han fracasado los programas de refinanciaci\u00f3n y los cafeteros de Colombia no pueden someterse a la p\u00e9rdida de sus predios.<\/p>\n<p>Aurelio Su\u00e1rez Montoya<br \/>\nPresidente Nacional<\/p>\n","protected":false},"excerpt":{"rendered":"<p>Unidad Cafetera Nacional, Pereira, marzo 25 de 2003 En el d\u00eda de ma\u00f1ana, mi\u00e9rcoles 26 de 2003, los caficultores del suroeste antioque\u00f1o, en el municipio de Andes, se movilizar\u00e1n para impedir el remate de la finca \u201cLa Berenice\u201d de la vereda \u201cGuadalejo\u201d de propiedad del se\u00f1or Alveiro Aguirre ubicada en las inmediaciones de ese municipio. [&hellip;]<\/p>\n","protected":false},"author":1,"featured_media":0,"comment_status":"open","ping_status":"open","sticky":false,"template":"","format":"standard","meta":{"advanced_seo_description":"","jetpack_seo_html_title":"","jetpack_seo_noindex":false,"_jetpack_memberships_contains_paid_content":false,"footnotes":""},"categories":[7],"tags":[],"class_list":["post-494","post","type-post","status-publish","format-standard","hentry","category-pronunciamientos-de-organizaciones-sociales"],"jetpack_featured_media_url":"","jetpack-related-posts":[{"id":490,"url":"https:\/\/moir.com.co\/web\/jornada-de-resistencia-civil-contra-el-remate-de-fincas-cafeteras-que-se-llevara-a-cabo-el-proximo-miercoles-26-de-marzo-en-e\/","url_meta":{"origin":494,"position":0},"title":"JORNADA DE RESISTENCIA CIVIL CONTRA EL REMATE DE FINCAS CAFETERAS QUE SE LLEVAR\u00c1 A CABO EL PR\u00d3XIMO MI\u00c9RCOLES 26 DE MARZO EN E","author":"admin","date":"agosto 9, 2004","format":false,"excerpt":"Unidad Cafetera Nacional, Medell\u00edn, marzo 20 de 2003 Para el pr\u00f3ximo Mi\u00e9rcoles 26 de Abril fue fijada la fecha del remate de la finca cafetera de propiedad del Se\u00f1or Albeiro Aguirre ubicada en el municipio de Betania por el Juzgado Civil del Circuito de Andes, y por solicitud de los\u2026","rel":"","context":"En \u00abPronunciamientos de Organizaciones Sociales\u00bb","block_context":{"text":"Pronunciamientos de Organizaciones Sociales","link":"https:\/\/moir.com.co\/web\/category\/pronunciamientos-de-organizaciones-sociales\/"},"img":{"alt_text":"","src":"","width":0,"height":0},"classes":[]},{"id":592,"url":"https:\/\/moir.com.co\/web\/nueva-jornada-de-desobediencia-civil-para-impedir-remate-de-finca-cafetera-esta-vez-en-el-municipio-de-jerico\/","url_meta":{"origin":494,"position":1},"title":"NUEVA JORNADA DE DESOBEDIENCIA CIVIL PARA IMPEDIR REMATE DE FINCA CAFETERA, ESTA VEZ EN EL MUNICIPIO DE JERIC\u00d3","author":"admin","date":"agosto 11, 2004","format":false,"excerpt":"Unidad Cafetera Nacional, Medell\u00edn, octubre 13 de 2003. El BANCO AGRARIO ha solicitado al Juzgado Promiscuo del Circuito de Jeric\u00f3, el remate de la finca cafetera \u201cSan Jos\u00e9\u201d,de propiedad del Se\u00f1or GABRIEL JAIME G\u00d3MEZ PUERTA ubicada en el municipio de Tarso. La diligencia ha sido programada por el despacho judicial\u2026","rel":"","context":"En \u00abPronunciamientos de Organizaciones Sociales\u00bb","block_context":{"text":"Pronunciamientos de Organizaciones Sociales","link":"https:\/\/moir.com.co\/web\/category\/pronunciamientos-de-organizaciones-sociales\/"},"img":{"alt_text":"","src":"","width":0,"height":0},"classes":[]},{"id":20887,"url":"https:\/\/moir.com.co\/web\/marcha-a-manizales-y-preparacion-de-paro-nacional\/","url_meta":{"origin":494,"position":2},"title":"MARCHA A MANIZALES Y PREPARACI\u00d3N DE PARO NACIONAL","author":"admin","date":"mayo 1, 2005","format":false,"excerpt":"\u00c1lvaro Bedoya Convocados por Convergencia Cafetera del Norte del Tolima y la Unidad Cafetera Nacional, m\u00e1s de quinientos delegados, en representaci\u00f3n de 78 municipios, colmaron el 1\u00b0 de febrero la asamblea de Risaralda y acordaron exigir al gobierno que condone las deudas, mejore el precio interno y adelante campa\u00f1as efectivas\u2026","rel":"","context":"En \u00abTribuna Roja N\u00b0 58, Bogot\u00e1; marzo 11 de 1995\u00bb","block_context":{"text":"Tribuna Roja N\u00b0 58, Bogot\u00e1; marzo 11 de 1995","link":"https:\/\/moir.com.co\/web\/category\/tribuna-roja\/ediciones-1995-1999\/tribuna-roja-n-58-bogota-marzo-11-de-1995\/"},"img":{"alt_text":"","src":"","width":0,"height":0},"classes":[]},{"id":514,"url":"https:\/\/moir.com.co\/web\/exitoso-encuentro-de-dirigentes-del-sector-agropecuario-del-quindio-y-norte-del-valle\/","url_meta":{"origin":494,"position":3},"title":"EXITOSO ENCUENTRO DE DIRIGENTES DEL SECTOR AGROPECUARIO DEL QUIND\u00cdO Y NORTE DEL VALLE","author":"admin","date":"agosto 9, 2004","format":false,"excerpt":"Antonio Jos\u00e9 Guti\u00e9rrez Blanco, Armenia, mayo 5 de 2003 Con la presencia de 112 delegados de 15 municipios del Quind\u00edo y del norte de Valle, se llev\u00f3 a cabo, el 29 de abril en el Centro Recreacional de Confenalco del Alto del R\u00edo, en Calarc\u00e1 (Quind\u00edo), un exitoso encuentro de\u2026","rel":"","context":"En \u00abPronunciamientos de Organizaciones Sociales\u00bb","block_context":{"text":"Pronunciamientos de Organizaciones Sociales","link":"https:\/\/moir.com.co\/web\/category\/pronunciamientos-de-organizaciones-sociales\/"},"img":{"alt_text":"","src":"","width":0,"height":0},"classes":[]},{"id":7291,"url":"https:\/\/moir.com.co\/web\/congresistas-piden-soluciones-al-paro-cafetero\/","url_meta":{"origin":494,"position":4},"title":"Congresistas piden soluciones al Paro Cafetero","author":"admin","date":"febrero 25, 2013","format":false,"excerpt":"En una declaraci\u00f3n conjunta, los congresistas Juan Carlos V\u00e9lez, Liliana Rend\u00f3n, Jaime Alonso Zuluaga, Jaime Dur\u00e1n Barrera, Manuel Enr\u00edquez Rosero, Jorge Enrique Robledo, Mauricio Ospina y Alba Luz Pinilla le hicieron un llamado al presidente Santos para que atienda las peticiones que generaron el Paro Nacional Cafetero. Los congresistas se\u00f1alaron\u2026","rel":"","context":"En \u00abJorge Enrique Robledo\u00bb","block_context":{"text":"Jorge Enrique Robledo","link":"https:\/\/moir.com.co\/web\/category\/jorge-enrique-robledo\/"},"img":{"alt_text":"","src":"","width":0,"height":0},"classes":[]},{"id":19933,"url":"https:\/\/moir.com.co\/web\/multitudinario-rechazo-a-las-importaciones-de-cafe\/","url_meta":{"origin":494,"position":5},"title":"MULTITUDINARIO RECHAZO A LAS IMPORTACIONES DE CAF\u00c9","author":"admin","date":"agosto 10, 2004","format":false,"excerpt":"Cerca de 20 mil cafeteros colombianos se reunieron en una extraordinaria marcha de protesta contra las importaciones de caf\u00e9 anunciadas por el ministro de Hacienda, Juan Camilo Restrepo, y el gerente de la Federaci\u00f3n Nacional de Cafeteros, Jorge C\u00e1rdenas Guti\u00e9rrez. Caficultores de m\u00e1s de 100 municipios marcharon desde la Plaza\u2026","rel":"","context":"En \u00abTribuna Roja N\u00ba 80, abril 27 de 2000\u00bb","block_context":{"text":"Tribuna Roja N\u00ba 80, abril 27 de 2000","link":"https:\/\/moir.com.co\/web\/category\/tribuna-roja\/ediciones-2000-2004\/tribuna-roja-no-80-abril-27-de-2000\/"},"img":{"alt_text":"","src":"","width":0,"height":0},"classes":[]}],"jetpack_sharing_enabled":true,"_links":{"self":[{"href":"https:\/\/moir.com.co\/web\/wp-json\/wp\/v2\/posts\/494","targetHints":{"allow":["GET"]}}],"collection":[{"href":"https:\/\/moir.com.co\/web\/wp-json\/wp\/v2\/posts"}],"about":[{"href":"https:\/\/moir.com.co\/web\/wp-json\/wp\/v2\/types\/post"}],"author":[{"embeddable":true,"href":"https:\/\/moir.com.co\/web\/wp-json\/wp\/v2\/users\/1"}],"replies":[{"embeddable":true,"href":"https:\/\/moir.com.co\/web\/wp-json\/wp\/v2\/comments?post=494"}],"version-history":[{"count":0,"href":"https:\/\/moir.com.co\/web\/wp-json\/wp\/v2\/posts\/494\/revisions"}],"wp:attachment":[{"href":"https:\/\/moir.com.co\/web\/wp-json\/wp\/v2\/media?parent=494"}],"wp:term":[{"taxonomy":"category","embeddable":true,"href":"https:\/\/moir.com.co\/web\/wp-json\/wp\/v2\/categories?post=494"},{"taxonomy":"post_tag","embeddable":true,"href":"https:\/\/moir.com.co\/web\/wp-json\/wp\/v2\/tags?post=494"}],"curies":[{"name":"wp","href":"https:\/\/api.w.org\/{rel}","templated":true}]}}