{"id":493,"date":"2004-08-09T07:00:00","date_gmt":"2004-08-09T07:00:00","guid":{"rendered":"https:\/\/moir.org.co\/web\/declaracion-publica-sobre-el-plan-nacional-de-desarrollo\/"},"modified":"2004-08-09T07:00:00","modified_gmt":"2004-08-09T07:00:00","slug":"declaracion-publica-sobre-el-plan-nacional-de-desarrollo","status":"publish","type":"post","link":"https:\/\/moir.com.co\/web\/declaracion-publica-sobre-el-plan-nacional-de-desarrollo\/","title":{"rendered":"DECLARACI\u00d3N P\u00daBLICA SOBRE EL PLAN NACIONAL DE DESARROLLO"},"content":{"rendered":"<p>Los colombianos estamos siguiendo con atenci\u00f3n las discusiones del Congreso de la Rep\u00fablica en torno al Plan Nacional de Desarrollo presentada para su consideraci\u00f3n por el gobierno del Presidente Alvaro Uribe. Ha llamado la atenci\u00f3n, especialmente entre la opini\u00f3n m\u00e1s calificada, las metas que en t\u00e9rminos del desarrollo y el crecimiento econ\u00f3mico se han trazado;  por lo cual no han faltado las voces que califican las expectativas oficiales como mediocres en los cr\u00edticos momentos que vive la naci\u00f3n para salir de la recesi\u00f3n que sufre desde hace ya m\u00e1s de tres a\u00f1os.  <\/p>\n<p>La Asociaci\u00f3n Nacional por la Salvaci\u00f3n Agropecuaria considera que dejar el devenir econ\u00f3mico sujeto a los acuerdos que se firmen en pol\u00edtica fiscal y monetaria con el FMI y a las mayores alteraciones en las pol\u00edticas de comercio exterior que se ocasionen con el ALCA precipita a la econom\u00eda nacional y a sus sectores reales a coyunturas peores que las que hoy atravesamos; m\u00e1xime, si como propone el Plan, reduce el presupuesto para la agricultura a menos del 1% del monto total y dificulta todav\u00eda m\u00e1s el acceso al cr\u00e9dito rural, fusionando FINAGRO con BANCOLDEX. Una se\u00f1al que lleva a pensar que s\u00f3lo se proveer\u00e1 de recursos financieros a los cultivos orientados hacia el comercio exterior. <\/p>\n<p>Al conocer que un grupo muy importante de congresistas incluy\u00f3 , en forma de modificaci\u00f3n al documento original del Plan, un texto que contempla aranceles de protecci\u00f3n al sector agropecuario tan altos como sea necesario para neutralizar los subsidios que otorgan a sus productores agropecuarios  los gobiernos de los  pa\u00edses que nos compiten por esos mercados; nos unimos a dicha propuesta y reclamamos del Congreso de la Rep\u00fablica en pleno , a nombre de los varios miles de agricultores que est\u00e1n organizados en torno a Salvaci\u00f3n Agropecuaria, un respaldo un\u00e1nime para ella.  <\/p>\n<p>Al mismo tiempo, con base en lo aqu\u00ed expresado, rechazamos las declaraciones de funcionarios oficiales que de antemano se han estado pronunciando contra esta iniciativa, desconociendo que la implantaci\u00f3n del ALCA y la forma insensata como el ministerio de Comercio Exterior est\u00e1 orientando las negociaciones llevar\u00e1n al campo colombiano a un estado de postraci\u00f3n inimaginable del cual no saldr\u00e1 sin muchas dificultades. Finalmente, y bajos los mismos criterios, coincidimos en la necesidad imperiosa de mantener en los niveles necesarios el subsidio al precio interno del caf\u00e9; de las pol\u00edticas que al respecto se desprenden del Plan de Desarrollo se concluye que la intenci\u00f3n gubernamental es eliminarlo. <\/p>\n<p>Ratificado por aclamaci\u00f3n por 340 delegados asistentes al Foro Agropecuario de la Costa Atl\u00e1ntica. <\/p>\n<p>ASOCIACION NACIONAL POR LA SALVACION AGROPECUARIA<\/p>\n<p>ANGEL MARIA CABALLERO<br \/>\nPresidente<\/p>\n<p>AURELIO SUAREZ MONTOYA<br \/>\nDirector Ejecutivo<br \/>\nmarzo 21 de 2003<\/p>\n","protected":false},"excerpt":{"rendered":"<p>Los colombianos estamos siguiendo con atenci\u00f3n las discusiones del Congreso de la Rep\u00fablica en torno al Plan Nacional de Desarrollo presentada para su consideraci\u00f3n por el gobierno del Presidente Alvaro Uribe. Ha llamado la atenci\u00f3n, especialmente entre la opini\u00f3n m\u00e1s calificada, las metas que en t\u00e9rminos del desarrollo y el crecimiento econ\u00f3mico se han trazado; [&hellip;]<\/p>\n","protected":false},"author":1,"featured_media":0,"comment_status":"open","ping_status":"open","sticky":false,"template":"","format":"standard","meta":{"advanced_seo_description":"","jetpack_seo_html_title":"","jetpack_seo_noindex":false,"_jetpack_memberships_contains_paid_content":false,"footnotes":""},"categories":[7],"tags":[],"class_list":["post-493","post","type-post","status-publish","format-standard","hentry","category-pronunciamientos-de-organizaciones-sociales"],"jetpack_featured_media_url":"","jetpack-related-posts":[{"id":6553,"url":"https:\/\/moir.com.co\/web\/plan-de-desarrollo-de-cartagena-2012-2015\/","url_meta":{"origin":493,"position":0},"title":"Plan de Desarrollo de Cartagena 2012 \u2013 2015","author":"admin","date":"mayo 22, 2012","format":false,"excerpt":"El 30 del pasado abril, la administraci\u00f3n del alcalde Distrital de Cartagena, Campo El\u00edas Ter\u00e1n Dix, present\u00f3 al Concejo de la ciudad el proyecto de Acuerdo que contiene el Plan de Desarrollo \"Campo para Tod@s 2012 - 2015\". Entre los objetivos planteados \u201cse encuentran los de realizar un desarrollo planeado,\u2026","rel":"","context":"En \u00abTemas\u00bb","block_context":{"text":"Temas","link":"https:\/\/moir.com.co\/web\/category\/temas\/"},"img":{"alt_text":"","src":"","width":0,"height":0},"classes":[]},{"id":5391,"url":"https:\/\/moir.com.co\/web\/eliminacion-del-preescolar-curriculo-unico-recorte-de-la-planta-docente-y-plantelizacion-propone-el-plan-nacional-de-desarrollo\/","url_meta":{"origin":493,"position":1},"title":"Eliminaci\u00f3n del preescolar, curr\u00edculo \u00fanico, recorte de la planta docente y plantelizaci\u00f3n propone el plan nacional de desarrollo","author":"admin","date":"marzo 10, 2011","format":false,"excerpt":"El Proyecto de Ley 179 de 2011 por el cual se adopta el Plan Nacional de Desarrollo del cuatrienio de Juan Manuel Santos contiene una serie de art\u00edculos referidos a la educaci\u00f3n, que profundizan la pol\u00edtica neoliberal de entrega de recursos del Estado a mercaderes privados para que se encarguen\u2026","rel":"","context":"En \u00abTribuna Magisterial\u00bb","block_context":{"text":"Tribuna Magisterial","link":"https:\/\/moir.com.co\/web\/category\/tribuna-magisterial\/"},"img":{"alt_text":"","src":"","width":0,"height":0},"classes":[]},{"id":10300,"url":"https:\/\/moir.com.co\/web\/admitida-demanda-en-contra-de-la-ley-de-zidres-la-mas-antiagraria-de-la-historia\/","url_meta":{"origin":493,"position":2},"title":"Admitida demanda en contra de la Ley de Zidres, la m\u00e1s antiagraria de la historia","author":"admin","date":"agosto 10, 2016","format":false,"excerpt":"Para los congresistas demandantes la Ley Zidres es cosa juzgada constitucional y se debe declarar inexequible. Como una buena noticia para el pa\u00eds calificaron los congresistas Jorge Robledo, Jorge Prieto, Alexander L\u00f3pez y Germ\u00e1n Navas Talero y el ex congresista Wilson Arias la admisi\u00f3n de la demanda de inconstitucionalidad en\u2026","rel":"","context":"En \u00abJorge Enrique Robledo\u00bb","block_context":{"text":"Jorge Enrique Robledo","link":"https:\/\/moir.com.co\/web\/category\/jorge-enrique-robledo\/"},"img":{"alt_text":"","src":"","width":0,"height":0},"classes":[]},{"id":12435,"url":"https:\/\/moir.com.co\/web\/5-anos-de-tlc-con-eeuu-y-la-peor-crisis-industrial-bogotana-de-la-historia\/","url_meta":{"origin":493,"position":3},"title":"5 a\u00f1os de TLC con EEUU y la peor crisis industrial bogotana de la historia","author":"admin","date":"mayo 17, 2017","format":false,"excerpt":"Mateo Hoyos L\u00f3pez,\u00a0http:\/\/lasillavacia.com\/, Bogot\u00e1, mayo 17 de 2017 El 12 de mayo pasado se cumplieron cinco a\u00f1os de vigencia del TLC con Estados Unidos Estos, cinco a\u00f1os son tambi\u00e9n los de la peor crisis industrial en la capital. La desindustrializaci\u00f3n capitalina es m\u00e1s grave que la colombiana y con los\u2026","rel":"","context":"En \u00abBogot\u00e1\u00bb","block_context":{"text":"Bogot\u00e1","link":"https:\/\/moir.com.co\/web\/category\/temas\/bogota\/"},"img":{"alt_text":"","src":"https:\/\/i0.wp.com\/moir.com.co\/web\/wp-content\/uploads\/2017\/05\/industria3.jpg?fit=358%2C262&ssl=1&resize=350%2C200","width":350,"height":200},"classes":[]},{"id":9113,"url":"https:\/\/moir.com.co\/web\/una-primera-opinion-sobre-el-plan-nacional-de-desarrollo-y-el-agro\/","url_meta":{"origin":493,"position":4},"title":"Una primera opini\u00f3n sobre el plan nacional de desarrollo y el Agro","author":"admin","date":"febrero 20, 2015","format":false,"excerpt":"Dignidad Agropecuaria Colombiana agradece a los amigos periodistas la asistencia a esta rueda de prensa, a las dem\u00e1s organizaciones convocantes a la misma y, en espacial a OXFAM, y quiere expresar una primera opini\u00f3n sobre el Plan Nacional de Desarrollo y el Agro. Una primera consideraci\u00f3n que debemos se\u00f1alar es\u2026","rel":"","context":"En \u00abPronunciamientos de Organizaciones Sociales\u00bb","block_context":{"text":"Pronunciamientos de Organizaciones Sociales","link":"https:\/\/moir.com.co\/web\/category\/pronunciamientos-de-organizaciones-sociales\/"},"img":{"alt_text":"","src":"","width":0,"height":0},"classes":[]},{"id":21344,"url":"https:\/\/moir.com.co\/web\/saludo-del-moir-al-iv-congreso-de-la-cut\/","url_meta":{"origin":493,"position":5},"title":"SALUDO DEL MOIR AL IV CONGRESO DE LA CUT","author":"admin","date":"febrero 17, 2009","format":false,"excerpt":"Estimados compa\u00f1eros: Se celebra el IV Congreso de la CUT en momentos en que la crisis que experimenta la naci\u00f3n, la m\u00e1s grave de su historia, adquiere mayor profundidad. Las medidas pol\u00edticas y econ\u00f3micas que dicta Washington en prosecuci\u00f3n de su pol\u00edtica de recolonizaci\u00f3n, son acatadas d\u00f3cilmente por Andr\u00e9s Pastrana,\u2026","rel":"","context":"En \u00abTribuna Roja N\u00ba 79; octubre 30 de 1999\u00bb","block_context":{"text":"Tribuna Roja N\u00ba 79; octubre 30 de 1999","link":"https:\/\/moir.com.co\/web\/category\/tribuna-roja\/ediciones-1995-1999\/tribuna-roja-no-79-octubre-30-de-1999\/"},"img":{"alt_text":"","src":"","width":0,"height":0},"classes":[]}],"jetpack_sharing_enabled":true,"_links":{"self":[{"href":"https:\/\/moir.com.co\/web\/wp-json\/wp\/v2\/posts\/493","targetHints":{"allow":["GET"]}}],"collection":[{"href":"https:\/\/moir.com.co\/web\/wp-json\/wp\/v2\/posts"}],"about":[{"href":"https:\/\/moir.com.co\/web\/wp-json\/wp\/v2\/types\/post"}],"author":[{"embeddable":true,"href":"https:\/\/moir.com.co\/web\/wp-json\/wp\/v2\/users\/1"}],"replies":[{"embeddable":true,"href":"https:\/\/moir.com.co\/web\/wp-json\/wp\/v2\/comments?post=493"}],"version-history":[{"count":0,"href":"https:\/\/moir.com.co\/web\/wp-json\/wp\/v2\/posts\/493\/revisions"}],"wp:attachment":[{"href":"https:\/\/moir.com.co\/web\/wp-json\/wp\/v2\/media?parent=493"}],"wp:term":[{"taxonomy":"category","embeddable":true,"href":"https:\/\/moir.com.co\/web\/wp-json\/wp\/v2\/categories?post=493"},{"taxonomy":"post_tag","embeddable":true,"href":"https:\/\/moir.com.co\/web\/wp-json\/wp\/v2\/tags?post=493"}],"curies":[{"name":"wp","href":"https:\/\/api.w.org\/{rel}","templated":true}]}}