{"id":492,"date":"2004-08-09T07:00:00","date_gmt":"2004-08-09T07:00:00","guid":{"rendered":"https:\/\/moir.org.co\/web\/por-la-abstencion-activa-contra-el-referendo\/"},"modified":"2004-08-09T07:00:00","modified_gmt":"2004-08-09T07:00:00","slug":"por-la-abstencion-activa-contra-el-referendo","status":"publish","type":"post","link":"https:\/\/moir.com.co\/web\/por-la-abstencion-activa-contra-el-referendo\/","title":{"rendered":"POR LA ABSTENCI\u00d3N ACTIVA CONTRA EL REFERENDO."},"content":{"rendered":"<p>Los dirigentes, organizaciones y partidos pol\u00edticos de Manizales y Caldas, una vez analizada la grave situaci\u00f3n econ\u00f3mica y social que atraviesa nuestra patria y la propuesta del Gobierno del Presidente Uribe V\u00e9lez, aprobada por sus mayor\u00edas en el Congreso de la Rep\u00fablica, de realizar un Referendo, declaramos: <\/p>\n<p>El gobierno, a trav\u00e9s del Referendo, pretende legitimar un inmenso atropello contra los trabajadores y el pueblo, la producci\u00f3n industrial y agropecuaria, el empleo y los salarios. Acogiendo las pol\u00edticas de ajuste impuestas por el Fondo Monetario Internacional, se incluyen en el referendo art\u00edculos que de aprobarse significaran la congelaci\u00f3n del gasto en los salarios, pensiones, eliminaci\u00f3n de los reg\u00edmenes especiales, supresi\u00f3n de personer\u00edas y contralor\u00edas, al igual que se abrir\u00e1 un camino f\u00e1cil para que el gobierno de Uribe profundice la privatizaci\u00f3n de las empresas de servicios p\u00fablicos, la salud y la educaci\u00f3n, la mayor entrega al capital extranjero de los recursos naturales y comprometa el pa\u00eds en el ALCA, acuerdo de libre comercio que agravar\u00e1 la crisis de la producci\u00f3n industrial y agraria nacional. <\/p>\n<p>Escondido detr\u00e1s de la falsa lucha contra la Corrupci\u00f3n y la Politiquer\u00eda, el gobierno de Uribe V\u00e9lez, por medio del Referendo, pretende recortar aun m\u00e1s los espacios de la ya restringida democracia Colombiana. Pol\u00edticas expresadas en el Referendo, como la reducci\u00f3n del numero de congresistas, el umbral exigido para acceder al Congreso, la cifra repartidora para asignar las curules y los nuevos requisitos para la conservaci\u00f3n o expedici\u00f3n de las personer\u00edas jur\u00eddicas de los partidos no solo dificultan y entorpecen el accionar pol\u00edtico de las organizaciones independientes y de las minor\u00edas en el seno de los partidos tradicionales, sino que restringen a\u00fan m\u00e1s la democracia en beneficio de las concepciones autoritarias del gobierno. <\/p>\n<p>Para conseguir respaldo al Referendo, el gobierno incluy\u00f3 la m\u00e1s politiquera de todas las medidas: el alargue de los per\u00edodos de los actuales alcaldes, gobernadores, diputados y concejales. Se pretende colocar al servicio del voto por el s\u00ed en el referendo, adem\u00e1s del aparato estatal central, los medios de comunicaci\u00f3n y los grandes monopolios, a trece mil dirigentes pol\u00edticos para que, apoyados en el clientelismo, lleven a millones de electores a las urnas a respaldar el gobierno de Uribe V\u00e9lez. <\/p>\n<p>Por las anteriores consideraciones, llamamos a todos los sectores sociales, gremiales, c\u00edvicos, sindicales, populares y pol\u00edticos a conformar la m\u00e1s grande coalici\u00f3n democr\u00e1tica para promover la abstenci\u00f3n Activa al Referendo, haciendo uso del derecho constitucional de NO VOTAR. En consecuencia, quienes suscribimos esta declaraci\u00f3n desarrollaremos una amplia campa\u00f1a en los t\u00e9rminos propuestos. <\/p>\n<p>Manizales, 16 de marzo de 2003. <\/p>\n<p>Suscriben la presente declaraci\u00f3n los siguientes Dirigentes, Organizaciones y Partidos Pol\u00edticos: <\/p>\n<p>Alternativa Liberal de Caldas<br \/>\nDiputado Juan Carlos Jaramillo. <\/p>\n<p>Liberalismo Aut\u00f3nomo de Caldas<br \/>\nLuis Fernando Loaiza Casta\u00f1o, Eugenio Mej\u00eda Restrepo, Carlos Alberto V\u00e9lez Arias, Fernando Toro, Tomas R\u00edos Hurtado, Bernardo Pati\u00f1o Loaiza <\/p>\n<p>Movimiento Obrero Independiente y Revolucionario MOIR<br \/>\nSenador Jorge Enrique Robledo Castillo, Diputado Oscar Eduardo Guti\u00e9rrez Reyes, Juan Ahumada Farrieta, Adriana Arango Mej\u00eda, Sandra Patricia Toro Mar\u00edn, Wilson Garc\u00eda Quiceno <\/p>\n<p>Movimiento Construyendo Futuro<br \/>\nJuan Carlos G\u00f3mez Montoya, Hoover Su\u00e1rez Villa, Jos\u00e9 Fernando Gonz\u00e1lez<br \/>\nLuis Enrique Cristancho \u00c1vila Concejal de Manizales <\/p>\n<p>Movimiento Independiente Plural<br \/>\nPastor Harvey Mu\u00f1oz Elvira, Gilberto Vargas, Jos\u00e9 Tito Su\u00e1rez <\/p>\n<p>Unidad Democr\u00e1tica<br \/>\nAriel Londo\u00f1o R\u00edos, Jos\u00e9 Dar\u00edo L\u00f3pez Salgado, Mario Grisales <\/p>\n<p>Alianza Nacional Popular<br \/>\nLorenzo Ram\u00edrez Murillo <\/p>\n<p>Alianza Social Ind\u00edgena<br \/>\nOliverio Mu\u00f1oz  Ocampo <\/p>\n<p>Bloque Magisterial Independiente de Caldas<br \/>\nHernando R\u00faa Arias, Juan Carlos Mart\u00ednez <\/p>\n<p>Colectivo Nacional Clasista Guillermo Mar\u00edn<br \/>\nMois\u00e9s Gallego Restrepo <\/p>\n<p>Grupo Amigos del Senador Jes\u00fas Bernal Amorocho<br \/>\nCesar Augusto Herrera, Hernando Ram\u00edrez Arboleda, Seraf\u00edn Agudelo Ch\u00e1guala <\/p>\n<p>Partido Comunista de Colombia<br \/>\nHenry Ocampo Galvis <\/p>\n<p>Frente Social y Pol\u00edtico<br \/>\nMercedes Vargas Pizarro, Julio Restrepo Morales <\/p>\n<p>Polo Democr\u00e1tico<br \/>\nGilberto Bedoya S\u00e1nchez <\/p>\n<p>Partido del Socialismo Democr\u00e1tico<br \/>\nJames S\u00e1nchez <\/p>\n<p>Centro de Estudios del Magisterio Caldense CELMAC<br \/>\nRa\u00fal Gonz\u00e1les Navarro <\/p>\n<p>Dirigentes Pol\u00edticos<br \/>\nDoctor Antonio Duque Quintero<br \/>\nDoctor Jorge Enrique Rojas Quiceno<br \/>\nDoctor Guillermo Rojas Quiceno<br \/>\nDoctor Justiniano Obreg\u00f3n Restrepo<\/p>\n","protected":false},"excerpt":{"rendered":"<p>Los dirigentes, organizaciones y partidos pol\u00edticos de Manizales y Caldas, una vez analizada la grave situaci\u00f3n econ\u00f3mica y social que atraviesa nuestra patria y la propuesta del Gobierno del Presidente Uribe V\u00e9lez, aprobada por sus mayor\u00edas en el Congreso de la Rep\u00fablica, de realizar un Referendo, declaramos: El gobierno, a trav\u00e9s del Referendo, pretende legitimar [&hellip;]<\/p>\n","protected":false},"author":1,"featured_media":0,"comment_status":"open","ping_status":"open","sticky":false,"template":"","format":"standard","meta":{"advanced_seo_description":"","jetpack_seo_html_title":"","jetpack_seo_noindex":false,"_jetpack_memberships_contains_paid_content":false,"footnotes":""},"categories":[7],"tags":[],"class_list":["post-492","post","type-post","status-publish","format-standard","hentry","category-pronunciamientos-de-organizaciones-sociales"],"jetpack_featured_media_url":"","jetpack-related-posts":[{"id":470,"url":"https:\/\/moir.com.co\/web\/el-viernes-31-de-enero-sera-inaugurada-la-sede-de-la-direccion-departamental-contra-el-referendo\/","url_meta":{"origin":492,"position":0},"title":"EL VIERNES 31 DE ENERO SER\u00c1 INAUGURADA LA SEDE DE LA DIRECCI\u00d3N DEPARTAMENTAL CONTRA EL REFERENDO","author":"admin","date":"agosto 9, 2004","format":false,"excerpt":"Direcci\u00f3n Departamental de Antioquia Contra el Referendo, Medell\u00edn, Enero 18 de 2002. En un acto p\u00fablico en el que intervendr\u00e1n dirigentes de las organizaciones pol\u00edticas, sociales y sindicales que llevar\u00e1n a cabo en esta secci\u00f3n del pa\u00eds la campa\u00f1a mediante la cual se invitar\u00e1 a la poblaci\u00f3n a abstenerse de\u2026","rel":"","context":"En \u00abPronunciamientos de Organizaciones Sociales\u00bb","block_context":{"text":"Pronunciamientos de Organizaciones Sociales","link":"https:\/\/moir.com.co\/web\/category\/pronunciamientos-de-organizaciones-sociales\/"},"img":{"alt_text":"","src":"","width":0,"height":0},"classes":[]},{"id":476,"url":"https:\/\/moir.com.co\/web\/proclama-de-abstencion-activa-contra-el-referendo\/","url_meta":{"origin":492,"position":1},"title":"PROCLAMA DE ABSTENCI\u00d3N ACTIVA CONTRA EL REFERENDO","author":"admin","date":"agosto 9, 2004","format":false,"excerpt":"Gran Coalici\u00f3n Democr\u00e1tica contra el Referendo, Bogota, 7 de febrero de 2003 Pocos momentos en la historia de Colombia han concitado tanto la unidad de todas y todos los compatriotas que desde distintas perspectivas, democr\u00e1ticas y pluralistas, se han enfrentado a las pol\u00edticas autoritarias y antipopulares de los gobiernos de\u2026","rel":"","context":"En \u00abPronunciamientos de Organizaciones Sociales\u00bb","block_context":{"text":"Pronunciamientos de Organizaciones Sociales","link":"https:\/\/moir.com.co\/web\/category\/pronunciamientos-de-organizaciones-sociales\/"},"img":{"alt_text":"","src":"","width":0,"height":0},"classes":[]},{"id":859,"url":"https:\/\/moir.com.co\/web\/abstenci__n-activa\/","url_meta":{"origin":492,"position":2},"title":"ABSTENCI__N ACTIVA","author":"admin","date":"agosto 12, 2004","format":false,"excerpt":"El 25 de octubre los colombianos deber\u00e1n tomar una decisi\u00f3n pol\u00edtica: votar o no votar el Referendo. Un engendro que no han podido comprender quienes deben aprobarlo o rechazarlo y que se pretende imponer, con un mesianismo populista irracional, como un art\u00edculo de fe. ___Referendo es someter al voto popular\u2026","rel":"","context":"En \u00abRevista de Prensa\u00bb","block_context":{"text":"Revista de Prensa","link":"https:\/\/moir.com.co\/web\/category\/prensa\/revista-de-prensa\/"},"img":{"alt_text":"","src":"","width":0,"height":0},"classes":[]},{"id":19781,"url":"https:\/\/moir.com.co\/web\/proclama-de-abstencion-activa-contra-el-referendo-2\/","url_meta":{"origin":492,"position":3},"title":"PROCLAMA DE ABSTENCI\u00d3N ACTIVA CONTRA EL REFERENDO","author":"admin","date":"agosto 10, 2004","format":false,"excerpt":"Pocos momentos en la historia de Colombia han concitado tanto la unidad de todas y todos los compatriotas que desde distintas perspectivas, democr\u00e1ticas y pluralistas, se han enfrentado a las pol\u00edticas autoritarias y antipopulares de los gobiernos de turno. En consecuencia: Las centrales obreras (CUT, CGTD y CTC) y la\u2026","rel":"","context":"En \u00abTribuna Roja N\u00ba 90, marzo 10 de 2003\u00bb","block_context":{"text":"Tribuna Roja N\u00ba 90, marzo 10 de 2003","link":"https:\/\/moir.com.co\/web\/category\/tribuna-roja\/ediciones-2000-2004\/tribuna-roja-no-90-marzo-10-de-2003\/"},"img":{"alt_text":"","src":"","width":0,"height":0},"classes":[]},{"id":475,"url":"https:\/\/moir.com.co\/web\/por-la-defensa-de-los-usuarios-abstencion-al-referendo\/","url_meta":{"origin":492,"position":4},"title":"POR LA DEFENSA DE  LOS USUARIOS: ABSTENCI\u00d3N AL REFERENDO","author":"admin","date":"agosto 9, 2004","format":false,"excerpt":"El referendo de Uribe V\u00e9lez en nada resuelve los problemas fundamentales de los usuarios de servicios p\u00fablicos, quienes se ven abocados al chantaje tarifario mensual. En el referendo no existen preguntas que conduzcan a liberar de los grav\u00e1menes al grueso de la poblaci\u00f3n. Ni advierte sobre el rechazo que genera\u2026","rel":"","context":"En \u00abPronunciamientos de Organizaciones Sociales\u00bb","block_context":{"text":"Pronunciamientos de Organizaciones Sociales","link":"https:\/\/moir.com.co\/web\/category\/pronunciamientos-de-organizaciones-sociales\/"},"img":{"alt_text":"","src":"","width":0,"height":0},"classes":[]},{"id":472,"url":"https:\/\/moir.com.co\/web\/viernes-7-de-febrero-lanzamiento-de-campana-contra-el-referendo-en-el-magdalena-medio\/","url_meta":{"origin":492,"position":5},"title":"VIERNES 7 DE FEBRERO: LANZAMIENTO DE CAMPA\u00d1A CONTRA EL REFERENDO EN EL MAGDALENA MEDIO","author":"admin","date":"agosto 9, 2004","format":false,"excerpt":"Organizaciones sindicales, gremiales, asociaciones de padres de familia, partidos pol\u00edticos, concejales, diputados, movimientos sociales, personalidades democr\u00e1ticas y progresistas y gentes del com\u00fan de La Dorada y oriente de Caldas; Puerto Salgar, Cundinamarca; Puerto Boyac\u00e1, Boyac\u00e1 y Norte del Tolima har\u00e1n el lanzamiento oficial de la campa\u00f1a contra el referendo en\u2026","rel":"","context":"En \u00abPronunciamientos de Organizaciones Sociales\u00bb","block_context":{"text":"Pronunciamientos de Organizaciones Sociales","link":"https:\/\/moir.com.co\/web\/category\/pronunciamientos-de-organizaciones-sociales\/"},"img":{"alt_text":"","src":"","width":0,"height":0},"classes":[]}],"jetpack_sharing_enabled":true,"_links":{"self":[{"href":"https:\/\/moir.com.co\/web\/wp-json\/wp\/v2\/posts\/492","targetHints":{"allow":["GET"]}}],"collection":[{"href":"https:\/\/moir.com.co\/web\/wp-json\/wp\/v2\/posts"}],"about":[{"href":"https:\/\/moir.com.co\/web\/wp-json\/wp\/v2\/types\/post"}],"author":[{"embeddable":true,"href":"https:\/\/moir.com.co\/web\/wp-json\/wp\/v2\/users\/1"}],"replies":[{"embeddable":true,"href":"https:\/\/moir.com.co\/web\/wp-json\/wp\/v2\/comments?post=492"}],"version-history":[{"count":0,"href":"https:\/\/moir.com.co\/web\/wp-json\/wp\/v2\/posts\/492\/revisions"}],"wp:attachment":[{"href":"https:\/\/moir.com.co\/web\/wp-json\/wp\/v2\/media?parent=492"}],"wp:term":[{"taxonomy":"category","embeddable":true,"href":"https:\/\/moir.com.co\/web\/wp-json\/wp\/v2\/categories?post=492"},{"taxonomy":"post_tag","embeddable":true,"href":"https:\/\/moir.com.co\/web\/wp-json\/wp\/v2\/tags?post=492"}],"curies":[{"name":"wp","href":"https:\/\/api.w.org\/{rel}","templated":true}]}}