{"id":491,"date":"2004-08-09T07:00:00","date_gmt":"2004-08-09T07:00:00","guid":{"rendered":"https:\/\/moir.org.co\/web\/se-ratifica-jornada-de-protesta-por-el-remate-de-la-finca-la-berenice-personalidades-y-dirigentes-se-solidarizan-con-el\/"},"modified":"2004-08-09T07:00:00","modified_gmt":"2004-08-09T07:00:00","slug":"se-ratifica-jornada-de-protesta-por-el-remate-de-la-finca-la-berenice-personalidades-y-dirigentes-se-solidarizan-con-el","status":"publish","type":"post","link":"https:\/\/moir.com.co\/web\/se-ratifica-jornada-de-protesta-por-el-remate-de-la-finca-la-berenice-personalidades-y-dirigentes-se-solidarizan-con-el\/","title":{"rendered":"SE RATIFICA JORNADA DE PROTESTA POR EL REMATE DE LA FINCA  &#8220;LA BERENICE&#8221;. PERSONALIDADES Y DIRIGENTES SE SOLIDARIZAN CON EL"},"content":{"rendered":"<p>Unidad Cafetera Nacional, marzo 23 de 2003<\/p>\n<p>A medida que se difunde la noticia, crece la indignaci\u00f3n entre los cafeteros del suroeste por el remate anunciado para el pr\u00f3ximo mi\u00e9rcoles 26 de Marzo.<\/p>\n<p>Se han pronunciado por la suspensi\u00f3n de \u00e9ste y de todos los remates, un nutrido n\u00famero de concejales de los municipios del sector, quienes anuncian la participaci\u00f3n en la jornada de protesta al lado de centenares de productores.<\/p>\n<p>Al tiempo se conoci\u00f3 la carta enviada por el Senador Jorge Enrique Robledo al Gerente General de BANCAF\u00c9, exigiendo la inmediata suspensi\u00f3n de la diligencia de remate, que se convertir\u00eda en la p\u00e9rdida definitiva del predio \u201cLa Berenice\u201d para el se\u00f1or Jos\u00e9 Alveiro Aguirre Herrera.<\/p>\n<p>La particularidad de este remate es por dem\u00e1s una paradoja, pues los cr\u00e9ditos de la entidad que ha solicitado el remate, el oficial BANCAF\u00c9, est\u00e1n incluidos en el PRAN cafetero, es decir en teor\u00eda han sido refinanciados, pero otras obligaciones acumuladas en el proceso por parte de otras entidades del mismo estado, en este caso CISA y Caja Agraria en liquidaci\u00f3n, cuyo pago no se ha podido negociar por la propia negligencia gubernamental, junto con los onerosos honorarios de abogado, han convertido el supuesto derecho a la refinanciaci\u00f3n y los alivios, en una burla, que ser\u00eda chistosa si no se tratara del drama de un caficultor m\u00e1s que pierde su tierra.<\/p>\n<p>La jornada del mi\u00e9rcoles 26 ha sido ratificada por UNIDAD CAFETERA y respaldada por numerosas organizaciones y personas. Por ello, a partir de las 8 a.m. en el parque principal de Andes, nos concentraremos de forma civilizada pero en\u00e9rgica, a exigir la suspensi\u00f3n de este remate, de los dem\u00e1s programados y por programar, y el cese de los embargos y secuestros.<\/p>\n<p>EUGENIO RAM\u00cdREZ PORRAS<br \/>\nPresidente Comit\u00e9 Departamental.<\/p>\n<p>JORGE A. G\u00d3MEZ GALLEGO<br \/>\nCoordinador Departamental<\/p>\n<p>Organizaci\u00f3n miembro de la ASOCIACI\u00d3N NACIONAL POR LA SALVACI\u00d3N AGROPECUARIA<\/p>\n","protected":false},"excerpt":{"rendered":"<p>Unidad Cafetera Nacional, marzo 23 de 2003 A medida que se difunde la noticia, crece la indignaci\u00f3n entre los cafeteros del suroeste por el remate anunciado para el pr\u00f3ximo mi\u00e9rcoles 26 de Marzo. Se han pronunciado por la suspensi\u00f3n de \u00e9ste y de todos los remates, un nutrido n\u00famero de concejales de los municipios del [&hellip;]<\/p>\n","protected":false},"author":1,"featured_media":0,"comment_status":"open","ping_status":"open","sticky":false,"template":"","format":"standard","meta":{"advanced_seo_description":"","jetpack_seo_html_title":"","jetpack_seo_noindex":false,"_jetpack_memberships_contains_paid_content":false,"footnotes":""},"categories":[7],"tags":[],"class_list":["post-491","post","type-post","status-publish","format-standard","hentry","category-pronunciamientos-de-organizaciones-sociales"],"jetpack_featured_media_url":"","jetpack-related-posts":[{"id":497,"url":"https:\/\/moir.com.co\/web\/la-resistencia-civil-de-los-productores-impide-que-se-remate-finca-cafetera\/","url_meta":{"origin":491,"position":0},"title":"LA RESISTENCIA CIVIL DE LOS PRODUCTORES IMPIDE QUE SE REMATE FINCA CAFETERA","author":"admin","date":"agosto 9, 2004","format":false,"excerpt":"Unidad Cafetera de Antioquia, Medell\u00edn, marzo 27 de 2003 Con una breve anotaci\u00f3n en el expediente, los funcionarios del Juzgado Civil del Circuito de Andes, a cargo del remate de la finca cafetera \u201cLa Berenice\u201d, indicaron que por no haberse presentado postor, \u00e9ste no se llevaba a cabo. Al mismo\u2026","rel":"","context":"En \u00abPronunciamientos de Organizaciones Sociales\u00bb","block_context":{"text":"Pronunciamientos de Organizaciones Sociales","link":"https:\/\/moir.com.co\/web\/category\/pronunciamientos-de-organizaciones-sociales\/"},"img":{"alt_text":"","src":"","width":0,"height":0},"classes":[]},{"id":494,"url":"https:\/\/moir.com.co\/web\/exigir-la-condonacion-de-las-deudas\/","url_meta":{"origin":491,"position":1},"title":"EXIGIR LA CONDONACI\u00d3N DE LAS DEUDAS","author":"admin","date":"agosto 9, 2004","format":false,"excerpt":"Unidad Cafetera Nacional, Pereira, marzo 25 de 2003 En el d\u00eda de ma\u00f1ana, mi\u00e9rcoles 26 de 2003, los caficultores del suroeste antioque\u00f1o, en el municipio de Andes, se movilizar\u00e1n para impedir el remate de la finca \u201cLa Berenice\u201d de la vereda \u201cGuadalejo\u201d de propiedad del se\u00f1or Alveiro Aguirre ubicada en\u2026","rel":"","context":"En \u00abPronunciamientos de Organizaciones Sociales\u00bb","block_context":{"text":"Pronunciamientos de Organizaciones Sociales","link":"https:\/\/moir.com.co\/web\/category\/pronunciamientos-de-organizaciones-sociales\/"},"img":{"alt_text":"","src":"","width":0,"height":0},"classes":[]},{"id":490,"url":"https:\/\/moir.com.co\/web\/jornada-de-resistencia-civil-contra-el-remate-de-fincas-cafeteras-que-se-llevara-a-cabo-el-proximo-miercoles-26-de-marzo-en-e\/","url_meta":{"origin":491,"position":2},"title":"JORNADA DE RESISTENCIA CIVIL CONTRA EL REMATE DE FINCAS CAFETERAS QUE SE LLEVAR\u00c1 A CABO EL PR\u00d3XIMO MI\u00c9RCOLES 26 DE MARZO EN E","author":"admin","date":"agosto 9, 2004","format":false,"excerpt":"Unidad Cafetera Nacional, Medell\u00edn, marzo 20 de 2003 Para el pr\u00f3ximo Mi\u00e9rcoles 26 de Abril fue fijada la fecha del remate de la finca cafetera de propiedad del Se\u00f1or Albeiro Aguirre ubicada en el municipio de Betania por el Juzgado Civil del Circuito de Andes, y por solicitud de los\u2026","rel":"","context":"En \u00abPronunciamientos de Organizaciones Sociales\u00bb","block_context":{"text":"Pronunciamientos de Organizaciones Sociales","link":"https:\/\/moir.com.co\/web\/category\/pronunciamientos-de-organizaciones-sociales\/"},"img":{"alt_text":"","src":"","width":0,"height":0},"classes":[]},{"id":592,"url":"https:\/\/moir.com.co\/web\/nueva-jornada-de-desobediencia-civil-para-impedir-remate-de-finca-cafetera-esta-vez-en-el-municipio-de-jerico\/","url_meta":{"origin":491,"position":3},"title":"NUEVA JORNADA DE DESOBEDIENCIA CIVIL PARA IMPEDIR REMATE DE FINCA CAFETERA, ESTA VEZ EN EL MUNICIPIO DE JERIC\u00d3","author":"admin","date":"agosto 11, 2004","format":false,"excerpt":"Unidad Cafetera Nacional, Medell\u00edn, octubre 13 de 2003. El BANCO AGRARIO ha solicitado al Juzgado Promiscuo del Circuito de Jeric\u00f3, el remate de la finca cafetera \u201cSan Jos\u00e9\u201d,de propiedad del Se\u00f1or GABRIEL JAIME G\u00d3MEZ PUERTA ubicada en el municipio de Tarso. La diligencia ha sido programada por el despacho judicial\u2026","rel":"","context":"En \u00abPronunciamientos de Organizaciones Sociales\u00bb","block_context":{"text":"Pronunciamientos de Organizaciones Sociales","link":"https:\/\/moir.com.co\/web\/category\/pronunciamientos-de-organizaciones-sociales\/"},"img":{"alt_text":"","src":"","width":0,"height":0},"classes":[]},{"id":1000,"url":"https:\/\/moir.com.co\/web\/nueva-jornada-de-solidaridad-civil-contra-el-remate-de-una-finca-cafetera-el-proximo-jueves-23-de-septiembre-en-betania-antioq\/","url_meta":{"origin":491,"position":4},"title":"NUEVA JORNADA DE SOLIDARIDAD CIVIL CONTRA EL REMATE DE UNA FINCA CAFETERA, EL PROXIMO JUEVES 23 DE SEPTIEMBRE EN BETANIA (ANTIOQ","author":"admin","date":"septiembre 8, 2004","format":false,"excerpt":"Para las 9 de la ma\u00f1ana de este Jueves 23 de Septiembre fij\u00f3 el Juzgado Promiscuo Municipal de Betania (Ant), la diligencia de remate de la Finca \"La Veranera\", ubicada en la Vereda Bellavista y de propiedad de la Se\u00f1ora Sor Mar\u00eda Su\u00e1rez. Esta se decret\u00f3 por solicitud de BANCAF\u00c9,\u2026","rel":"","context":"En \u00abPronunciamientos de Organizaciones Sociales\u00bb","block_context":{"text":"Pronunciamientos de Organizaciones Sociales","link":"https:\/\/moir.com.co\/web\/category\/pronunciamientos-de-organizaciones-sociales\/"},"img":{"alt_text":"","src":"","width":0,"height":0},"classes":[]},{"id":6551,"url":"https:\/\/moir.com.co\/web\/la-caficultura-por-el-suelo-y-santos-remata-con-mas-impuestos\/","url_meta":{"origin":491,"position":5},"title":"La caficultura por el suelo y Santos remata con m\u00e1s impuestos","author":"admin","date":"mayo 21, 2012","format":false,"excerpt":"Entre mayo y abril de 2012 la producci\u00f3n cafetera cay\u00f3 a 7.1 millones de sacos frente a los 9.5 producidos en el mismo periodo durante 2010 y 2011, el hecho ratifica la crisis del gremio. Risaralda es una muestra de c\u00f3mo el desastre cafetero golpea a otras actividades comerciales de\u2026","rel":"","context":"En \u00abPronunciamientos de Organizaciones Sociales\u00bb","block_context":{"text":"Pronunciamientos de Organizaciones Sociales","link":"https:\/\/moir.com.co\/web\/category\/pronunciamientos-de-organizaciones-sociales\/"},"img":{"alt_text":"","src":"","width":0,"height":0},"classes":[]}],"jetpack_sharing_enabled":true,"_links":{"self":[{"href":"https:\/\/moir.com.co\/web\/wp-json\/wp\/v2\/posts\/491","targetHints":{"allow":["GET"]}}],"collection":[{"href":"https:\/\/moir.com.co\/web\/wp-json\/wp\/v2\/posts"}],"about":[{"href":"https:\/\/moir.com.co\/web\/wp-json\/wp\/v2\/types\/post"}],"author":[{"embeddable":true,"href":"https:\/\/moir.com.co\/web\/wp-json\/wp\/v2\/users\/1"}],"replies":[{"embeddable":true,"href":"https:\/\/moir.com.co\/web\/wp-json\/wp\/v2\/comments?post=491"}],"version-history":[{"count":0,"href":"https:\/\/moir.com.co\/web\/wp-json\/wp\/v2\/posts\/491\/revisions"}],"wp:attachment":[{"href":"https:\/\/moir.com.co\/web\/wp-json\/wp\/v2\/media?parent=491"}],"wp:term":[{"taxonomy":"category","embeddable":true,"href":"https:\/\/moir.com.co\/web\/wp-json\/wp\/v2\/categories?post=491"},{"taxonomy":"post_tag","embeddable":true,"href":"https:\/\/moir.com.co\/web\/wp-json\/wp\/v2\/tags?post=491"}],"curies":[{"name":"wp","href":"https:\/\/api.w.org\/{rel}","templated":true}]}}