{"id":4906,"date":"2010-10-17T12:49:29","date_gmt":"2010-10-17T12:49:29","guid":{"rendered":"https:\/\/moir.org.co\/web\/llamado-del-frente-civico-departamental-en-defensa-de-las-regalias-de-la-guajira\/"},"modified":"2010-10-17T12:49:29","modified_gmt":"2010-10-17T12:49:29","slug":"llamado-del-frente-civico-departamental-en-defensa-de-las-regalias-de-la-guajira","status":"publish","type":"post","link":"https:\/\/moir.com.co\/web\/llamado-del-frente-civico-departamental-en-defensa-de-las-regalias-de-la-guajira\/","title":{"rendered":"Llamado del Frente C\u00edvico Departamental en defensa de las regal\u00edas de La Guajira"},"content":{"rendered":"<p>La Guajira, es uno de los departamentos del pa\u00eds m\u00e1s ricos en recursos naturales, sus reservas de carb\u00f3n est\u00e1n cercanas a 36.760 millones de toneladas, que se exportaran todas hacia el exterior, igualmente se encuentran, las explotaciones de gas natural que abastecen el 75% del consumo nacional, por nuestro territorio tambi\u00e9n pasa el gasoducto binacional  Colombo-Venezolano. Las salinas de Manaure que fuera durante mucho tiempo la tercera salina mar\u00edtima en el mundo y la m\u00e1s grande de Suram\u00e9rica, ahora se encuentra reducida por el abandono presupuestal nacional.<\/p>\n<p>La explotaci\u00f3n de estos recursos se realiza en condiciones cada vez m\u00e1s favorables para las multinacionales y m\u00e1s ominosas para la naci\u00f3n y el departamento, esta situaci\u00f3n, la grafic\u00e1 el hecho de que, en el a\u00f1o 2009, el Cerrej\u00f3n percibi\u00f3 divisas del orden de los 2,231 millones de d\u00f3lares, en tanto, que la naci\u00f3n solo recibi\u00f3 280 millones de d\u00f3lares y la  Guajira por concepto de  regal\u00edas recibi\u00f3 menos de 130 millones de d\u00f3lares.<\/p>\n<p>La situaci\u00f3n de nuestro departamento y sus habitantes es precaria, ninguno de los indicadores, ni de calidad de vida, ni de acceso a servicios p\u00fablicos, ni de analfabetismo, ni de cobertura en educaci\u00f3n y salud, ni de pobreza, ni de indigencia presentan resultados positivos, frente al promedio de Colombia. El empleo es precario, muy ligado al comercio il\u00edcito de mercanc\u00edas por algunos puntos costeros, a la venta artesanal de gasolina venezolana, al turismo r\u00fastico y a la informalidad.<\/p>\n<p>Aunque el gobierno central, presenta las regal\u00edas que entrega, como suficientes y justifican la aberraci\u00f3n social de los Guajiros, como fruto de la corrupci\u00f3n pol\u00edtica, lo cierto es, que la causa del rezago estructural comienza desde la confecci\u00f3n de los propios contratos de explotaci\u00f3n de los recursos del carb\u00f3n y el gas. Ya que  Colombia  tiene  el sistema de regal\u00edas m\u00e1s paternalista a las multinacionales, por ejemplo, en carb\u00f3n recibimos la irrisoria suma entre el 5% y 10% por cada cien toneladas de carb\u00f3n extra\u00eddas<\/p>\n<p>Ahora, el acto legislativo 013, con el cual, el gobierno de Santos, pretende modificar el r\u00e9gimen de las regal\u00edas, no es m\u00e1s que otro zarpazo que se le quiere dar a la Guajira y, dem\u00e1s departamentos y municipios mineros, con el \u00fanico prop\u00f3sito de sanear el d\u00e9ficit fiscal de la naci\u00f3n, el cual asciende a 24 billones de pesos y que representa el 4,6% del PIB. <\/p>\n<p>La argumentaci\u00f3n del proyecto legislativo 013 de parte del gobierno central, hace caso omiso en gran manera a las consecuencias nefastas del impacto ambiental generado por la explotaci\u00f3n carbon\u00edfera en estas regiones mineras, y que no padecen en carne propia las dem\u00e1s regiones no productoras de este  recurso del carb\u00f3n. Su objetivo principal es expropiarlas de lo que realmente le corresponde por ley, argumentado el sofisma de la equidad social<\/p>\n<p>La Guajira, al igual que el resto de departamentos  y municipios energ\u00e9ticos del pa\u00eds, deben seguir contando con los recursos de las regal\u00edas, para seguir subsanando el gran d\u00e9ficit en inversi\u00f3n social, como el mejoramiento de la calidad educativa y continuar  con la pol\u00edtica de la gratuidad de la educaci\u00f3n, as\u00ed como el mejoramiento en los servicios de salud y generaci\u00f3n de empleos, siendo este el eje central de todos los males que ahonda este pa\u00eds.<\/p>\n<p>Dada la situaci\u00f3n anterior, los Guajiros hoy, nos ponemos en pie de lucha, constituyendo el FRENTE CIVICO DEPARTAMENTAL EN DEFENSA DE LAS REGALIAS, para defender el derecho a la descentralizaci\u00f3n administrativa y las garant\u00edas del manejo de nuestras regal\u00edas. <\/p>\n<p>Hacemos un llamado a las organizaciones pol\u00edticas, gremiales, sociales sindicales, de ambientalistas  y c\u00edvicas, al igual, que la clase dirigente del departamento, ha hacer causa con el FRENTE CIVICO. Y vincul\u00e1ndonos a las luchas que a nivel departamental podamos implementar y las que a nivel nacional se han programado en el resto de departamentos petroleros y mineros del pa\u00eds.<\/p>\n","protected":false},"excerpt":{"rendered":"<p>La Guajira, es uno de los departamentos del pa\u00eds m\u00e1s ricos en recursos naturales, sus reservas de carb\u00f3n est\u00e1n cercanas a 36.760 millones de toneladas, que se exportaran todas hacia el exterior, igualmente se encuentran, las explotaciones de gas natural que abastecen el 75% del consumo nacional, por nuestro territorio tambi\u00e9n pasa el gasoducto binacional [&hellip;]<\/p>\n","protected":false},"author":1,"featured_media":0,"comment_status":"open","ping_status":"open","sticky":false,"template":"","format":"standard","meta":{"advanced_seo_description":"","jetpack_seo_html_title":"","jetpack_seo_noindex":false,"_jetpack_memberships_contains_paid_content":false,"footnotes":""},"categories":[7],"tags":[],"class_list":["post-4906","post","type-post","status-publish","format-standard","hentry","category-pronunciamientos-de-organizaciones-sociales"],"jetpack_featured_media_url":"","jetpack-related-posts":[{"id":7555,"url":"https:\/\/moir.com.co\/web\/hay-que-cambiar-la-politica-minero-energetica\/","url_meta":{"origin":4906,"position":0},"title":"Hay que cambiar la pol\u00edtica minero-energ\u00e9tica","author":"admin","date":"mayo 12, 2013","format":false,"excerpt":"Los movimientos sociales, sectores acad\u00e9micos, organizaciones sindicales, pueblos ind\u00edgenas, movimiento estudiantil y ciudadanos en general, reunidos en la Universidad de La Guajira el 9 y 10 de mayo de 2013, en el Foro Hacia una Nueva Pol\u00edtica Minera Nacional y por el Pago de los Impactos Socio-Ambientales al Pueblo Guajiro,\u2026","rel":"","context":"En \u00abPronunciamientos de Organizaciones Sociales\u00bb","block_context":{"text":"Pronunciamientos de Organizaciones Sociales","link":"https:\/\/moir.com.co\/web\/category\/pronunciamientos-de-organizaciones-sociales\/"},"img":{"alt_text":"","src":"","width":0,"height":0},"classes":[]},{"id":1427,"url":"https:\/\/moir.com.co\/web\/las-tres-caras-de-la-guajira\/","url_meta":{"origin":4906,"position":1},"title":"LAS TRES CARAS DE LA GUAJIRA","author":"admin","date":"julio 15, 2006","format":false,"excerpt":"En 2005, el departamento de La Guajira cumpli\u00f3 40 a\u00f1os de existencia y es ahora uno de los m\u00e1s ricos del pa\u00eds en recursos naturales. Sus reservas probadas de carb\u00f3n son de 3.670 millones de toneladas, que se exportan a trav\u00e9s de Puerto Bol\u00edvar a donde llegan diariamente desde la\u2026","rel":"","context":"En \u00abTemas\u00bb","block_context":{"text":"Temas","link":"https:\/\/moir.com.co\/web\/category\/temas\/"},"img":{"alt_text":"","src":"","width":0,"height":0},"classes":[]},{"id":12515,"url":"https:\/\/moir.com.co\/web\/solidaridad-con-fecode-el-choco-buenaventura-y-un-llamado-a-las-fuerzas-vivas-a-construir-colectivamente-salidas-a-la-crisis-de-la-guajira\/","url_meta":{"origin":4906,"position":2},"title":"Solidaridad con Fecode, el Choc\u00f3, Buenaventura y un llamado a las fuerzas vivas a construir colectivamente salidas a la crisis de la Guajira","author":"admin","date":"mayo 26, 2017","format":false,"excerpt":"Comite C\u00edvico por la Dignidad de La Guajira,\u00a0Riohacha, 25 de mayo del 2017 Las organizaciones abajo firmantes miembros del Comit\u00e9 C\u00edvico por la Dignidad de La Guajira expresamos nuestro total e irrestricto apoyo y solidaridad con el paro del magisterio colombiano en defensa del derecho a la educaci\u00f3n p\u00fablica y\u2026","rel":"","context":"En \u00abEconom\u00eda\u00bb","block_context":{"text":"Econom\u00eda","link":"https:\/\/moir.com.co\/web\/category\/temas\/economia\/"},"img":{"alt_text":"","src":"https:\/\/i0.wp.com\/moir.com.co\/web\/wp-content\/uploads\/2017\/04\/cut.jpg?fit=341%2C200&ssl=1&resize=350%2C200","width":350,"height":200},"classes":[]},{"id":8615,"url":"https:\/\/moir.com.co\/web\/organizaciones-sociales-de-la-guajira-envian-pliego-de-peticiones-a-juan-manuel-santos\/","url_meta":{"origin":4906,"position":3},"title":"Organizaciones sociales de La Guajira env\u00edan pliego de peticiones a Juan Manuel Santos","author":"admin","date":"agosto 8, 2014","format":false,"excerpt":"Doctor JUAN MANUEL SANTOS CALDER\u00d3N Presidente de la Rep\u00fablica de Colombia Se\u00f1or Presidente: Cordial saludo. La sociedad civil organizada del departamento de La Guajira, articulada en el COMIT\u00c9 C\u00cdVICO POR LA DIGNIDAD DE LA GUAJIRA, le expresa gran preocupaci\u00f3n por la crisis que vivimos y, a la vez, le exigimos\u2026","rel":"","context":"En \u00abPronunciamientos de Organizaciones Sociales\u00bb","block_context":{"text":"Pronunciamientos de Organizaciones Sociales","link":"https:\/\/moir.com.co\/web\/category\/pronunciamientos-de-organizaciones-sociales\/"},"img":{"alt_text":"","src":"","width":0,"height":0},"classes":[]},{"id":8411,"url":"https:\/\/moir.com.co\/web\/el-pueblo-guajiro-refrendo-el-llamado-a-paro-civico-por-parte-del-comite-civico-por-la-dignidad-de-la-guajira\/","url_meta":{"origin":4906,"position":4},"title":"El pueblo guajiro refrend\u00f3 el llamado a paro c\u00edvico por parte del Comit\u00e9 C\u00edvico por la Dignidad de la Guajira","author":"admin","date":"mayo 2, 2014","format":false,"excerpt":"Hoy primero de mayo, d\u00eda internacional de la clase obrera, los obreros, campesinos, estudiantes, maestros, ind\u00edgenas wayuu, dirigentes comunales, ediles, desplazados por la miner\u00eda del Cerrej\u00f3n, y mujeres se tomaron las calles de la ciudad capital de la Guajira y coreando a lo largo del recorrido SI AL PARO CIVICO\u2026","rel":"","context":"En \u00abPronunciamientos de Organizaciones Sociales\u00bb","block_context":{"text":"Pronunciamientos de Organizaciones Sociales","link":"https:\/\/moir.com.co\/web\/category\/pronunciamientos-de-organizaciones-sociales\/"},"img":{"alt_text":"","src":"","width":0,"height":0},"classes":[]},{"id":8625,"url":"https:\/\/moir.com.co\/web\/el-pueblo-de-la-guajira-tiene-razon-en-sus-reclamos-afirma-senador-robledo\/","url_meta":{"origin":4906,"position":5},"title":"El pueblo de La Guajira tiene raz\u00f3n en sus reclamos, afirma senador Robledo","author":"admin","date":"agosto 11, 2014","format":false,"excerpt":"El gobierno de Santos debe atender las exigencias del pueblo Guajiro, expres\u00f3 el congresista del Polo Democr\u00e1tico Alternativo, Jorge Enrique Robledo. Desde el pasado 6 de agosto y tras una crisis de toda la vida que se ha empeorado, el el Comit\u00e9 C\u00edvico por la Dignidad de la Guajira, decidi\u00f3\u2026","rel":"","context":"En \u00abJorge Enrique Robledo\u00bb","block_context":{"text":"Jorge Enrique Robledo","link":"https:\/\/moir.com.co\/web\/category\/jorge-enrique-robledo\/"},"img":{"alt_text":"","src":"","width":0,"height":0},"classes":[]}],"jetpack_sharing_enabled":true,"_links":{"self":[{"href":"https:\/\/moir.com.co\/web\/wp-json\/wp\/v2\/posts\/4906","targetHints":{"allow":["GET"]}}],"collection":[{"href":"https:\/\/moir.com.co\/web\/wp-json\/wp\/v2\/posts"}],"about":[{"href":"https:\/\/moir.com.co\/web\/wp-json\/wp\/v2\/types\/post"}],"author":[{"embeddable":true,"href":"https:\/\/moir.com.co\/web\/wp-json\/wp\/v2\/users\/1"}],"replies":[{"embeddable":true,"href":"https:\/\/moir.com.co\/web\/wp-json\/wp\/v2\/comments?post=4906"}],"version-history":[{"count":0,"href":"https:\/\/moir.com.co\/web\/wp-json\/wp\/v2\/posts\/4906\/revisions"}],"wp:attachment":[{"href":"https:\/\/moir.com.co\/web\/wp-json\/wp\/v2\/media?parent=4906"}],"wp:term":[{"taxonomy":"category","embeddable":true,"href":"https:\/\/moir.com.co\/web\/wp-json\/wp\/v2\/categories?post=4906"},{"taxonomy":"post_tag","embeddable":true,"href":"https:\/\/moir.com.co\/web\/wp-json\/wp\/v2\/tags?post=4906"}],"curies":[{"name":"wp","href":"https:\/\/api.w.org\/{rel}","templated":true}]}}