{"id":490,"date":"2004-08-09T07:00:00","date_gmt":"2004-08-09T07:00:00","guid":{"rendered":"https:\/\/moir.org.co\/web\/jornada-de-resistencia-civil-contra-el-remate-de-fincas-cafeteras-que-se-llevara-a-cabo-el-proximo-miercoles-26-de-marzo-en-e\/"},"modified":"2004-08-09T07:00:00","modified_gmt":"2004-08-09T07:00:00","slug":"jornada-de-resistencia-civil-contra-el-remate-de-fincas-cafeteras-que-se-llevara-a-cabo-el-proximo-miercoles-26-de-marzo-en-e","status":"publish","type":"post","link":"https:\/\/moir.com.co\/web\/jornada-de-resistencia-civil-contra-el-remate-de-fincas-cafeteras-que-se-llevara-a-cabo-el-proximo-miercoles-26-de-marzo-en-e\/","title":{"rendered":"JORNADA DE RESISTENCIA CIVIL CONTRA EL REMATE DE FINCAS CAFETERAS QUE SE LLEVAR\u00c1 A CABO EL PR\u00d3XIMO MI\u00c9RCOLES 26 DE MARZO EN E"},"content":{"rendered":"<p>Unidad Cafetera Nacional, Medell\u00edn, marzo 20 de 2003<br \/>\nPara el pr\u00f3ximo Mi\u00e9rcoles 26 de Abril fue fijada la fecha del remate de la finca cafetera de propiedad del Se\u00f1or Albeiro Aguirre ubicada en el municipio de Betania por el Juzgado Civil del Circuito de Andes, y por solicitud de los abogados de Bancaf\u00e9.<\/p>\n<p>El mismo d\u00eda, y a la misma hora, UNIDAD CAFETERA NACIONAL ha convocado a una jornada de Resistencia Civil en la cabecera municipal de Andes, contra los remates, embargos y secuestros de predios cafeteros, los cuales se han intensificado en todo el departamento, especialmente en la zona de mayor producci\u00f3n que es el suroeste.<\/p>\n<p>La jornada consiste en una masiva concentraci\u00f3n en el parque principal de Andes, con participaci\u00f3n de caficultores de ese municipio, al igual que de Betania, Jard\u00edn, Ciudad Bol\u00edvar, Hispania y el Resguardo Ind\u00edgena de Cristian\u00eda. En ella se exigir\u00e1 la suspensi\u00f3n de ese remate y de los otros que ya est\u00e1n programados, as\u00ed como el cese inmediato de todos los procedimientos de embargo y secuestro que impulsan la Central de Inversiones S.A. CISA y el Bancaf\u00e9, contra productores del grano que no han podido atender oportunamente sus obligaciones financieras por el muy prolongado ciclo de precios bajos, el cu\u00e1l ha estado acompa\u00f1ado por la indiferencia oficial, la suspensi\u00f3n de todo tipo de subsidios y la imposici\u00f3n de nuevas cargas tributarias.<\/p>\n<p>En lo que va corrido de este a\u00f1o, se han instaurado contra caficultores del sector, en el Juzgado Civil del Circuito de Andes m\u00e1s de cien procesos ejecutivos por parte de CISA y Bancaf\u00e9, y en los Municipales de Andes, Betania, Jard\u00edn y Bol\u00edvar sumados, otro n\u00famero similar, con la connotaci\u00f3n de que muchos de estos procesos se instauran contra productores que pueden ser beneficiarios del PRAN cafetero aprobado desde Junio de 2001, pero que por negligencia oficial no ha sido aplicado totalmente, llegando a la absurda situaci\u00f3n de que lo \u00fanico que se logra con los procesos es que el productor al momento de ser cobijado por la refinanciaci\u00f3n y los alivios, tenga que sumarle a la ya impagable deuda, honorarios para abogados de esas instituciones.<\/p>\n<p>JORGE A. G\u00d3MEZ GALLEGO<br \/>\nCoordinador Departamental<\/p>\n","protected":false},"excerpt":{"rendered":"<p>Unidad Cafetera Nacional, Medell\u00edn, marzo 20 de 2003 Para el pr\u00f3ximo Mi\u00e9rcoles 26 de Abril fue fijada la fecha del remate de la finca cafetera de propiedad del Se\u00f1or Albeiro Aguirre ubicada en el municipio de Betania por el Juzgado Civil del Circuito de Andes, y por solicitud de los abogados de Bancaf\u00e9. El mismo [&hellip;]<\/p>\n","protected":false},"author":1,"featured_media":0,"comment_status":"open","ping_status":"open","sticky":false,"template":"","format":"standard","meta":{"advanced_seo_description":"","jetpack_seo_html_title":"","jetpack_seo_noindex":false,"_jetpack_memberships_contains_paid_content":false,"footnotes":""},"categories":[7],"tags":[],"class_list":["post-490","post","type-post","status-publish","format-standard","hentry","category-pronunciamientos-de-organizaciones-sociales"],"jetpack_featured_media_url":"","jetpack-related-posts":[{"id":491,"url":"https:\/\/moir.com.co\/web\/se-ratifica-jornada-de-protesta-por-el-remate-de-la-finca-la-berenice-personalidades-y-dirigentes-se-solidarizan-con-el\/","url_meta":{"origin":490,"position":0},"title":"SE RATIFICA JORNADA DE PROTESTA POR EL REMATE DE LA FINCA  &#8220;LA BERENICE&#8221;. PERSONALIDADES Y DIRIGENTES SE SOLIDARIZAN CON EL","author":"admin","date":"agosto 9, 2004","format":false,"excerpt":"Unidad Cafetera Nacional, marzo 23 de 2003 A medida que se difunde la noticia, crece la indignaci\u00f3n entre los cafeteros del suroeste por el remate anunciado para el pr\u00f3ximo mi\u00e9rcoles 26 de Marzo. Se han pronunciado por la suspensi\u00f3n de \u00e9ste y de todos los remates, un nutrido n\u00famero de\u2026","rel":"","context":"En \u00abPronunciamientos de Organizaciones Sociales\u00bb","block_context":{"text":"Pronunciamientos de Organizaciones Sociales","link":"https:\/\/moir.com.co\/web\/category\/pronunciamientos-de-organizaciones-sociales\/"},"img":{"alt_text":"","src":"","width":0,"height":0},"classes":[]},{"id":497,"url":"https:\/\/moir.com.co\/web\/la-resistencia-civil-de-los-productores-impide-que-se-remate-finca-cafetera\/","url_meta":{"origin":490,"position":1},"title":"LA RESISTENCIA CIVIL DE LOS PRODUCTORES IMPIDE QUE SE REMATE FINCA CAFETERA","author":"admin","date":"agosto 9, 2004","format":false,"excerpt":"Unidad Cafetera de Antioquia, Medell\u00edn, marzo 27 de 2003 Con una breve anotaci\u00f3n en el expediente, los funcionarios del Juzgado Civil del Circuito de Andes, a cargo del remate de la finca cafetera \u201cLa Berenice\u201d, indicaron que por no haberse presentado postor, \u00e9ste no se llevaba a cabo. Al mismo\u2026","rel":"","context":"En \u00abPronunciamientos de Organizaciones Sociales\u00bb","block_context":{"text":"Pronunciamientos de Organizaciones Sociales","link":"https:\/\/moir.com.co\/web\/category\/pronunciamientos-de-organizaciones-sociales\/"},"img":{"alt_text":"","src":"","width":0,"height":0},"classes":[]},{"id":1000,"url":"https:\/\/moir.com.co\/web\/nueva-jornada-de-solidaridad-civil-contra-el-remate-de-una-finca-cafetera-el-proximo-jueves-23-de-septiembre-en-betania-antioq\/","url_meta":{"origin":490,"position":2},"title":"NUEVA JORNADA DE SOLIDARIDAD CIVIL CONTRA EL REMATE DE UNA FINCA CAFETERA, EL PROXIMO JUEVES 23 DE SEPTIEMBRE EN BETANIA (ANTIOQ","author":"admin","date":"septiembre 8, 2004","format":false,"excerpt":"Para las 9 de la ma\u00f1ana de este Jueves 23 de Septiembre fij\u00f3 el Juzgado Promiscuo Municipal de Betania (Ant), la diligencia de remate de la Finca \"La Veranera\", ubicada en la Vereda Bellavista y de propiedad de la Se\u00f1ora Sor Mar\u00eda Su\u00e1rez. Esta se decret\u00f3 por solicitud de BANCAF\u00c9,\u2026","rel":"","context":"En \u00abPronunciamientos de Organizaciones Sociales\u00bb","block_context":{"text":"Pronunciamientos de Organizaciones Sociales","link":"https:\/\/moir.com.co\/web\/category\/pronunciamientos-de-organizaciones-sociales\/"},"img":{"alt_text":"","src":"","width":0,"height":0},"classes":[]},{"id":592,"url":"https:\/\/moir.com.co\/web\/nueva-jornada-de-desobediencia-civil-para-impedir-remate-de-finca-cafetera-esta-vez-en-el-municipio-de-jerico\/","url_meta":{"origin":490,"position":3},"title":"NUEVA JORNADA DE DESOBEDIENCIA CIVIL PARA IMPEDIR REMATE DE FINCA CAFETERA, ESTA VEZ EN EL MUNICIPIO DE JERIC\u00d3","author":"admin","date":"agosto 11, 2004","format":false,"excerpt":"Unidad Cafetera Nacional, Medell\u00edn, octubre 13 de 2003. El BANCO AGRARIO ha solicitado al Juzgado Promiscuo del Circuito de Jeric\u00f3, el remate de la finca cafetera \u201cSan Jos\u00e9\u201d,de propiedad del Se\u00f1or GABRIEL JAIME G\u00d3MEZ PUERTA ubicada en el municipio de Tarso. La diligencia ha sido programada por el despacho judicial\u2026","rel":"","context":"En \u00abPronunciamientos de Organizaciones Sociales\u00bb","block_context":{"text":"Pronunciamientos de Organizaciones Sociales","link":"https:\/\/moir.com.co\/web\/category\/pronunciamientos-de-organizaciones-sociales\/"},"img":{"alt_text":"","src":"","width":0,"height":0},"classes":[]},{"id":494,"url":"https:\/\/moir.com.co\/web\/exigir-la-condonacion-de-las-deudas\/","url_meta":{"origin":490,"position":4},"title":"EXIGIR LA CONDONACI\u00d3N DE LAS DEUDAS","author":"admin","date":"agosto 9, 2004","format":false,"excerpt":"Unidad Cafetera Nacional, Pereira, marzo 25 de 2003 En el d\u00eda de ma\u00f1ana, mi\u00e9rcoles 26 de 2003, los caficultores del suroeste antioque\u00f1o, en el municipio de Andes, se movilizar\u00e1n para impedir el remate de la finca \u201cLa Berenice\u201d de la vereda \u201cGuadalejo\u201d de propiedad del se\u00f1or Alveiro Aguirre ubicada en\u2026","rel":"","context":"En \u00abPronunciamientos de Organizaciones Sociales\u00bb","block_context":{"text":"Pronunciamientos de Organizaciones Sociales","link":"https:\/\/moir.com.co\/web\/category\/pronunciamientos-de-organizaciones-sociales\/"},"img":{"alt_text":"","src":"","width":0,"height":0},"classes":[]},{"id":6551,"url":"https:\/\/moir.com.co\/web\/la-caficultura-por-el-suelo-y-santos-remata-con-mas-impuestos\/","url_meta":{"origin":490,"position":5},"title":"La caficultura por el suelo y Santos remata con m\u00e1s impuestos","author":"admin","date":"mayo 21, 2012","format":false,"excerpt":"Entre mayo y abril de 2012 la producci\u00f3n cafetera cay\u00f3 a 7.1 millones de sacos frente a los 9.5 producidos en el mismo periodo durante 2010 y 2011, el hecho ratifica la crisis del gremio. Risaralda es una muestra de c\u00f3mo el desastre cafetero golpea a otras actividades comerciales de\u2026","rel":"","context":"En \u00abPronunciamientos de Organizaciones Sociales\u00bb","block_context":{"text":"Pronunciamientos de Organizaciones Sociales","link":"https:\/\/moir.com.co\/web\/category\/pronunciamientos-de-organizaciones-sociales\/"},"img":{"alt_text":"","src":"","width":0,"height":0},"classes":[]}],"jetpack_sharing_enabled":true,"_links":{"self":[{"href":"https:\/\/moir.com.co\/web\/wp-json\/wp\/v2\/posts\/490","targetHints":{"allow":["GET"]}}],"collection":[{"href":"https:\/\/moir.com.co\/web\/wp-json\/wp\/v2\/posts"}],"about":[{"href":"https:\/\/moir.com.co\/web\/wp-json\/wp\/v2\/types\/post"}],"author":[{"embeddable":true,"href":"https:\/\/moir.com.co\/web\/wp-json\/wp\/v2\/users\/1"}],"replies":[{"embeddable":true,"href":"https:\/\/moir.com.co\/web\/wp-json\/wp\/v2\/comments?post=490"}],"version-history":[{"count":0,"href":"https:\/\/moir.com.co\/web\/wp-json\/wp\/v2\/posts\/490\/revisions"}],"wp:attachment":[{"href":"https:\/\/moir.com.co\/web\/wp-json\/wp\/v2\/media?parent=490"}],"wp:term":[{"taxonomy":"category","embeddable":true,"href":"https:\/\/moir.com.co\/web\/wp-json\/wp\/v2\/categories?post=490"},{"taxonomy":"post_tag","embeddable":true,"href":"https:\/\/moir.com.co\/web\/wp-json\/wp\/v2\/tags?post=490"}],"curies":[{"name":"wp","href":"https:\/\/api.w.org\/{rel}","templated":true}]}}