{"id":488,"date":"2004-08-09T07:00:00","date_gmt":"2004-08-09T07:00:00","guid":{"rendered":"https:\/\/moir.org.co\/web\/expectativa-por-foro-agropecuario-de-cartagena\/"},"modified":"2004-08-09T07:00:00","modified_gmt":"2004-08-09T07:00:00","slug":"expectativa-por-foro-agropecuario-de-cartagena","status":"publish","type":"post","link":"https:\/\/moir.com.co\/web\/expectativa-por-foro-agropecuario-de-cartagena\/","title":{"rendered":"EXPECTATIVA POR FORO AGROPECUARIO DE CARTAGENA"},"content":{"rendered":"<p>Asociaci\u00f3n Nacional por la Salvaci\u00f3n Agropecuaria seccional departamento del Magdalena, Santa Marta, marzo 19 de 2003<\/p>\n<p>La Asociaci\u00f3n Nacional por la Salvaci\u00f3n Agropecuaria ha programado un importante certamen a efectuarse en la ciudad de Cartagena este viernes 21 de marzo. Se trata del Foro Sobre la Situaci\u00f3n Agropecuaria de la Costa Atl\u00e1ntica que se cumplir\u00e1 en horas de la ma\u00f1ana en el Hotel Cartagena Plaza \u2013 Bocagrande, carrera primera. Est\u00e1n invitados al evento los representantes gremiales del sector agrario del Norte de Colombia, los congresistas de la Comisi\u00f3n Quinta del Senado de la Rep\u00fablica y de la C\u00e1mara de Representantes, como tambi\u00e9n autoridades de los distintos niveles de la regi\u00f3n del Caribe colombiano.<\/p>\n<p>Como es de suponer, los an\u00e1lisis de los participantes versar\u00e1n sobre la grave situaci\u00f3n que padece el sector primario de la econom\u00eda nacional, como consecuencia de la aplicaci\u00f3n del modelo aperturista durante tres lustros que ha convertido a nuestro pa\u00eds en un importador masivo de productos de origen agrario, lo que ha conllevado una p\u00e9rdida importante de la seguridad alimentaria de la naci\u00f3n. Cuesti\u00f3n esta que ser\u00e1 agravada si se impone la participaci\u00f3n de Colombia en el \u00c1rea de Libre Comercio de las Am\u00e9ricas, ya que lo poco que queda en pie por los altos aranceles de importaci\u00f3n, como es el caso de arroz, leche, az\u00facar, papa, huevos, pollo, etc., caer\u00edan como castillos de naipes al abrirse totalmente el mercado nacional sin ning\u00fan impuesto de importaci\u00f3n.<\/p>\n<p>Por parte del Departamento del Magdalena asistir\u00e1 una delegaci\u00f3n representativa de productores de banano, palma de aceite, cafeteros de la Sierra Nevada de Santa Marta, profesores y estudiantes de ingenier\u00eda agron\u00f3mica de la Universidad del Magdalena, quienes presentar\u00e1n su respectiva ponencia sobre la crisis que tambi\u00e9n acogota al sector agrario magdalenense.<\/p>\n<p>Hay gran expectativa en la Costa Atl\u00e1ntica por los desarrollos y conclusiones de este importante foro, el cual ser\u00e1 presidido por el empresario arrocero \u00c1ngel Mar\u00eda Caballero, presidente de la Asociaci\u00f3n Nacional por la Salvaci\u00f3n Agropecuaria; Aurelio Su\u00e1rez, presidente de Unidad Cafetera Nacional y secretario ejecutivo de Salvaci\u00f3n agropecuaria; el senador Jorge Enrique Robledo, miembro de la Comisi\u00f3n V del senado, como tambi\u00e9n otros destacados dirigentes gremiales del agro, congresistas y autoridades del Norte de Colombia.<\/p>\n<p>ASOCIACI\u00d3N NACIONAL POR LA SALVACI\u00d3N AGROPECUARIA<br \/>\nSECCIONAL DEPARTAMENTO DEL MAGDALENA<\/p>\n<p>NILBA CAAMA\u00d1O ROCHA<br \/>\nCoordinadora<\/p>\n","protected":false},"excerpt":{"rendered":"<p>Asociaci\u00f3n Nacional por la Salvaci\u00f3n Agropecuaria seccional departamento del Magdalena, Santa Marta, marzo 19 de 2003 La Asociaci\u00f3n Nacional por la Salvaci\u00f3n Agropecuaria ha programado un importante certamen a efectuarse en la ciudad de Cartagena este viernes 21 de marzo. Se trata del Foro Sobre la Situaci\u00f3n Agropecuaria de la Costa Atl\u00e1ntica que se cumplir\u00e1 [&hellip;]<\/p>\n","protected":false},"author":1,"featured_media":0,"comment_status":"open","ping_status":"open","sticky":false,"template":"","format":"standard","meta":{"advanced_seo_description":"","jetpack_seo_html_title":"","jetpack_seo_noindex":false,"_jetpack_memberships_contains_paid_content":false,"footnotes":""},"categories":[7],"tags":[],"class_list":["post-488","post","type-post","status-publish","format-standard","hentry","category-pronunciamientos-de-organizaciones-sociales"],"jetpack_featured_media_url":"","jetpack-related-posts":[{"id":495,"url":"https:\/\/moir.com.co\/web\/llamamiento-a-fortalecer-la-asociacion-nacional-por-la-salvacion-agropecuaria\/","url_meta":{"origin":488,"position":0},"title":"LLAMAMIENTO A FORTALECER LA ASOCIACI\u00d3N NACIONAL POR LA SALVACI\u00d3N AGROPECUARIA","author":"admin","date":"agosto 9, 2004","format":false,"excerpt":"Foro Agropecuario de la Costa Atl\u00e1ntica, Cartagena de Indias, marzo 21 de 2003 Los agricultores , representantes y dirigentes de distintos sectores de la agricultura y la ganader\u00eda de los departamentos de Bol\u00edvar, Cesar, C\u00f3rdoba, Magdalena, Sucre y Atl\u00e1ntico , as\u00ed como de las distintas profesiones relacionadas con el trabajo\u2026","rel":"","context":"En \u00abPronunciamientos de Organizaciones Sociales\u00bb","block_context":{"text":"Pronunciamientos de Organizaciones Sociales","link":"https:\/\/moir.com.co\/web\/category\/pronunciamientos-de-organizaciones-sociales\/"},"img":{"alt_text":"","src":"","width":0,"height":0},"classes":[]},{"id":635,"url":"https:\/\/moir.com.co\/web\/jornada-andina-de-lucha-contra-el-alca-y-el-tlc-salvacion-agropecuaria-llevara-a-cabo-concentracion-departamental-en-el-siti\/","url_meta":{"origin":488,"position":1},"title":"JORNADA ANDINA DE LUCHA CONTRA EL ALCA Y EL TLC: SALVACI\u00d3N AGROPECUARIA LLEVAR\u00c1 A CABO CONCENTRACI\u00d3N DEPARTAMENTAL EN EL SITI","author":"admin","date":"agosto 11, 2004","format":false,"excerpt":"Salvaci\u00f3n Agropecuaria, Medell\u00edn, Marzo 30 de 2004. En desarrollo de la decisi\u00f3n de participar en la Jornada Andina de protesta contra el ALCA y el TLC que se llevar\u00e1 a cabo el pr\u00f3ximo 15 de Abril, adoptada por la Junta Nacional de nuestra organizaci\u00f3n el pasado 13 de Marzo, la\u2026","rel":"","context":"En \u00abPronunciamientos de Organizaciones Sociales\u00bb","block_context":{"text":"Pronunciamientos de Organizaciones Sociales","link":"https:\/\/moir.com.co\/web\/category\/pronunciamientos-de-organizaciones-sociales\/"},"img":{"alt_text":"","src":"","width":0,"height":0},"classes":[]},{"id":5368,"url":"https:\/\/moir.com.co\/web\/foro-lacteo-desde-cumbal-con-7-resguardos-indigenas-de-guachucal-cumbal-e-ipiales-con-la-participacion-de-aurelio-suarez-presidente-de-salvacion-agropecuaria-nacional-cumbal-narino-marzo-5-de-20\/","url_meta":{"origin":488,"position":2},"title":"Foro l\u00e1cteo desde Cumbal con 7 resguardos indigenas de Guachucal, Cumbal e Ipiales, con la participaci\u00f3n de Aurelio Su\u00e1rez, presidente de Salvaci\u00f3n Agropecuaria Nacional, Cumbal, Nari\u00f1o, marzo 5 de 2011","author":"admin","date":"marzo 5, 2011","format":false,"excerpt":"","rel":"","context":"En \u00abGaler\u00edas\u00bb","block_context":{"text":"Galer\u00edas","link":"https:\/\/moir.com.co\/web\/category\/multimedia\/galerias\/"},"img":{"alt_text":"","src":"","width":0,"height":0},"classes":[]},{"id":487,"url":"https:\/\/moir.com.co\/web\/convocatoria-de-la-vii-junta-directiva-nacional-de-la-asociacion-nacional-por-la-salvacion-agropecuaria\/","url_meta":{"origin":488,"position":3},"title":"CONVOCATORIA DE LA VII JUNTA DIRECTIVA NACIONAL DE LA ASOCIACI\u00d3N NACIONAL POR LA SALVACI\u00d3N AGROPECUARIA","author":"admin","date":"agosto 9, 2004","format":false,"excerpt":"Asociaci\u00f3n Nacional por la Salvaci\u00f3n Agropecuaria, Ibagu\u00e9, marzo 11 de 2003 Despu\u00e9s de transcurridos m\u00e1s de ocho meses de la posesi\u00f3n de Alvaro Uribe V\u00e9lez en la Presidencia de la Rep\u00fablica, el sector agropecuario colombiano debe hacer un balance de las medidas que han emanado del gobierno en este periodo\u2026","rel":"","context":"En \u00abPronunciamientos de Organizaciones Sociales\u00bb","block_context":{"text":"Pronunciamientos de Organizaciones Sociales","link":"https:\/\/moir.com.co\/web\/category\/pronunciamientos-de-organizaciones-sociales\/"},"img":{"alt_text":"","src":"","width":0,"height":0},"classes":[]},{"id":640,"url":"https:\/\/moir.com.co\/web\/salvacion-agropecuaria-dira-no-al-alca-y-al-tlc-el-15-de-abril\/","url_meta":{"origin":488,"position":4},"title":"\u00a1SALVACI\u00d3N  AGROPECUARIA DIR\u00c1 NO AL ALCA Y AL TLC EL 15 DE ABRIL!","author":"admin","date":"agosto 11, 2004","format":false,"excerpt":"La Asociaci\u00f3n Nacional por la Salvaci\u00f3n Agropecuaria, seg\u00fan lo convenido con organizaciones agrarias, campesinas, ind\u00edgenas, sindicales y sociales de Colombia, Ecuador, Per\u00fa y Bolivia y de acuerdo al mandato de su VIII Junta Nacional, se movilizar\u00e1 el pr\u00f3ximo jueves 15 de abril en el marco de la Primera Jornada Andina\u2026","rel":"","context":"En \u00abPronunciamientos de Organizaciones Sociales\u00bb","block_context":{"text":"Pronunciamientos de Organizaciones Sociales","link":"https:\/\/moir.com.co\/web\/category\/pronunciamientos-de-organizaciones-sociales\/"},"img":{"alt_text":"","src":"","width":0,"height":0},"classes":[]},{"id":20094,"url":"https:\/\/moir.com.co\/web\/congreso-de-la-asociacion-nacional-por-la-salvacion-agropecuaria-en-caldas\/","url_meta":{"origin":488,"position":5},"title":"CONGRESO DE LA ASOCIACI\u00d3N NACIONAL POR LA SALVACI\u00d3N AGROPECUARIA EN CALDAS","author":"admin","date":"septiembre 16, 2004","format":false,"excerpt":"Con 160 delegados de quince municipios del departamento y nueve organizaciones del sector agrario, la Asociaci\u00f3n Nacional por la Salvaci\u00f3n Agropecuaria, cap\u00edtulo Caldas, celebr\u00f3 el pasado 06 de septiembre en la ciudad de Manizales su Primer Congreso Departamental Agrario \u00abEl agro caldense frente al ALCA y al TLC\u00bb, para analizar\u2026","rel":"","context":"En \u00abTribuna Roja N\u00ba 97; septiembre 28 de 2004\u00bb","block_context":{"text":"Tribuna Roja N\u00ba 97; septiembre 28 de 2004","link":"https:\/\/moir.com.co\/web\/category\/tribuna-roja\/ediciones-2000-2004\/tribuna-roja-no-97-septiembre-28-de-2004\/"},"img":{"alt_text":"","src":"","width":0,"height":0},"classes":[]}],"jetpack_sharing_enabled":true,"_links":{"self":[{"href":"https:\/\/moir.com.co\/web\/wp-json\/wp\/v2\/posts\/488","targetHints":{"allow":["GET"]}}],"collection":[{"href":"https:\/\/moir.com.co\/web\/wp-json\/wp\/v2\/posts"}],"about":[{"href":"https:\/\/moir.com.co\/web\/wp-json\/wp\/v2\/types\/post"}],"author":[{"embeddable":true,"href":"https:\/\/moir.com.co\/web\/wp-json\/wp\/v2\/users\/1"}],"replies":[{"embeddable":true,"href":"https:\/\/moir.com.co\/web\/wp-json\/wp\/v2\/comments?post=488"}],"version-history":[{"count":0,"href":"https:\/\/moir.com.co\/web\/wp-json\/wp\/v2\/posts\/488\/revisions"}],"wp:attachment":[{"href":"https:\/\/moir.com.co\/web\/wp-json\/wp\/v2\/media?parent=488"}],"wp:term":[{"taxonomy":"category","embeddable":true,"href":"https:\/\/moir.com.co\/web\/wp-json\/wp\/v2\/categories?post=488"},{"taxonomy":"post_tag","embeddable":true,"href":"https:\/\/moir.com.co\/web\/wp-json\/wp\/v2\/tags?post=488"}],"curies":[{"name":"wp","href":"https:\/\/api.w.org\/{rel}","templated":true}]}}