{"id":487,"date":"2004-08-09T07:00:00","date_gmt":"2004-08-09T07:00:00","guid":{"rendered":"https:\/\/moir.org.co\/web\/convocatoria-de-la-vii-junta-directiva-nacional-de-la-asociacion-nacional-por-la-salvacion-agropecuaria\/"},"modified":"2004-08-09T07:00:00","modified_gmt":"2004-08-09T07:00:00","slug":"convocatoria-de-la-vii-junta-directiva-nacional-de-la-asociacion-nacional-por-la-salvacion-agropecuaria","status":"publish","type":"post","link":"https:\/\/moir.com.co\/web\/convocatoria-de-la-vii-junta-directiva-nacional-de-la-asociacion-nacional-por-la-salvacion-agropecuaria\/","title":{"rendered":"CONVOCATORIA DE LA VII JUNTA DIRECTIVA NACIONAL DE LA ASOCIACI\u00d3N NACIONAL POR LA SALVACI\u00d3N AGROPECUARIA"},"content":{"rendered":"<p>Asociaci\u00f3n Nacional por la Salvaci\u00f3n Agropecuaria, Ibagu\u00e9, marzo 11 de 2003<\/p>\n<p>Despu\u00e9s de transcurridos m\u00e1s de ocho meses de la posesi\u00f3n de Alvaro Uribe V\u00e9lez en la Presidencia de la Rep\u00fablica, el sector agropecuario colombiano debe hacer un balance de las medidas que han emanado del gobierno en este periodo y evaluar sus impactos en la producci\u00f3n y en el progreso del sector. A esa evaluaci\u00f3n deber\u00e1n corresponderle las acciones gremiales pertinentes y adecuadas que propendan por la defensa de los intereses de los distintos grupos de productores vinculados al trabajo rural.<\/p>\n<p>Aunque la Asociaci\u00f3n Nacional por la Salvaci\u00f3n Agropecuaria ya se ha pronunciado sobre distintos elementos que han conformado la pol\u00edtica agropecuaria oficial, es necesario realizar una discusi\u00f3n completa de los mismos que le permita a nuestros afiliados tener una orientaci\u00f3n correcta en el actual momento y hacia el futuro. Hay que destacar que los acuerdos entre el gobierno y la Federaci\u00f3n Nacional de Cafeteros, la Reforma Tributaria que afecta principalmente al campo colombiano, con medidas tan atentatorias como el IVA a la panela y al caf\u00e9 o el alza escandalosa para la producci\u00f3n de arroz y de papa o los nuevos impuestos al patrimonio y a la renta a los usuarios de los distritos de riego, entre otros, las anunciadas fumigaciones de glifosato por v\u00eda a\u00e9rea a la zona caferera, la inicua fijaci\u00f3n del precio interno del caf\u00e9 y la espiral alcista en los precios de los insumos, que en trece meses llega al 27%, son evidentes demostraciones de la persistencia del nuevo gobierno en la pol\u00edtica de abandono al campo que lleva ya casi 10 a\u00f1os, desde el r\u00e9gimen de C\u00e9sar Gaviria.<\/p>\n<p>No obstante, hay dos hechos que al cuadro descrito le imprimen mayor gravedad. El primero es la conducta gubernamental de completa permisividad y fomento de los planes comerciales y las medidas complementarias que adelanta Estados Unidos a favor de sus intereses en el marco de las negociaciones del Area de Libre Comercio para las Am\u00e9ricas ALCA. Tanto en la fijaci\u00f3n del l\u00edmite para el proceso de desgravaci\u00f3n arancelaria en octubre de 2002, como en la presentaci\u00f3n de las ofertas agr\u00edcolas el 15 de febrero de 2003, el gobierno de Uribe V\u00e9lez demostr\u00f3 ser el m\u00e1s obsequioso con relaci\u00f3n a las solicitudes y exigencias norteamericanas entre los socios del grupo andino. El segundo es el tratamiento desplicente y de segunda que se da al sector agropecuario en el Plan Nacional de Desarrollo, con un presupuesto correspondiente a menos del 1% del monto total del proyecto, y que trae como consecuencia un marginamiento progresivo de sus responsabilidades con \u00e9l por parte del Estado; en tanto, consagra con plenas garant\u00edas y facilidades al denominado libre comercio de productos agr\u00edcolas.<\/p>\n<p>Por consiguiente, dada la imperiosa necesidad de pronunciarse coordinadamente y de actuar en forma consecuente frente a estos hechos, se est\u00e1 convocando a todos los dirigentes departamentales y de los distintos sectores productivos, as\u00ed como a observadores fraternales de otros gremios del campo, a una Junta Directiva Nacional de la Asociaci\u00f3n Nacional por la Salvaci\u00f3n Agropecuaria para el d\u00eda s\u00e1bado 29 de Marzo de 2003, a partir de las 9:00 A.M. en el Auditorio de Comfenalco (calle 37 con carrera 5\u00aa) en la ciudad de Ibagu\u00e9.<\/p>\n<p>En esa reuni\u00f3n se presentar\u00e1n los respectivos informes de actividades por parte de la Presidencia y la Direcci\u00f3n Ejecutiva de Salvaci\u00f3n Agropecuaria, inervendr\u00e1 el Senador Jorge Enrique Roble en un informe especial, habr\u00e1 intervenciones de los delegados, se llegar\u00e1 a conclusiones y se tomar\u00e1n decisiones; lo cual amerita que las delegaciones sean suficientemente representativas.<\/p>\n<p>A modo de relaci\u00f3n general enunciamos las organizaciones que, bien a trav\u00e9s de las regiones o con delegaciones nacionales han de hacerse presentes:<\/p>\n<p>FEDERRIEGO \u2013 UNIDAD CAFETERA \u2013 UNIDAD PANELERA \u2013 ASOCIACI\u00d3N AGROPECUARIA DEL HUILA \u2013 AGROPEMCA \u2013 AGAMETA \u2013 DISTRITOS DE RIEGO \u2013 UNIDAD BOYACENSE DE PRODUCTORES DE PAPA \u2013 ACIA \u2013 ASOCIACI\u00d3N DE ESTUDIANTES DE FACULTADES DE AGRONOM\u00cdA \u2013 CABILDOS IND\u00cdGENAS \u2013 ASOCIACI\u00d3N NACIONAL POR LA SALVACI\u00d3N AGROPECUARIA (De los distintos departamentos).<\/p>\n<p>\u00c1NGEL MARIA CABALLERO<br \/>\nPresidente<\/p>\n<p>AURELIO SU\u00c1REZ MONTOYA<br \/>\nDirector Ejecutivo<\/p>\n","protected":false},"excerpt":{"rendered":"<p>Asociaci\u00f3n Nacional por la Salvaci\u00f3n Agropecuaria, Ibagu\u00e9, marzo 11 de 2003 Despu\u00e9s de transcurridos m\u00e1s de ocho meses de la posesi\u00f3n de Alvaro Uribe V\u00e9lez en la Presidencia de la Rep\u00fablica, el sector agropecuario colombiano debe hacer un balance de las medidas que han emanado del gobierno en este periodo y evaluar sus impactos en [&hellip;]<\/p>\n","protected":false},"author":1,"featured_media":0,"comment_status":"open","ping_status":"open","sticky":false,"template":"","format":"standard","meta":{"advanced_seo_description":"","jetpack_seo_html_title":"","jetpack_seo_noindex":false,"_jetpack_memberships_contains_paid_content":false,"footnotes":""},"categories":[7],"tags":[],"class_list":["post-487","post","type-post","status-publish","format-standard","hentry","category-pronunciamientos-de-organizaciones-sociales"],"jetpack_featured_media_url":"","jetpack-related-posts":[{"id":495,"url":"https:\/\/moir.com.co\/web\/llamamiento-a-fortalecer-la-asociacion-nacional-por-la-salvacion-agropecuaria\/","url_meta":{"origin":487,"position":0},"title":"LLAMAMIENTO A FORTALECER LA ASOCIACI\u00d3N NACIONAL POR LA SALVACI\u00d3N AGROPECUARIA","author":"admin","date":"agosto 9, 2004","format":false,"excerpt":"Foro Agropecuario de la Costa Atl\u00e1ntica, Cartagena de Indias, marzo 21 de 2003 Los agricultores , representantes y dirigentes de distintos sectores de la agricultura y la ganader\u00eda de los departamentos de Bol\u00edvar, Cesar, C\u00f3rdoba, Magdalena, Sucre y Atl\u00e1ntico , as\u00ed como de las distintas profesiones relacionadas con el trabajo\u2026","rel":"","context":"En \u00abPronunciamientos de Organizaciones Sociales\u00bb","block_context":{"text":"Pronunciamientos de Organizaciones Sociales","link":"https:\/\/moir.com.co\/web\/category\/pronunciamientos-de-organizaciones-sociales\/"},"img":{"alt_text":"","src":"","width":0,"height":0},"classes":[]},{"id":488,"url":"https:\/\/moir.com.co\/web\/expectativa-por-foro-agropecuario-de-cartagena\/","url_meta":{"origin":487,"position":1},"title":"EXPECTATIVA POR FORO AGROPECUARIO DE CARTAGENA","author":"admin","date":"agosto 9, 2004","format":false,"excerpt":"Asociaci\u00f3n Nacional por la Salvaci\u00f3n Agropecuaria seccional departamento del Magdalena, Santa Marta, marzo 19 de 2003 La Asociaci\u00f3n Nacional por la Salvaci\u00f3n Agropecuaria ha programado un importante certamen a efectuarse en la ciudad de Cartagena este viernes 21 de marzo. Se trata del Foro Sobre la Situaci\u00f3n Agropecuaria de la\u2026","rel":"","context":"En \u00abPronunciamientos de Organizaciones Sociales\u00bb","block_context":{"text":"Pronunciamientos de Organizaciones Sociales","link":"https:\/\/moir.com.co\/web\/category\/pronunciamientos-de-organizaciones-sociales\/"},"img":{"alt_text":"","src":"","width":0,"height":0},"classes":[]},{"id":550,"url":"https:\/\/moir.com.co\/web\/miles-de-agricultores-indigenas-y-productores-agropecuarios-desfilaran-en-bogota-contra-el-alca-en-martes-12-de-agosto\/","url_meta":{"origin":487,"position":2},"title":"MILES DE AGRICULTORES IND\u00cdGENAS Y PRODUCTORES AGROPECUARIOS DESFILAR\u00c1N EN BOGOT\u00c1 CONTRA EL ALCA EN MARTES 12 DE AGOSTO","author":"admin","date":"agosto 10, 2004","format":false,"excerpt":"Salvaci\u00f3n Agropecuaria, agosto 8 de 2003 Delegaciones de m\u00e1s de 20 departamentos, de cerca de 200 municipios, representando a los productores colombianos de caf\u00e9, arroz, panela, leche, hortalizas, banano y pl\u00e1tano y de los principales g\u00e9neros agropecuarios, desfilar\u00e1n el martes 12 de agosto, despu\u00e9s del medio d\u00eda, por las calles\u2026","rel":"","context":"En \u00abPronunciamientos de Organizaciones Sociales\u00bb","block_context":{"text":"Pronunciamientos de Organizaciones Sociales","link":"https:\/\/moir.com.co\/web\/category\/pronunciamientos-de-organizaciones-sociales\/"},"img":{"alt_text":"","src":"","width":0,"height":0},"classes":[]},{"id":510,"url":"https:\/\/moir.com.co\/web\/conferencia-sobre-el-alca-en-santa-marta-y-debate-televisivo-por-senal-colombia\/","url_meta":{"origin":487,"position":3},"title":"CONFERENCIA SOBRE EL ALCA EN SANTA MARTA Y DEBATE TELEVISIVO POR SE\u00d1AL COLOMBIA","author":"admin","date":"agosto 9, 2004","format":false,"excerpt":"La Asociaci\u00f3n Nacional por la Salvaci\u00f3n Agropecuaria viene realizando por toda la geograf\u00eda nacional una serie de foros y conferencias sobre las graves consecuencias que traer\u00eda para el pa\u00eds su inclusi\u00f3n en el \u00c1rea de Libre Comercio de las Am\u00e9ricas (ALCA), como lo pretende hacer el gobierno nacional sin consultar\u2026","rel":"","context":"En \u00abPronunciamientos de Organizaciones Sociales\u00bb","block_context":{"text":"Pronunciamientos de Organizaciones Sociales","link":"https:\/\/moir.com.co\/web\/category\/pronunciamientos-de-organizaciones-sociales\/"},"img":{"alt_text":"","src":"","width":0,"height":0},"classes":[]},{"id":20094,"url":"https:\/\/moir.com.co\/web\/congreso-de-la-asociacion-nacional-por-la-salvacion-agropecuaria-en-caldas\/","url_meta":{"origin":487,"position":4},"title":"CONGRESO DE LA ASOCIACI\u00d3N NACIONAL POR LA SALVACI\u00d3N AGROPECUARIA EN CALDAS","author":"admin","date":"septiembre 16, 2004","format":false,"excerpt":"Con 160 delegados de quince municipios del departamento y nueve organizaciones del sector agrario, la Asociaci\u00f3n Nacional por la Salvaci\u00f3n Agropecuaria, cap\u00edtulo Caldas, celebr\u00f3 el pasado 06 de septiembre en la ciudad de Manizales su Primer Congreso Departamental Agrario \u00abEl agro caldense frente al ALCA y al TLC\u00bb, para analizar\u2026","rel":"","context":"En \u00abTribuna Roja N\u00ba 97; septiembre 28 de 2004\u00bb","block_context":{"text":"Tribuna Roja N\u00ba 97; septiembre 28 de 2004","link":"https:\/\/moir.com.co\/web\/category\/tribuna-roja\/ediciones-2000-2004\/tribuna-roja-no-97-septiembre-28-de-2004\/"},"img":{"alt_text":"","src":"","width":0,"height":0},"classes":[]},{"id":518,"url":"https:\/\/moir.com.co\/web\/convocatoria-al-foro-sobre-las-incidencias-del-alca-en-el-salon-amarillo-de-la-alcaldia-de-santa-marta\/","url_meta":{"origin":487,"position":5},"title":"CONVOCATORIA AL FORO SOBRE LAS INCIDENCIAS DEL ALCA, EN EL SAL\u00d3N AMARILLO DE LA ALCALD\u00cdA DE SANTA MARTA","author":"admin","date":"agosto 9, 2004","format":false,"excerpt":"Salvaci\u00f3n Agropecuaria, Santa Marta, mayo 20 2003 La Asociaci\u00f3n Nacional por la Salvaci\u00f3n Agropecuaria, Seccional Magdalena, con la aquiescencia del alcalde (E) del distrito de Santa Marta, doctor Fernando Cely Santos, est\u00e1 convocando al Foro Sobre las Incidencias del \u00c1rea de Libre Comercio de las Am\u00e9ricas (ALCA) en la econom\u00eda\u2026","rel":"","context":"En \u00abPronunciamientos de Organizaciones Sociales\u00bb","block_context":{"text":"Pronunciamientos de Organizaciones Sociales","link":"https:\/\/moir.com.co\/web\/category\/pronunciamientos-de-organizaciones-sociales\/"},"img":{"alt_text":"","src":"","width":0,"height":0},"classes":[]}],"jetpack_sharing_enabled":true,"_links":{"self":[{"href":"https:\/\/moir.com.co\/web\/wp-json\/wp\/v2\/posts\/487","targetHints":{"allow":["GET"]}}],"collection":[{"href":"https:\/\/moir.com.co\/web\/wp-json\/wp\/v2\/posts"}],"about":[{"href":"https:\/\/moir.com.co\/web\/wp-json\/wp\/v2\/types\/post"}],"author":[{"embeddable":true,"href":"https:\/\/moir.com.co\/web\/wp-json\/wp\/v2\/users\/1"}],"replies":[{"embeddable":true,"href":"https:\/\/moir.com.co\/web\/wp-json\/wp\/v2\/comments?post=487"}],"version-history":[{"count":0,"href":"https:\/\/moir.com.co\/web\/wp-json\/wp\/v2\/posts\/487\/revisions"}],"wp:attachment":[{"href":"https:\/\/moir.com.co\/web\/wp-json\/wp\/v2\/media?parent=487"}],"wp:term":[{"taxonomy":"category","embeddable":true,"href":"https:\/\/moir.com.co\/web\/wp-json\/wp\/v2\/categories?post=487"},{"taxonomy":"post_tag","embeddable":true,"href":"https:\/\/moir.com.co\/web\/wp-json\/wp\/v2\/tags?post=487"}],"curies":[{"name":"wp","href":"https:\/\/api.w.org\/{rel}","templated":true}]}}