{"id":481,"date":"2004-08-09T07:00:00","date_gmt":"2004-08-09T07:00:00","guid":{"rendered":"https:\/\/moir.org.co\/web\/sesgo-antiagrario-y-falta-de-acuerdos-equitativos-en-las-negociaciones-del-alca\/"},"modified":"2004-08-09T07:00:00","modified_gmt":"2004-08-09T07:00:00","slug":"sesgo-antiagrario-y-falta-de-acuerdos-equitativos-en-las-negociaciones-del-alca","status":"publish","type":"post","link":"https:\/\/moir.com.co\/web\/sesgo-antiagrario-y-falta-de-acuerdos-equitativos-en-las-negociaciones-del-alca\/","title":{"rendered":"\u00bfSESGO ANTIAGRARIO Y FALTA DE &#8220;ACUERDOS EQUITATIVOS&#8221; EN LAS NEGOCIACIONES DEL ALCA?"},"content":{"rendered":"<p>Asociaci\u00f3n Nacional por la Salvaci\u00f3n Agropecuaria, febrero 22 de 2003<\/p>\n<p>En las p\u00e1ginas Econ\u00f3micas del peri\u00f3dico Portafolio del Jueves 20 de febrero (Anexo 01), la Sociedad de Agricultores de Colombia, vuelve a revivir la pol\u00e9mica del Ministro Cano con el de Comercio, Industria y Turismo, \u00fanicamente que ahora en lugar de Cano aparece en el escenario el presidente de la SAC, quien entre preocupado y despistado se queja porque Jorge Humberto Botero, Ministro de Comercio, sigue negociando el agro colombiano a espaldas del gremio, y sin consultarlos dentro de la oferta inicial en las negociaciones del ALCA, not\u00e1ndose un sesgo antiagrario en dicha propuesta, afirma el funcionario. Para el Dr. Rafael Mej\u00eda, presidente de la SAC, el problema consiste en que se deben hacer unos \u201cacuerdos equitativos\u201d o el equivalente a \u201csaber negociar\u201d. Seg\u00fan \u00e9l, la cuesti\u00f3n es de astucia. \u00bfSer\u00e1 que a los funcionarios de Gaviria que negociaron la apertura en los 90, les falt\u00f3 algo de eso?.<\/p>\n<p>Sin embargo, como dec\u00edan las abuelitas, \u201cpara la muestra un bot\u00f3n\u201d: M\u00e9xico es un pa\u00eds modelo en los tratados internacionales de libre comercio, llevan cinco a\u00f1os en los mismos, luego se presume que deben saber negociar. El Tratado del Libre Comercio con Am\u00e9rica del Norte (TLCAN), celebrado entre M\u00e9xico, Estados Unidos y Canad\u00e1, llev\u00f3 a este pa\u00eds en cinco a\u00f1os de importar 790 millones de d\u00f3lares en alimentos, a importar 8.000 millones de d\u00f3lares, y sus agricultores est\u00e1n pidiendo hoy que se excluya el agro de dicho tratado comercial. Este pa\u00eds era un fuerte productor de arroz, pero hoy depende de la importaci\u00f3n de este producto desde Estados Unidos para alimentar a su poblaci\u00f3n; era exportador de papa, pero fueron bloqueadas sus exportaciones en el mercado estadounidense a trav\u00e9s de barreras fitosanitarias; fue exportador de algod\u00f3n, pero hoy depende del producto Made in USA; y su milenaria cultura del ma\u00edz en el Norte de M\u00e9xico fue arrasada por los agroindustriales del coloso del Norte.<\/p>\n<p>Es importante anotar que la econom\u00eda de M\u00e9xico crece a m\u00e1s del 4%, pero no propiamente en las finanzas de estos agricultores, este lucro se reparte entre el sector financiero y el industrial (grandes industrias), adem\u00e1s de los que se benefician de estos tratados internacionales por estar fletados a las grandes multinacionales o ser agentes de las mismas, que en Colombia tambi\u00e9n los hay. En el caso de M\u00e9xico se observa un comienzo de desmantelamiento en la industria que hace uso intensivo de la maquila, es decir, del trabajo de los obreros de las f\u00e1bricas, y la causa principal de este proceso es que las multinacionales encontraron en la China un jornal mucho m\u00e1s barato, menor a 2,5 d\u00f3lares el equivalente a $6.500 pesos colombianos, por lo tanto llevar a cabo esta maquila en China es m\u00e1s barato que en M\u00e9xico, sobre todo en el sector textil y manufacturero en los cuales es intensivo este valor agregado.<\/p>\n<p>Es lo que llaman nuestros neoliberales criollos \u201cmayor eficiencia y competitividad\u201d y cuyo argumento principal consiste, en qui\u00e9n es capaz de aguantar m\u00e1s hambre, si el trabajador mexicano o el chino. Para ellos, el \u00e9xito se mide en el jornal m\u00e1s barato y la alta tecnolog\u00eda, de la cual carecemos los pa\u00edses subdesarrollados y muy poco importa la parte social. Este fen\u00f3meno tambi\u00e9n est\u00e1 comenzando a afectar al agro de Am\u00e9rica Latina y llega con la ingenier\u00eda gen\u00e9tica para los vegetales, la cual \u00fanicamente conocemos por los medios de comunicaci\u00f3n; pero en el mundo ya se cultivan 60 millones de hect\u00e1reas que est\u00e1n desplazando la soya, el ma\u00edz, el algod\u00f3n, la papa, y pr\u00f3ximamente el arroz y la palma africana de los pa\u00edses subdesarrollados, cuyas tecnolog\u00edas son todav\u00eda primitivas; este solo factor deja ver porque estos tratados no pueden ser equitativos como lo pretende el presidente de la SAC, y ya Minagricultura est\u00e1 importando estas tecnolog\u00edas como \u00fanica soluci\u00f3n sin prever las consecuencias sociales, ambientales y de salud.<\/p>\n<p>Como si esto fuera poco, no hemos mencionado los subsidios para el agro, que solo en Estados Unidos llegan a 180 mil millones de d\u00f3lares en los pr\u00f3ximos 10 a\u00f1os y que el presidente de la SAC solicita que se desmonten para bajar los aranceles a cero en el 2005 y poder integrarnos a dicho tratado, pero a finales del a\u00f1o pasado en lugar de bajarlos, los subieron de 100 mil a 180 mil millones de d\u00f3lares, de lo cual no dan explicaciones a nadie a pesar de ser los promotores del ALCA. Al eliminar los aranceles puede entrar toda clase de cereales, az\u00facar, caf\u00e9, carne de res, pollo, cerdo, leche, huevos y mercanc\u00edas, unas legalmente y otras trianguladas de los pa\u00edses asi\u00e1ticos donde el jornal y la alta tecnolog\u00eda son m\u00e1s baratas y apoyadas por el estado.<\/p>\n<p>El cuento no es de saber negociar, ni menos en acuerdos bilaterales, como el que pretende hacer el gobierno de Uribe con Estados Unidos si fracasa el ALCA, pues ser\u00e1 peor para nosotros y lo hemos visto, que todas las semanas nos rega\u00f1an y dan ordenes, como en el caso de Cano con los ministros del Pacto Andino al querer Minagricultura comenzar las negociaciones del ALCA con los aranceles m\u00e1s altos permitidos, lo cual fue inmediatamente rectificado por el departamento de Comercio Exterior de los Estados Unidos, condicionando el tratado de preferencias arancelarias del ATPA a desproteger nuestro agro como efectivamente lo est\u00e1 haciendo el ministro de Comercio aunque no le guste al presidente de la SAC, lo cual nos deja ver el grado de docilidad de nuestro gobierno y la poca importancia del agro para ellos, as\u00ed nos quieran hacer creer lo contrario.<\/p>\n<p>Lo m\u00e1s aberrante de lo anterior, es que el ATPA fue concedido a cambio de la eliminaci\u00f3n de los cultivos il\u00edcitos o mejor dicho, para que los desplazados de estos cultivos recuperaran el empleo, lo que tampoco ha sucedido porque muchos de ellos se est\u00e1n ubicando en los cinturones de miseria de las ciudades, ya que la fabricaci\u00f3n de textiles y confecciones se lleva a cabo con mano de obra altamente especializada. La raz\u00f3n es muy sencilla, ellos son los del billete y la tecnolog\u00eda, adem\u00e1s hemos perdido la soberan\u00eda econ\u00f3mica por el endeudamiento que tiene el pa\u00eds, y la completa dependencia del FMI y el Banco Mundial para prorrogar nuestra deuda externa que se lleva el 40% del presupuesto de la naci\u00f3n, lo cual no se logra sin su visto bueno; y nuestra pobreza no nos permite negociar en condiciones de igualdad. Por lo tanto, lo \u00fanico acertado como pol\u00edtica de estado es proteger la producci\u00f3n nacional y el empleo por costosos que sean. Al paso que vamos, tendremos que eliminar hasta la \u00faltima mata de coca y de amapola como lo dice Mingobierno, y adem\u00e1s entregar nuestro agro en el ALCA, sin tener en cuenta que en Colombia la guerra naci\u00f3 en el campo y la firma de este tratado en la forma como lo est\u00e1 manejando Mincomercio, es el combustible para ella.<\/p>\n<p>Pero lo m\u00e1s alarmante, es que a pesar de que se va a negociar lo del agro en el ALCA, el presidente de la SAC y el ministro de Agricultura, con todo lo respetables que son, les prohibieron participar personalmente en estas negociaciones, quedando la suerte del agro en manos de las decisiones de Mincomercio como lo afirma el mismo Cano (Portafolio 21 Febrero). Por los anteriores argumentos y ante la actitud antiagraria del gobierno, solamente con la resistencia civil de todos los productores, campesinos, ind\u00edgenas y trabajadores del campo lograremos evitar que se involucre al agro en este tratado comercial, el cual \u00fanicamente concibe que Colombia se especialice en producir cultivos tropicales, los cuales no se dan en las zonas templadas donde ellos habitan por existir las estaciones; pero lo contradictorio de esta propuesta radica en que estos cultivos tambi\u00e9n est\u00e1n en crisis como lo observamos con el caf\u00e9 y el banano, productos que son comprados por las mismas multinacionales cuyos due\u00f1os est\u00e1n en los pa\u00edses que nos imponen estos tratados.<\/p>\n<p>Nos oponemos y rechazamos la firma de este acuerdo comercial, por atentar contra nuestra soberan\u00eda y seguridad alimentaria y como lo dice el presidente de la SAC en el Anexo 01, \u00fanicamente se favorece a la industria; lo cual tambi\u00e9n est\u00e1 por verse pues ya vimos el caso de M\u00e9xico y el desmantelamiento de la industria nacional con la apertura econ\u00f3mica en los 90. Hacemos un llamado de alerta al gobierno del Dr. Alvaro Uribe, a nuestros dirigentes, a la clase pol\u00edtica y a los productores del campo, a las organizaciones sociales, campesinos, ind\u00edgenas y trabajadores del agro, y los invitamos al Congreso y a la marcha cuya fecha anunciaremos en los pr\u00f3ximos d\u00edas, en protesta y rechazo contra el ingreso de Colombia al Area del Libre Comercio de las Am\u00e9ricas \u2013 ALCA y al sesgo antiagrario que est\u00e1n tomando las negociaciones por parte del gobierno.<\/p>\n<p>Ibagu\u00e9, 22 Febrero de 2003.<\/p>\n<p>ANGEL MARIA CABALLERO<\/p>\n<p>Presidente<\/p>\n<p>&#8212;&#8212;&#8212;&#8212;&#8212;&#8212;&#8212;&#8212;&#8212;&#8212;&#8212;&#8212;&#8212;&#8212;&#8212;&#8212;&#8212;&#8212;&#8212;&#8212;&#8212;&#8212;&#8212;&#8212;&#8212;&#8212;&#8211;<\/p>\n<p>ANEXO 01<\/p>\n<p>REVIVE AGARR\u00d3N DE AGRO POR ALCA<\/p>\n<p>Cruce de Cartas entre la SAC y Mincomercio<\/p>\n<p>Portafolio\/ Febrero 20 de 2003\/ Econom\u00eda Hoy<\/p>\n<p>Productores se quejan de \u2018sesgo antiagrario\u2019 y Pymes se unen al reclamo.<\/p>\n<p>Las diferencias entre los agricultores y el Ministerio de Comercio, Industria y Turismo en torno al tratamiento del sector agropecuario en las negociaciones internacionales volvieron a salir esta semana a la palestra. El nuevo episodio se revel\u00f3 ayer, cuando el presidente de la Sociedad de Agricultores de Colombia, SAC, Rafael Mej\u00eda, hizo p\u00fablica la inconformidad del sector con el manejo que el gobierno le ha dado a las negociaciones del agro.<\/p>\n<p>El ministro de Comercio, Jorge Humberto Botero, sali\u00f3 al paso de estas declaraciones y se\u00f1al\u00f3 que el sector agropecuario ya ha sido consultado sobre el tema y est\u00e1 enterado de los avances de las negociaciones. Pero el enfrentamiento es de tal magnitud que el jueves pr\u00f3ximo se reunir\u00e1 la junta directiva de la SAC en pleno con el presidente Alvaro Uribe, para pedir, como ocurri\u00f3 el a\u00f1o pasado, una posici\u00f3n del Gobierno, al respecto.<\/p>\n<p>Ayer, durante la presentaci\u00f3n de un convenio con Acopi, el presidente de la SAC dijo que \u201cdesafortunadamente cuando los ministros son muy t\u00e9cnicos se les olvida el elemento humano y miran todos los sectores desde el punto de vista de beneficio econ\u00f3mico y se les olvida el social y pol\u00edtico\u201d. Tambi\u00e9n se quej\u00f3 de un sesgo \u2018antiagrario\u2019 en las negociaciones que se adelantan con una favorabilidad hacia la industria y recalc\u00f3 la necesidad de que el pa\u00eds llegue a acuerdos equitativos que no afecten a un sector vulnerable como el agro.<\/p>\n<p>A las cr\u00edticas, se uni\u00f3 el presidente de Acopi, Juan Alfredo Pinto, quien se\u00f1al\u00f3 que el Gobierno ha adelantado las negociaciones en ausencia de las pymes y del agro. \u201cReclamamos una participaci\u00f3n m\u00e1s consciente, m\u00e1s expresa, deliberada y activa en la construcci\u00f3n de una negociaci\u00f3n\u201d, expres\u00f3. Para que el Gobierno tenga m\u00e1s en cuenta a las pymes y a las agroindustrias en la negociaci\u00f3n del Alca, Acopi y la SAC hicieron una alianza en defensa del campo colombiano.<\/p>\n<p>Se busca consolidar un frente com\u00fan por la defensa de la actividad agroempresarial, con acuerdos de competitividad en los \u00e1mbitos regional y nacional y otras acciones como la promoci\u00f3n de las mini cadenas socio productivas y esquemas asociativos para darle valor agregado a las labores agr\u00edcolas.<\/p>\n<p>Cruce de cartas<br \/>\nAyer se conoci\u00f3 un cruce de cartas entre la SAC y el ministro de Comercio, Jorge Humberto Botero en el que muestran sus diferencias. El funcionario dice que el sector fue consultado para llevar la oferta inicial a las negociaciones del Alca en una reuni\u00f3n con el Ministerio de Agricultura y con Mej\u00eda. Mientras tanto, el presidente de la SAC dice que en esa reuni\u00f3n de la semana pasada el gremio manifest\u00f3 su desacuerdo con la propuesta.<\/p>\n<p>A su juicio, no tuvo en cuenta un texto que hab\u00eda sido conciliado el pasado 30 de enero y en el que se dejaba clara la necesidad de condicionar la reducci\u00f3n de aranceles a la actividad y la disminuci\u00f3n de subsidios por parte de los pa\u00edses desarrollados. Al final, explic\u00f3, el Ministerio de Comercio present\u00f3 un texto que no dej\u00f3 satisfecho a los agricultores.<\/p>\n","protected":false},"excerpt":{"rendered":"<p>Asociaci\u00f3n Nacional por la Salvaci\u00f3n Agropecuaria, febrero 22 de 2003 En las p\u00e1ginas Econ\u00f3micas del peri\u00f3dico Portafolio del Jueves 20 de febrero (Anexo 01), la Sociedad de Agricultores de Colombia, vuelve a revivir la pol\u00e9mica del Ministro Cano con el de Comercio, Industria y Turismo, \u00fanicamente que ahora en lugar de Cano aparece en el [&hellip;]<\/p>\n","protected":false},"author":1,"featured_media":0,"comment_status":"open","ping_status":"open","sticky":false,"template":"","format":"standard","meta":{"advanced_seo_description":"","jetpack_seo_html_title":"","jetpack_seo_noindex":false,"_jetpack_memberships_contains_paid_content":false,"footnotes":""},"categories":[7],"tags":[],"class_list":["post-481","post","type-post","status-publish","format-standard","hentry","category-pronunciamientos-de-organizaciones-sociales"],"jetpack_featured_media_url":"","jetpack-related-posts":[{"id":595,"url":"https:\/\/moir.com.co\/web\/carta-de-federriego-a-uribe-velez-frente-al-tratado-bilateral-y-el-alca\/","url_meta":{"origin":481,"position":0},"title":"CARTA DE FEDERRIEGO A URIBE V\u00c9LEZ FRENTE AL TRATADO BILATERAL Y EL ALCA","author":"admin","date":"agosto 11, 2004","format":false,"excerpt":"Bogot\u00e1, 31 de octubre de 2003 Doctor \u00c1LVARO URIBE V\u00c9LEZ Presidente de la Rep\u00fablica E. S. D. Se\u00f1or Presidente: Con gran preocupaci\u00f3n hemos escuchado y le\u00eddo pronunciamientos suyos y de algunos altos funcionarios sobre los compromisos de su gobierno con el ALCA o con la firma de un Tratado Bilateral\u2026","rel":"","context":"En \u00abPronunciamientos de Organizaciones Sociales\u00bb","block_context":{"text":"Pronunciamientos de Organizaciones Sociales","link":"https:\/\/moir.com.co\/web\/category\/pronunciamientos-de-organizaciones-sociales\/"},"img":{"alt_text":"","src":"","width":0,"height":0},"classes":[]},{"id":4663,"url":"https:\/\/moir.com.co\/web\/con-este-presupuesto-tan-ridiculo-el-agro-no-sera-una-locomotora-del-desarrollo-sino-un-renault-4\/","url_meta":{"origin":481,"position":1},"title":"Con este presupuesto tan rid\u00edculo el agro no ser\u00e1 una locomotora del desarrollo sino un Renault 4","author":"admin","date":"agosto 18, 2010","format":false,"excerpt":"Es evidente el sesgo antiagrario de los \u00faltimos gobiernos, incluido el actual. Sustituir la producci\u00f3n colombiana por producci\u00f3n extranjera es una estrategia fr\u00edamente calculada. No poner en vigencia los decretos que proh\u00edben comercializar la leche cruda. \u201cSi el agro es una de las cinco locomotoras planteadas por Juan Manuel Santos,\u2026","rel":"","context":"En \u00abJorge Enrique Robledo\u00bb","block_context":{"text":"Jorge Enrique Robledo","link":"https:\/\/moir.com.co\/web\/category\/jorge-enrique-robledo\/"},"img":{"alt_text":"","src":"","width":0,"height":0},"classes":[]},{"id":610,"url":"https:\/\/moir.com.co\/web\/la-mujer-del-cesar-no-solamente-debe-ser-sino-parecer\/","url_meta":{"origin":481,"position":2},"title":"&#8220;LA MUJER DEL CESAR NO SOLAMENTE DEBE SER, SINO PARECER&#8221;","author":"admin","date":"agosto 11, 2004","format":false,"excerpt":"Salvaci\u00f3n Agropecuaria, Ibagu\u00e9; diciembre 10 de 2003 En el mes de octubre cuando nos enteramos que el doctor Rafael Hern\u00e1ndez manifest\u00f3 por un medio de comunicaci\u00f3n local que se iba a excluir el arroz del TLC con Estados Unidos, la verdad sentimos alegr\u00eda, pues cre\u00edamos que era idea de Minagricultura\u2026","rel":"","context":"En \u00abPronunciamientos de Organizaciones Sociales\u00bb","block_context":{"text":"Pronunciamientos de Organizaciones Sociales","link":"https:\/\/moir.com.co\/web\/category\/pronunciamientos-de-organizaciones-sociales\/"},"img":{"alt_text":"","src":"","width":0,"height":0},"classes":[]},{"id":9806,"url":"https:\/\/moir.com.co\/web\/santos-firma-decreto-contra-el-azucar-y-la-panela-senador-robledo\/","url_meta":{"origin":481,"position":3},"title":"Santos firma decreto contra el az\u00facar y la panela: senador Robledo","author":"admin","date":"diciembre 1, 2015","format":false,"excerpt":"Decreto que reduce aranceles para importar az\u00facar prueba que Santos es el presidente m\u00e1s antiagrario de la historia. Favorece transnacionales y ataca la producci\u00f3n de az\u00facar y panela nacionales. M\u00e1s de 2 millones de personas viven del az\u00facar y la panela. Ataque a sector azucarero y panelero es parte de\u2026","rel":"","context":"En \u00abJorge Enrique Robledo\u00bb","block_context":{"text":"Jorge Enrique Robledo","link":"https:\/\/moir.com.co\/web\/category\/jorge-enrique-robledo\/"},"img":{"alt_text":"","src":"","width":0,"height":0},"classes":[]},{"id":1473,"url":"https:\/\/moir.com.co\/web\/ecuador-punta-de-lanza-del-alca\/","url_meta":{"origin":481,"position":4},"title":"ECUADOR, PUNTA DE LANZA DEL ALCA","author":"admin","date":"junio 20, 2004","format":false,"excerpt":"El presidente Gustavo Noboa, en su informe ante el Congreso Nacional (15\/01\/2002), present\u00f3 como uno de los logros de su gobierno el tener la presidencia del ALCA, a la vez que advirti\u00f3 que: \"El proceso de integraci\u00f3n de la Comunidad Andina (CAN) debe salir de su estancamiento\", declaraciones aparentemente intrascendentes\u2026","rel":"","context":"En \u00ab\u00a1No a los TLC y al ALCA!\u00bb","block_context":{"text":"\u00a1No a los TLC y al ALCA!","link":"https:\/\/moir.com.co\/web\/category\/temas\/no-a-los-tlc-y-al-alca\/"},"img":{"alt_text":"","src":"","width":0,"height":0},"classes":[]},{"id":516,"url":"https:\/\/moir.com.co\/web\/s-o-s-en-los-campos-de-colombia\/","url_meta":{"origin":481,"position":5},"title":"\u00a1S. O. S. EN LOS CAMPOS DE COLOMBIA!","author":"admin","date":"agosto 9, 2004","format":false,"excerpt":"Asociaci\u00f3n Nacional por la Salvaci\u00f3n Agropecuaria, mayo 7 de 2003 Despu\u00e9s del debate que se llev\u00f3 a cabo el pasado 29 de abril en la Comisi\u00f3n Quinta del Senado de la Rep\u00fablica sobre la Agricultura y el ALCA, la divulgaci\u00f3n y la explicaci\u00f3n del video correspondiente entre los 11.5 millones\u2026","rel":"","context":"En \u00abPronunciamientos de Organizaciones Sociales\u00bb","block_context":{"text":"Pronunciamientos de Organizaciones Sociales","link":"https:\/\/moir.com.co\/web\/category\/pronunciamientos-de-organizaciones-sociales\/"},"img":{"alt_text":"","src":"","width":0,"height":0},"classes":[]}],"jetpack_sharing_enabled":true,"_links":{"self":[{"href":"https:\/\/moir.com.co\/web\/wp-json\/wp\/v2\/posts\/481","targetHints":{"allow":["GET"]}}],"collection":[{"href":"https:\/\/moir.com.co\/web\/wp-json\/wp\/v2\/posts"}],"about":[{"href":"https:\/\/moir.com.co\/web\/wp-json\/wp\/v2\/types\/post"}],"author":[{"embeddable":true,"href":"https:\/\/moir.com.co\/web\/wp-json\/wp\/v2\/users\/1"}],"replies":[{"embeddable":true,"href":"https:\/\/moir.com.co\/web\/wp-json\/wp\/v2\/comments?post=481"}],"version-history":[{"count":0,"href":"https:\/\/moir.com.co\/web\/wp-json\/wp\/v2\/posts\/481\/revisions"}],"wp:attachment":[{"href":"https:\/\/moir.com.co\/web\/wp-json\/wp\/v2\/media?parent=481"}],"wp:term":[{"taxonomy":"category","embeddable":true,"href":"https:\/\/moir.com.co\/web\/wp-json\/wp\/v2\/categories?post=481"},{"taxonomy":"post_tag","embeddable":true,"href":"https:\/\/moir.com.co\/web\/wp-json\/wp\/v2\/tags?post=481"}],"curies":[{"name":"wp","href":"https:\/\/api.w.org\/{rel}","templated":true}]}}