{"id":480,"date":"2004-08-09T07:00:00","date_gmt":"2004-08-09T07:00:00","guid":{"rendered":"https:\/\/moir.org.co\/web\/lamentable-desaparicion-de-arles-marin\/"},"modified":"2004-08-09T07:00:00","modified_gmt":"2004-08-09T07:00:00","slug":"lamentable-desaparicion-de-arles-marin","status":"publish","type":"post","link":"https:\/\/moir.com.co\/web\/lamentable-desaparicion-de-arles-marin\/","title":{"rendered":"LAMENTABLE DESAPARICI\u00f3N DE ARL\u00e9S MAR\u00cdN"},"content":{"rendered":"<p>El jueves 13 de febrero en las horas de la ma\u00f1ana en Mistrat\u00f3, cuando adelantaba faenas propias de su actividad como agricultor, fue asesinado en su finca el dirigente agrario y social, Arl\u00e9s Mar\u00edn. Durante varios a\u00f1os fue destacado concejal de ese municipio  y presidente del Concejo en el a\u00f1o 2001. <\/p>\n<p>Arl\u00e9s Mar\u00edn se distingui\u00f3 por el gran amor que sent\u00eda por su terru\u00f1o al cual le dedic\u00f3 sus energ\u00edas  y  desvelos durante la mayor parte de su vida.  Siempre encabez\u00f3 las nobles causas que persegu\u00edan progreso y bienestar para los suyos y, en particular las de los sectores rurales, de los cafeteros y paneleros. Nunca escatim\u00f3 esfuerzo para velar por sus intereses y derechos y para efectuar las labores pertinentes, las cuales llev\u00f3 a cabo dentro de los cauces civiles y de manera abierta confiando en la justeza de sus razones y en el respaldo de la comunidad. <\/p>\n<p>Arl\u00e9s Mar\u00edn deja un vac\u00edo inmenso en la vida ciudadana de Mistrat\u00f3. No ser\u00e1 f\u00e1cil sustituir a alguien que era una de las m\u00e1s l\u00facidas mentes de ese municipio y a un patriota aut\u00e9ntico que amaba con sinceridad y sin medida a su naci\u00f3n. La Asociaci\u00f3n Nacional por la Salvaci\u00f3n Agropecuaria, a la cual perteneci\u00f3 Arl\u00e9s como directivo nacional de la Unidad Panelera, presenta a sus coterr\u00e1neos, a su hija y a todos sus familiares las m\u00e1s sentidas condolencias, expresa p\u00fablicamente el repudio al crimen cometido contra \u00e9l y lamenta su desaparici\u00f3n.  <\/p>\n<p>AURELIO SUAREZ MONTOYA<br \/>\nDirector Ejecutivo<\/p>\n<p>Pereira, febrero 13 de 2003 <\/p>\n","protected":false},"excerpt":{"rendered":"<p>El jueves 13 de febrero en las horas de la ma\u00f1ana en Mistrat\u00f3, cuando adelantaba faenas propias de su actividad como agricultor, fue asesinado en su finca el dirigente agrario y social, Arl\u00e9s Mar\u00edn. Durante varios a\u00f1os fue destacado concejal de ese municipio y presidente del Concejo en el a\u00f1o 2001. Arl\u00e9s Mar\u00edn se distingui\u00f3 [&hellip;]<\/p>\n","protected":false},"author":1,"featured_media":0,"comment_status":"open","ping_status":"open","sticky":false,"template":"","format":"standard","meta":{"advanced_seo_description":"","jetpack_seo_html_title":"","jetpack_seo_noindex":false,"_jetpack_memberships_contains_paid_content":false,"footnotes":""},"categories":[7],"tags":[],"class_list":["post-480","post","type-post","status-publish","format-standard","hentry","category-pronunciamientos-de-organizaciones-sociales"],"jetpack_featured_media_url":"","jetpack-related-posts":[{"id":19790,"url":"https:\/\/moir.com.co\/web\/declaracion-publica-lamentable-desaparicion-de-arles-marin\/","url_meta":{"origin":480,"position":0},"title":"Declaraci\u00f3n P\u00fablica: LAMENTABLE DESAPARICI\u00d3N DE ARLES MAR\u00cdN","author":"admin","date":"agosto 10, 2004","format":false,"excerpt":"El jueves 13 de febrero en las horas de la ma\u00f1ana en Mistrat\u00f3, cuando adelantaba faenas propias de su actividad como agricultor, fue asesinado en su finca el dirigente agrario y social, Arl\u00e9s Mar\u00edn. Durante varios a\u00f1os fue destacado concejal de ese municipio y presidente del Concejo en el a\u00f1o\u2026","rel":"","context":"En \u00abTribuna Roja N\u00ba 90, marzo 10 de 2003\u00bb","block_context":{"text":"Tribuna Roja N\u00ba 90, marzo 10 de 2003","link":"https:\/\/moir.com.co\/web\/category\/tribuna-roja\/ediciones-2000-2004\/tribuna-roja-no-90-marzo-10-de-2003\/"},"img":{"alt_text":"","src":"","width":0,"height":0},"classes":[]},{"id":10287,"url":"https:\/\/moir.com.co\/web\/el-cielo-fue-uno-de-los-grandes-intereses-de-vincent-van-gogh\/","url_meta":{"origin":480,"position":1},"title":"El cielo fue uno de los grandes intereses de Vincent van Gogh","author":"admin","date":"agosto 2, 2016","format":false,"excerpt":"Algunos de los m\u00e1s famosos cuadros del holand\u00e9s revelan su afici\u00f3n por observar el firmamento. Uno de los m\u00e1s reconocidos pintores del siglo XIX, el holand\u00e9s Vincent van Gogh (1853-1890), produjo numerosas obras maestras de gran belleza, hoy colocadas como piezas centrales de museos y colecciones, y valoradas en decenas\u2026","rel":"","context":"En \u00abCiencia\u00bb","block_context":{"text":"Ciencia","link":"https:\/\/moir.com.co\/web\/category\/temas\/ciencia\/"},"img":{"alt_text":"","src":"","width":0,"height":0},"classes":[]},{"id":20271,"url":"https:\/\/moir.com.co\/web\/como-reguero-de-polvora-se-extendio-la-protesta\/","url_meta":{"origin":480,"position":2},"title":"COMO REGUERO DE P\u00d3LVORA SE EXTENDI\u00d3 LA PROTESTA","author":"admin","date":"octubre 12, 2004","format":false,"excerpt":"Valle Miles de proletarios vallecaucanos inmovilizaron importantes factor\u00edas, como Good Year, Codemaco, Fasa, Chapas del Pacifico, Maderas Tropicales y Quaker. En Cal\u00ed, las federaciones sindicales denunciaron la retenci\u00f3n de obreros de Uniroyal, Croydon y Good Year. Moradores del barrio Salom\u00eda apedrearon y quemaron veh\u00edculos y varias bombas explotaron, una en\u2026","rel":"","context":"En \u00abTribuna Roja N\u00ba 29, primera quincena de octubre de 1977\u00bb","block_context":{"text":"Tribuna Roja N\u00ba 29, primera quincena de octubre de 1977","link":"https:\/\/moir.com.co\/web\/category\/tribuna-roja\/ediciones-1975-1979\/tribuna-roja-no-29-primera-quincena-de-octubre-de-1977\/"},"img":{"alt_text":"","src":"","width":0,"height":0},"classes":[]},{"id":158,"url":"https:\/\/moir.com.co\/web\/resultados-iniciales-del-moir-en-las-elecciones-del-29-de-octubre-para-corporaciones-publicas-y-autoridades-departamentales-y-l\/","url_meta":{"origin":480,"position":3},"title":"RESULTADOS INICIALES DEL MOIR EN LAS ELECCIONES DEL 29 DE OCTUBRE PARA CORPORACIONES P\u00daBLICAS Y AUTORIDADES DEPARTAMENTALES Y L","author":"admin","date":"agosto 6, 2004","format":false,"excerpt":"El pasado 29 de octubre se realizaron las elecciones para gobernadores, alcaldes, asambleas, concejos y Juntas Administradoras Locales. El MOIR particip\u00f3 en ellas con candidatos propios o a trav\u00e9s de alianzas logrando un avance significativo. En el debate se denunci\u00f3 a lo largo y ancho del pa\u00eds, la recolonizaci\u00f3n de\u2026","rel":"","context":"En \u00abTemas\u00bb","block_context":{"text":"Temas","link":"https:\/\/moir.com.co\/web\/category\/temas\/"},"img":{"alt_text":"","src":"","width":0,"height":0},"classes":[]},{"id":19574,"url":"https:\/\/moir.com.co\/web\/efrain-marin-sensible-fallecimiento\/","url_meta":{"origin":480,"position":4},"title":"EFRA\u00cdN MARIN: SENSIBLE FALLECIMIENTO","author":"admin","date":"agosto 4, 2004","format":false,"excerpt":"El 12 de julio, a los 89 a\u00f1os de edad, falleci\u00f3 en Barbosa, Santander, el camarada Efra\u00edn Mar\u00edn Mosquera, connotado dirigente de los trabajadores de carreteras nacionales y uno de los fundadores del MOIR. Hasta el momento de su muerte, Efra\u00edn Mar\u00edn se mantuvo fiel a nuestro Partido. Era uno\u2026","rel":"","context":"En \u00abTribuna Roja N\u00ba 96; Julio 23 de 2004\u00bb","block_context":{"text":"Tribuna Roja N\u00ba 96; Julio 23 de 2004","link":"https:\/\/moir.com.co\/web\/category\/tribuna-roja\/ediciones-2000-2004\/tribuna-roja-no-96-julio-23-de-2004\/"},"img":{"alt_text":"","src":"","width":0,"height":0},"classes":[]},{"id":6981,"url":"https:\/\/moir.com.co\/web\/el-polo-condena-el-asesinato-de-su-ex-candidata-al-concejo-municipal-y-presidente-de-asocomunal-segovia-marina-vasquez-exige-garantias-para-su-militancia-y-para-la-poblacion-azotada-por-la-criminali\/","url_meta":{"origin":480,"position":5},"title":"El POLO condena el asesinato de su ex candidata al Concejo municipal y Presidente de ASOCOMUNAL Segovia Marina V\u00e1squez,  exige garant\u00edas para su militancia y para la poblaci\u00f3n azotada por la criminalidad","author":"admin","date":"noviembre 4, 2012","format":false,"excerpt":"En la ma\u00f1ana de hoy fue asesinada en su residencia la compa\u00f1era Marina V\u00e1squez y fue herida de gravedad su hija. La compa\u00f1era fue candidata al Concejo Municipal de esa localidad del nordeste antioque\u00f1o en la pasada contienda electoral por el POLO DEMOCR\u00c1TICO ALTERNATIVO obteniendo la segunda votaci\u00f3n de la\u2026","rel":"","context":"En \u00abPolo Democr\u00e1tico Alternativo\u00bb","block_context":{"text":"Polo Democr\u00e1tico Alternativo","link":"https:\/\/moir.com.co\/web\/category\/polo-democratico-alternativo\/"},"img":{"alt_text":"","src":"","width":0,"height":0},"classes":[]}],"jetpack_sharing_enabled":true,"_links":{"self":[{"href":"https:\/\/moir.com.co\/web\/wp-json\/wp\/v2\/posts\/480","targetHints":{"allow":["GET"]}}],"collection":[{"href":"https:\/\/moir.com.co\/web\/wp-json\/wp\/v2\/posts"}],"about":[{"href":"https:\/\/moir.com.co\/web\/wp-json\/wp\/v2\/types\/post"}],"author":[{"embeddable":true,"href":"https:\/\/moir.com.co\/web\/wp-json\/wp\/v2\/users\/1"}],"replies":[{"embeddable":true,"href":"https:\/\/moir.com.co\/web\/wp-json\/wp\/v2\/comments?post=480"}],"version-history":[{"count":0,"href":"https:\/\/moir.com.co\/web\/wp-json\/wp\/v2\/posts\/480\/revisions"}],"wp:attachment":[{"href":"https:\/\/moir.com.co\/web\/wp-json\/wp\/v2\/media?parent=480"}],"wp:term":[{"taxonomy":"category","embeddable":true,"href":"https:\/\/moir.com.co\/web\/wp-json\/wp\/v2\/categories?post=480"},{"taxonomy":"post_tag","embeddable":true,"href":"https:\/\/moir.com.co\/web\/wp-json\/wp\/v2\/tags?post=480"}],"curies":[{"name":"wp","href":"https:\/\/api.w.org\/{rel}","templated":true}]}}