{"id":479,"date":"2004-08-09T07:00:00","date_gmt":"2004-08-09T07:00:00","guid":{"rendered":"https:\/\/moir.org.co\/web\/unidad-contra-la-lluvia-de-glifosato\/"},"modified":"2004-08-09T07:00:00","modified_gmt":"2004-08-09T07:00:00","slug":"unidad-contra-la-lluvia-de-glifosato","status":"publish","type":"post","link":"https:\/\/moir.com.co\/web\/unidad-contra-la-lluvia-de-glifosato\/","title":{"rendered":"UNIDAD CONTRA LA &#8220;LLUVIA DE GLIFOSATO&#8221;"},"content":{"rendered":"<p>Unidad Cafetera Nacional, Pereira, febrero 13 de 2003<\/p>\n<p>Dos d\u00edas antes de la venida al pa\u00eds del Secretario de Estado norteamericano, Collin Powell, en el marco de LXII Congreso Nacional Cafetero, el Presidente Alvaro Uribe V\u00e9lez anunci\u00f3 a los delegados a ese evento que las regiones de la zona cafetera donde se conociera de la presencia de cultivos de coca y amapola ser\u00edan fumigadas por v\u00eda a\u00e9rea con glifosato. Posteriormente, en visita a Washington, la canciller ratific\u00f3 \u201cese compromiso\u201d con el gobierno norteamericano.<\/p>\n<p>A comienzos de este a\u00f1o el se\u00f1or gobernador de Caldas se\u00f1al\u00f3 que en el oriente de ese departamento se iniciar\u00edan las fumigaciones y, en esta semana, el ministro del Interior, Fernando Londo\u00f1o Hoyos, en tono altisonante advirti\u00f3 que \u201cles llover\u00e1 glifosato\u201d. Unidad Cafetera se ha pronunciado con anticipaci\u00f3n sobre las graves consecuencias que esta acci\u00f3n oficial traer\u00e1 para la industria del caf\u00e9 en Colombia. Aparte de los da\u00f1os que tendr\u00e1 la aspersi\u00f3n a\u00e9rea de este producto t\u00f3xico sobre otros cultivos como los mismos cafetales, las personas, las aguas, el medio ambiente y la biodiversidad, podr\u00eda influir en la marca de calidad del grano verde colombiano en los mercados externos. La noticia de que la \u201czona cafetera de Colombia se est\u00e1 fumigando por v\u00eda a\u00e9rea con glifosato\u201d colocar\u00eda en riesgo la prima de calidad de nuestro caf\u00e9 y con ello dar\u00eda al traste con la cotizaci\u00f3n y de paso con centenares de proyectos de caf\u00e9 especial que muchos caficultores est\u00e1n adelantando. No ser\u00e1 f\u00e1cil explicar en el exterior la diferenciaci\u00f3n entre los territorios afectados y los que no lo est\u00e1n.<\/p>\n<p>Adem\u00e1s de que ese m\u00e9todo ha demostrado su ineficacia, se sabe que la dosis de 10 litros de glifosato por hect\u00e1rea, la que se piensa aplicar, es altamente nociva y , acorde con la expresi\u00f3n de Londo\u00f1o Hoyos, no se considerar\u00e1 la resoluci\u00f3n 1065 de 2001 del Ministerio del Medio Ambiente que establece, entre otros, la prohibici\u00f3n de fumigar en zonas ambientalmente estrat\u00e9gicas. Del mismo modo no se adoptan planes para favorecer a las comunidades involucradas lo cual resultar\u00eda a todas luces m\u00e1s econ\u00f3mico, si se tiene en cuenta que fumigar por v\u00eda a\u00e9rea con glifosato una hect\u00e1rea de coca vale 467 d\u00f3lares, mucho m\u00e1s que en cualquier proyecto alternativo, los cuales en buena proporci\u00f3n se financian con endeudamiento p\u00fablico. Estas consideraciones coinciden con las que la Defensor\u00eda del Pueblo glos\u00f3 a las acciones contra los cultivos il\u00edcitos en el Putumayo.<\/p>\n<p>Por consiguiente, UNIDAD CAFETERA reclama no adelantar las actividades de fumigaci\u00f3n a\u00e9rea con glifosato sobre los cafetales colombianos y, por consiguiente, convoca a alcaldes, Asambleas Departamentales, Concejos Municipales, Comit\u00e9s Departamentales y Municipales de Cafeteros, Organizaciones No Gubernamentales, Grupos Ambientales, a los cultivadores de caf\u00e9 y a la sociedad en general a pronunciarse contra esa perjudicial acci\u00f3n oficial que obedece a claros designios for\u00e1neos y que se convierte en factor adicional de perturbaci\u00f3n en el Eje Cafetero y en las dem\u00e1s regiones caficultoras.<\/p>\n<p>AURELIO SU\u00c1REZ MONTOYA<br \/>\nPresidente Nacional<\/p>\n","protected":false},"excerpt":{"rendered":"<p>Unidad Cafetera Nacional, Pereira, febrero 13 de 2003 Dos d\u00edas antes de la venida al pa\u00eds del Secretario de Estado norteamericano, Collin Powell, en el marco de LXII Congreso Nacional Cafetero, el Presidente Alvaro Uribe V\u00e9lez anunci\u00f3 a los delegados a ese evento que las regiones de la zona cafetera donde se conociera de la [&hellip;]<\/p>\n","protected":false},"author":1,"featured_media":0,"comment_status":"open","ping_status":"open","sticky":false,"template":"","format":"standard","meta":{"advanced_seo_description":"","jetpack_seo_html_title":"","jetpack_seo_noindex":false,"_jetpack_memberships_contains_paid_content":false,"footnotes":""},"categories":[7],"tags":[],"class_list":["post-479","post","type-post","status-publish","format-standard","hentry","category-pronunciamientos-de-organizaciones-sociales"],"jetpack_featured_media_url":"","jetpack-related-posts":[{"id":666,"url":"https:\/\/moir.com.co\/web\/unidad-cafetera-se-une-al-rechazo-de-la-fumigacion-con-glifosato-a-la-sierra-nevada-de-santa-marta\/","url_meta":{"origin":479,"position":0},"title":"UNIDAD CAFETERA SE UNE AL RECHAZO  DE LA FUMIGACI\u00d3N CON GLIFOSATO A LA SIERRA NEVADA DE SANTA MARTA","author":"admin","date":"agosto 11, 2004","format":false,"excerpt":"El Gobierno Nacional ha venido anunciando que en los primeros d\u00edas del mes de julio proceder\u00e1 a realizar fumigaciones a\u00e9reas con glifosato sobre la Sierra Nevada de Santa Marta, lo cual ha ocasionado protestas justas de los habitantes rurales de esa regi\u00f3n que por esa decisi\u00f3n sufrir\u00edan graves consecuencias. Cuando\u2026","rel":"","context":"En \u00abPronunciamientos de Organizaciones Sociales\u00bb","block_context":{"text":"Pronunciamientos de Organizaciones Sociales","link":"https:\/\/moir.com.co\/web\/category\/pronunciamientos-de-organizaciones-sociales\/"},"img":{"alt_text":"","src":"","width":0,"height":0},"classes":[]},{"id":19785,"url":"https:\/\/moir.com.co\/web\/declaracion-enfatico-rechazo-a-la-decision-barbara-de-fumigar-las-zonas-cafeteras\/","url_meta":{"origin":479,"position":1},"title":"Declaraci\u00f3n: ENF\u00c1TICO RECHAZO A LA DECISI\u00d3N B\u00c1RBARA DE FUMIGAR LAS ZONAS CAFETERAS","author":"admin","date":"agosto 10, 2004","format":false,"excerpt":"Jorge Enrique Robledo Castillo, Senador de la Rep\u00fablica, Manizales, 11 de Febrero de 2003. El ministro del Interior y de Justicia, Fernando Londo\u00f1o Hoyos, confirmando lo definido por el Presidente \u00c1lvaro Uribe V\u00e9lez, ratific\u00f3 ayer en Manizales que \u201cles llover\u00e1 glifosato\u201d a los cultivos il\u00edcitos existentes en las zonas cafeteras,\u2026","rel":"","context":"En \u00abTribuna Roja N\u00ba 90, marzo 10 de 2003\u00bb","block_context":{"text":"Tribuna Roja N\u00ba 90, marzo 10 de 2003","link":"https:\/\/moir.com.co\/web\/category\/tribuna-roja\/ediciones-2000-2004\/tribuna-roja-no-90-marzo-10-de-2003\/"},"img":{"alt_text":"","src":"","width":0,"height":0},"classes":[]},{"id":312,"url":"https:\/\/moir.com.co\/web\/lluvia-de-glifosato-o-cambio-de-modelo\/","url_meta":{"origin":479,"position":2},"title":"\u00bf&#8221;LLUVIA&#8221; DE GLIFOSATO O CAMBIO DE MODELO?","author":"admin","date":"agosto 7, 2004","format":false,"excerpt":"El 20 y el 21 de mayo pr\u00f3ximos se adelantar\u00e1 en Manizales, en la Universidad de Caldas, un seminario sobre las fumigaciones por v\u00eda a\u00e9rea con glifosato en la zona cafetera el cual incluir\u00e1 una Audiencia Defensorial. Las fuerzas vivas expresar\u00e1n all\u00ed sus opiniones al respecto; Unidad Cafetera reiterar\u00e1 su\u2026","rel":"","context":"En \u00abTemas\u00bb","block_context":{"text":"Temas","link":"https:\/\/moir.com.co\/web\/category\/temas\/"},"img":{"alt_text":"","src":"","width":0,"height":0},"classes":[]},{"id":309,"url":"https:\/\/moir.com.co\/web\/mas-y-mas-razones-contra-la-lluvia-de-glifosato\/","url_meta":{"origin":479,"position":3},"title":"M\u00c1S Y M\u00c1S RAZONES CONTRA LA &#8220;LLUVIA DE GLIFOSATO&#8221;","author":"admin","date":"agosto 7, 2004","format":false,"excerpt":"Aurelio Su\u00e1rez Montoya, mayo 19 de 2003 Pese a los pronunciamientos reiterados de las comunidades del norte del Tolima y del oriente de Caldas contra la iniciativa oficial de hacer \u201cllover glifosato\u201d en la zona cafetera del pa\u00eds, tanto \u00c1lvaro Uribe V\u00e9lez como su ministro del Interior, Fernando Londo\u00f1o Hoyos,\u2026","rel":"","context":"En \u00abTemas\u00bb","block_context":{"text":"Temas","link":"https:\/\/moir.com.co\/web\/category\/temas\/"},"img":{"alt_text":"","src":"","width":0,"height":0},"classes":[]},{"id":366,"url":"https:\/\/moir.com.co\/web\/atentado-contra-los-parques-naturales\/","url_meta":{"origin":479,"position":4},"title":"ATENTADO CONTRA LOS PARQUES NATURALES","author":"admin","date":"agosto 8, 2004","format":false,"excerpt":"El Congreso de los EE.UU. en el pasado mes de diciembre autoriz\u00f3 emplear recursos econ\u00f3micos del presupuesto norteamericano para fumigar con Glifosato, Cosmoflux y Poea, los parques naturales de los colombianos. De manera inmediata el gobierno de \u00c1lvaro Uribe ha aceptado la fumigaci\u00f3n con t\u00f3xicos en los santuarios de flora\u2026","rel":"","context":"En \u00abTemas\u00bb","block_context":{"text":"Temas","link":"https:\/\/moir.com.co\/web\/category\/temas\/"},"img":{"alt_text":"","src":"","width":0,"height":0},"classes":[]},{"id":503,"url":"https:\/\/moir.com.co\/web\/resoluciones-aprobadas-en-la-vii-junta-nacional-de-la-asociacion-nacional-por-la-salvacion-agropecuaria\/","url_meta":{"origin":479,"position":5},"title":"RESOLUCIONES APROBADAS EN LA VII JUNTA NACIONAL DE LA ASOCIACI\u00d3N NACIONAL POR LA SALVACI\u00d3N AGROPECUARIA","author":"admin","date":"agosto 9, 2004","format":false,"excerpt":"Salvaci\u00f3n Agropecuaria, Ibagu\u00e9, marzo 27 de 2003 No al ALCA Contra las fumigaciones de glifosato en las zonas cafeteras Sobre la situaci\u00f3n cafetera Sobre el referendo Sobre el proyecto de eliminaci\u00f3n del IVA a la panela Sobre la condonaci\u00f3n de deudas Declaraci\u00f3n p\u00fablica sobre el Plan Nacional de Desarrollo --------------------------------------------------------------------------------\u2026","rel":"","context":"En \u00abPronunciamientos de Organizaciones Sociales\u00bb","block_context":{"text":"Pronunciamientos de Organizaciones Sociales","link":"https:\/\/moir.com.co\/web\/category\/pronunciamientos-de-organizaciones-sociales\/"},"img":{"alt_text":"","src":"","width":0,"height":0},"classes":[]}],"jetpack_sharing_enabled":true,"_links":{"self":[{"href":"https:\/\/moir.com.co\/web\/wp-json\/wp\/v2\/posts\/479","targetHints":{"allow":["GET"]}}],"collection":[{"href":"https:\/\/moir.com.co\/web\/wp-json\/wp\/v2\/posts"}],"about":[{"href":"https:\/\/moir.com.co\/web\/wp-json\/wp\/v2\/types\/post"}],"author":[{"embeddable":true,"href":"https:\/\/moir.com.co\/web\/wp-json\/wp\/v2\/users\/1"}],"replies":[{"embeddable":true,"href":"https:\/\/moir.com.co\/web\/wp-json\/wp\/v2\/comments?post=479"}],"version-history":[{"count":0,"href":"https:\/\/moir.com.co\/web\/wp-json\/wp\/v2\/posts\/479\/revisions"}],"wp:attachment":[{"href":"https:\/\/moir.com.co\/web\/wp-json\/wp\/v2\/media?parent=479"}],"wp:term":[{"taxonomy":"category","embeddable":true,"href":"https:\/\/moir.com.co\/web\/wp-json\/wp\/v2\/categories?post=479"},{"taxonomy":"post_tag","embeddable":true,"href":"https:\/\/moir.com.co\/web\/wp-json\/wp\/v2\/tags?post=479"}],"curies":[{"name":"wp","href":"https:\/\/api.w.org\/{rel}","templated":true}]}}