{"id":477,"date":"2004-08-09T07:00:00","date_gmt":"2004-08-09T07:00:00","guid":{"rendered":"https:\/\/moir.org.co\/web\/arranco-campana-de-abstencion-activa-al-referendo-en-el-magdalena-medio\/"},"modified":"2004-08-09T07:00:00","modified_gmt":"2004-08-09T07:00:00","slug":"arranco-campana-de-abstencion-activa-al-referendo-en-el-magdalena-medio","status":"publish","type":"post","link":"https:\/\/moir.com.co\/web\/arranco-campana-de-abstencion-activa-al-referendo-en-el-magdalena-medio\/","title":{"rendered":"ARRANC\u00d3 CAMPA\u00d1A DE ABSTENCI\u00d3N ACTIVA AL REFERENDO EN EL MAGDALENA MEDIO"},"content":{"rendered":"<p>El sal\u00f3n de actos del Hotel El Mes\u00f3n de La Dorada fue colmado completamente por m\u00e1s de un centenar de dirigentes pol\u00edticos, sindicales, gremiales, c\u00edvicos, comunitarios y personalidades democr\u00e1ticas y progresistas el pasado viernes 7 de febrero en horas de la noche para dar inicio a la campa\u00f1a activa contra el referendo en la regi\u00f3n del Magdalena Medio. La mesa directiva estuvo integrada por: Eduardo Mu\u00f1et\u00f3n,  presidente de la Asociaci\u00f3n de Usuarios y Pensionados del Seguro Social en Caldas; \u00c1lvaro Bedoya Salazar, dirigente regional de la Central Unitaria de Trabajadores; Vicente Castellanos, concejal de La Dorada por el Movimiento Comunitario; Manuel Guillermo Gonz\u00e1lez e Isnardo Lozano, dirigentes de la Subdirectiva Nacional de la USO de Oleoductos de Ecopetrol con sede en Puerto Salgar, Cundinamarca; Alonso Osorio, concejal de Fresno, Tolima, por la Unidad C\u00edvica Agraria y el MOIR; Humberto Gonz\u00e1lez, presidente de la Uni\u00f3n Sindical de Trabajadores de las Telecomunicaciones (USTC), subdirectiva La Dorada y Norman Alarc\u00f3n Rodas, presidente de la Liga de Asociaciones de Padres de Familia de La Dorada. <\/p>\n<p>\u00c1lvaro Bedoya hizo la presentaci\u00f3n oficial del evento, el cual era uno de los numerosos actos que se realizaban simult\u00e1neamente en las capitales de todos los departamentos  y en la capital del pa\u00eds, donde alrededor de cinco mil personas asistieron al Centro de Convenciones Gonzalo Jim\u00e9nez de Quesada.  <\/p>\n<p>Eduardo Mu\u00f1et\u00f3n Bustamante, Secretario Regional del MOIR en el Magdalena Medio hizo una intervenci\u00f3n de fondo acerca de los nefastos efectos del referendo, analizando el contexto nacional e internacional en el que el gobierno de \u00c1lvaro Uribe V\u00e9lez pretende mantener a rajatabla el modelo neoliberal, as\u00ed lleve a nuestro pa\u00eds a la peor emboscada que se tenga noticia en la historia nacional. Demostr\u00f3 como el referendo hace parte de las imposiciones del Fondo Monetario Internacional que contiene la carta de intenci\u00f3n firmada por el gobierno nacional en el mes de diciembre pasado y con el cual pretende congelar y rebajar los salarios de m\u00e1s de 500 mil trabajadores del Estado, arrasar los reg\u00edmenes pensionales y congelar las mesadas de jubilaci\u00f3n, eliminar las personer\u00edas y contralor\u00edas departamentales y municipales lanzando a la calle a miles de trabajadores y entregando el control fiscal y administrativo a las compa\u00f1\u00edas de auditor\u00eda extranjeras; empeque\u00f1ecer el congreso para hacerlo m\u00e1s d\u00f3cil y manejable por el ejecutivo y no permitir que los partidos y movimientos de oposici\u00f3n al r\u00e9gimen sean elegidos al parlamento exigiendo m\u00e1s de 200.000 para alcanzar una curul. Llam\u00f3 a que por razones tan poderosas los trabajadores, empresarios y poblaci\u00f3n en general adelanten una campa\u00f1a vigorosa de abstenci\u00f3n activa para dar al traste con este esperpento antidemocr\u00e1tico. <\/p>\n<p>El concejal de La Dorada por el Movimiento Comunal, Vicente Castellanos, present\u00f3 una sustentada ponencia en la cual analiz\u00f3 cada uno de los puntos del referendo, sacando como conclusi\u00f3n que la orientaci\u00f3n m\u00e1s correcta era derrotarlo con una abstenci\u00f3n consciente de todos los ciudadanos. El dirigente petrolero Manuel Guillermo Gonz\u00e1lez culmin\u00f3 las intervenciones con una vibrante oratoria en la cual comprometi\u00f3 los esfuerzos de la Uni\u00f3n Sindical Obrera para sacar adelante esta patri\u00f3tica tarea de esclarecer ante los m\u00e1s amplios sectores las lesivas consecuencias del referendo para que sea derrotado en todo el territorio nacional. A continuaci\u00f3n, \u00c1lvaro Bedoya dio a conocer la conformaci\u00f3n del Comit\u00e9 Regional por la Abstenci\u00f3n Activa en el Magdalena Medio, en el que tienen presencia todas las organizaciones participantes. Finalmente Norman Alarc\u00f3n Rodas ley\u00f3 la proclama nacional contra el referendo, la cual fue acogida entusiastamente por la nutrida asistencia.  <\/p>\n<p>Norman Alarc\u00f3n Rodas, Redactor del evento<br \/>\nLa Dorada, 9 de febrero de 2003 <\/p>\n","protected":false},"excerpt":{"rendered":"<p>El sal\u00f3n de actos del Hotel El Mes\u00f3n de La Dorada fue colmado completamente por m\u00e1s de un centenar de dirigentes pol\u00edticos, sindicales, gremiales, c\u00edvicos, comunitarios y personalidades democr\u00e1ticas y progresistas el pasado viernes 7 de febrero en horas de la noche para dar inicio a la campa\u00f1a activa contra el referendo en la regi\u00f3n [&hellip;]<\/p>\n","protected":false},"author":1,"featured_media":0,"comment_status":"open","ping_status":"open","sticky":false,"template":"","format":"standard","meta":{"advanced_seo_description":"","jetpack_seo_html_title":"","jetpack_seo_noindex":false,"_jetpack_memberships_contains_paid_content":false,"footnotes":""},"categories":[7],"tags":[],"class_list":["post-477","post","type-post","status-publish","format-standard","hentry","category-pronunciamientos-de-organizaciones-sociales"],"jetpack_featured_media_url":"","jetpack-related-posts":[{"id":472,"url":"https:\/\/moir.com.co\/web\/viernes-7-de-febrero-lanzamiento-de-campana-contra-el-referendo-en-el-magdalena-medio\/","url_meta":{"origin":477,"position":0},"title":"VIERNES 7 DE FEBRERO: LANZAMIENTO DE CAMPA\u00d1A CONTRA EL REFERENDO EN EL MAGDALENA MEDIO","author":"admin","date":"agosto 9, 2004","format":false,"excerpt":"Organizaciones sindicales, gremiales, asociaciones de padres de familia, partidos pol\u00edticos, concejales, diputados, movimientos sociales, personalidades democr\u00e1ticas y progresistas y gentes del com\u00fan de La Dorada y oriente de Caldas; Puerto Salgar, Cundinamarca; Puerto Boyac\u00e1, Boyac\u00e1 y Norte del Tolima har\u00e1n el lanzamiento oficial de la campa\u00f1a contra el referendo en\u2026","rel":"","context":"En \u00abPronunciamientos de Organizaciones Sociales\u00bb","block_context":{"text":"Pronunciamientos de Organizaciones Sociales","link":"https:\/\/moir.com.co\/web\/category\/pronunciamientos-de-organizaciones-sociales\/"},"img":{"alt_text":"","src":"","width":0,"height":0},"classes":[]},{"id":572,"url":"https:\/\/moir.com.co\/web\/moir-fsp-ptc-y-movimiento-comunal-y-comunitario-pactaron-alianzas-en-el-huila-en-torno-a-listas-para-asamblea-y-alcaldia\/","url_meta":{"origin":477,"position":1},"title":"MOIR, FSP, PTC Y MOVIMIENTO COMUNAL Y COMUNITARIO PACTARON ALIANZAS EN EL HUILA EN TORNO A LISTAS PARA ASAMBLEA Y ALCALD\u00cdA","author":"admin","date":"agosto 11, 2004","format":false,"excerpt":"El senador por la Unidad C\u00edvica y Agraria Moir- Jorge Enrique Robledo, vaticin\u00f3 que el Referendo del presidente Uribe ser\u00e1 derrotado, al celebrar la decisi\u00f3n del Partido Liberal de sumarse a la abstenci\u00f3n activa. El dirigente de la izquierda, quien particip\u00f3 ayer en esta ciudad en importantes conferencias sobre el\u2026","rel":"","context":"En \u00abPronunciamientos de Organizaciones Sociales\u00bb","block_context":{"text":"Pronunciamientos de Organizaciones Sociales","link":"https:\/\/moir.com.co\/web\/category\/pronunciamientos-de-organizaciones-sociales\/"},"img":{"alt_text":"","src":"","width":0,"height":0},"classes":[]},{"id":589,"url":"https:\/\/moir.com.co\/web\/viernes-10-de-octubre-concentracion-por-la-abstencion-activa-contra-el-referendo-uribista-en-el-liceo-celedon-a-las-8-y-30-d\/","url_meta":{"origin":477,"position":2},"title":"VIERNES 10 DE OCTUBRE: CONCENTRACI\u00d3N POR LA ABSTENCI\u00d3N ACTIVA CONTRA EL REFERENDO URIBISTA EN EL LICEO CELED\u00d3N A LAS 8 Y 30 D","author":"admin","date":"agosto 11, 2004","format":false,"excerpt":"Comit\u00e9 Regional por la Abstenci\u00f3n Activo del Referendo, Santa Marta, octubre 6 de 2003 El Comit\u00e9 por la Abstenci\u00f3n Activa del Referendo en el departamento del Magdalena convoca a todas las fuerzas sociales, gremiales, laborales, productivas, pensionados, padres de familia, estudiantes, amas de casa, empleados a una gran concentraci\u00f3n en\u2026","rel":"","context":"En \u00abPronunciamientos de Organizaciones Sociales\u00bb","block_context":{"text":"Pronunciamientos de Organizaciones Sociales","link":"https:\/\/moir.com.co\/web\/category\/pronunciamientos-de-organizaciones-sociales\/"},"img":{"alt_text":"","src":"","width":0,"height":0},"classes":[]},{"id":20581,"url":"https:\/\/moir.com.co\/web\/empieza-la-campana\/","url_meta":{"origin":477,"position":3},"title":"EMPIEZA LA CAMPA\u00d1A","author":"admin","date":"enero 27, 2005","format":false,"excerpt":"Con una serie de masivos actos p\u00fablicos en los principales municipios de la regi\u00f3n del Magdalena Medio, el Frente por la Unidad del Pueblo dio comienzo a la contienda electoral, la que se llevar\u00e1 a todos los rincones de la patria y agitar\u00e1 el programa revolucionario con el que se\u2026","rel":"","context":"En \u00abTribuna Roja N\u00b0 39, Bogot\u00e1; agosto de 1981\u00bb","block_context":{"text":"Tribuna Roja N\u00b0 39, Bogot\u00e1; agosto de 1981","link":"https:\/\/moir.com.co\/web\/category\/tribuna-roja\/ediciones-1980-1984\/tribuna-roja-n-39-bogota-agosto-de-1981\/"},"img":{"alt_text":"","src":"","width":0,"height":0},"classes":[]},{"id":549,"url":"https:\/\/moir.com.co\/web\/sectores-sociales-y-politicos-ratifican-campana-de-abstencion-activa-contra-el-referendo-respaldan-la-realizacion-del-paro\/","url_meta":{"origin":477,"position":4},"title":"SECTORES SOCIALES Y POL\u00cdTICOS RATIFICAN CAMPA\u00d1A DE ABSTENCI\u00d3N ACTIVA CONTRA EL REFERENDO, RESPALDAN LA REALIZACI\u00d3N DEL PARO","author":"admin","date":"agosto 10, 2004","format":false,"excerpt":"Bogot\u00e1, D.C., Agosto 1 de 2003 Amplios sectores de colombianos, organizados en partidos pol\u00edticos y movimientos sociales, preocupados por el agravamiento de la situaci\u00f3n nacional, hemos convenido desplegar un proceso de acci\u00f3n pol\u00edtica conjunta, en torno a la campa\u00f1a nacional de ABSTENCI\u00d3N ACTIVA contra el referendo del gobierno de \u00c1lvaro\u2026","rel":"","context":"En \u00abPronunciamientos de Organizaciones Sociales\u00bb","block_context":{"text":"Pronunciamientos de Organizaciones Sociales","link":"https:\/\/moir.com.co\/web\/category\/pronunciamientos-de-organizaciones-sociales\/"},"img":{"alt_text":"","src":"","width":0,"height":0},"classes":[]},{"id":19740,"url":"https:\/\/moir.com.co\/web\/sectores-sociales-y-politicos-ratifican-campana-de-abstencion-activa-contra-el-referendo-respaldan-realizacion-del-paro-civico\/","url_meta":{"origin":477,"position":5},"title":"SECTORES SOCIALES Y POL\u00edTICOS RATIFICAN CAMPA\u00d1A DE ABSTENCI\u00f3N ACTIVA CONTRA EL REFERENDO, RESPALDAN REALIZACI\u00d3N DEL PARO C\u00cdVICO","author":"admin","date":"agosto 9, 2004","format":false,"excerpt":"Agosto 1 de 2003 Amplios sectores de colombianos, organizados en partidos pol\u00edticos y movimientos sociales, preocupados por el agravamiento de la situaci\u00f3n nacional, hemos convenido desplegar un proceso de acci\u00f3n pol\u00edtica conjunta, en torno a la campa\u00f1a nacional de ABSTENCI\u00d3N ACTIVA contra el referendo del gobierno de \u00c1lvaro Uribe V\u00e9lez;\u2026","rel":"","context":"En \u00abTribuna Roja N\u00ba 92, agosto 6 de 2003\u00bb","block_context":{"text":"Tribuna Roja N\u00ba 92, agosto 6 de 2003","link":"https:\/\/moir.com.co\/web\/category\/tribuna-roja\/ediciones-2000-2004\/tribuna-roja-no-92-agosto-6-de-2003\/"},"img":{"alt_text":"","src":"","width":0,"height":0},"classes":[]}],"jetpack_sharing_enabled":true,"_links":{"self":[{"href":"https:\/\/moir.com.co\/web\/wp-json\/wp\/v2\/posts\/477","targetHints":{"allow":["GET"]}}],"collection":[{"href":"https:\/\/moir.com.co\/web\/wp-json\/wp\/v2\/posts"}],"about":[{"href":"https:\/\/moir.com.co\/web\/wp-json\/wp\/v2\/types\/post"}],"author":[{"embeddable":true,"href":"https:\/\/moir.com.co\/web\/wp-json\/wp\/v2\/users\/1"}],"replies":[{"embeddable":true,"href":"https:\/\/moir.com.co\/web\/wp-json\/wp\/v2\/comments?post=477"}],"version-history":[{"count":0,"href":"https:\/\/moir.com.co\/web\/wp-json\/wp\/v2\/posts\/477\/revisions"}],"wp:attachment":[{"href":"https:\/\/moir.com.co\/web\/wp-json\/wp\/v2\/media?parent=477"}],"wp:term":[{"taxonomy":"category","embeddable":true,"href":"https:\/\/moir.com.co\/web\/wp-json\/wp\/v2\/categories?post=477"},{"taxonomy":"post_tag","embeddable":true,"href":"https:\/\/moir.com.co\/web\/wp-json\/wp\/v2\/tags?post=477"}],"curies":[{"name":"wp","href":"https:\/\/api.w.org\/{rel}","templated":true}]}}