{"id":476,"date":"2004-08-09T07:00:00","date_gmt":"2004-08-09T07:00:00","guid":{"rendered":"https:\/\/moir.org.co\/web\/proclama-de-abstencion-activa-contra-el-referendo\/"},"modified":"2004-08-09T07:00:00","modified_gmt":"2004-08-09T07:00:00","slug":"proclama-de-abstencion-activa-contra-el-referendo","status":"publish","type":"post","link":"https:\/\/moir.com.co\/web\/proclama-de-abstencion-activa-contra-el-referendo\/","title":{"rendered":"PROCLAMA DE ABSTENCI\u00d3N ACTIVA CONTRA EL REFERENDO"},"content":{"rendered":"<p>Gran Coalici\u00f3n Democr\u00e1tica contra el Referendo, Bogota, 7 de febrero de 2003<\/p>\n<p>Pocos momentos en la historia de Colombia han concitado tanto la unidad de todas y todos los compatriotas que desde distintas perspectivas, democr\u00e1ticas y pluralistas, se han enfrentado a las pol\u00edticas autoritarias y antipopulares de los gobiernos de turno.<\/p>\n<p>En consecuencia:<\/p>\n<p>Las centrales obreras (CUT, CGTD y CTC) y la Confederaci\u00f3n Nacional de Pensionados, los parlamentarios de oposici\u00f3n, liberales, conservadores, del Polo Democr\u00e1tico e independientes, partidos y movimientos pol\u00edticos democr\u00e1ticos y progresistas, organizaciones de diversos sectores del campo y de la ciudad, de campesinos, ind\u00edgenas, afro descendientes, de j\u00f3venes y de mujeres, comunales y de la cultura, de juristas y otras disciplinas profesionales, nos venimos agrupando en una Gran Coalici\u00f3n Democr\u00e1tica para, con la abstenci\u00f3n activa, hacerle frente al Referendo.<\/p>\n<p>Enmascarado en su mentirosa lucha contra la corrupci\u00f3n, el gobierno busca con el Referendo legitimar el mayor atropello contra el pueblo y la naci\u00f3n con medidas que hacen parte del Ajuste Fiscal impuesto por el Fondo Monetario Internacional, como la congelaci\u00f3n del gasto, que incluye la de salarios, pensiones y reg\u00edmenes especiales, la eliminaci\u00f3n de contralor\u00edas y personer\u00edas, y la entrega al capital trasnacional y financiero de nuestros recursos naturales, nuestro mercado interno y nuestra fuerza de trabajo, como proyecta hacerlo a plenitud el ALCA, todo con el prop\u00f3sito de satisfacer las exigencias de la asfixiante deuda externa.<\/p>\n<p>La recesi\u00f3n econ\u00f3mica, el desempleo, la miseria, el hambre, la pobreza y la desesperaci\u00f3n se incrementar\u00e1n dr\u00e1stica y permanentemente a lo cual contribuir\u00e1n las ya aprobadas reforma laboral, pensional, tributaria y del Estado, la sobretasa a la gasolina y el IVA aplicado a la canasta familiar.<\/p>\n<p>Decisiones pol\u00edticas como la reducci\u00f3n en el n\u00famero de parlamentarios, el umbral exigido para acceder al Congreso, la cifra repartidora para asignar las curules y los topes para el reconocimiento de personer\u00edas a los partidos, recortar\u00e1n a\u00fan m\u00e1s la ya restringida democracia colombiana y le dar\u00e1n vuelo a las acciones represivas y dictatoriales del gobierno, convertidas en pol\u00edticas de Estado con la llamada \u201cseguridad democr\u00e1tica\u201d, que implica, adem\u00e1s, el mayor intervencionismo militar extranjero.<\/p>\n<p>Todo el aparato estatal, con sus recursos econ\u00f3micos y sus mecanismos de presi\u00f3n, as\u00ed como el desaforado poder de los grandes medios de comunicaci\u00f3n controlados o fletados por el gobierno y el clientelismo oficial, que quiere convertir a gobernadores, alcaldes, concejales, diputados y ediles en sus jefes de campa\u00f1a, se pondr\u00e1n al servicio de la pol\u00edtica imperial y del gran capital financiero, haciendo hasta lo imposible para enga\u00f1ar una vez m\u00e1s a millones de compatriotas y convertir el referendo en un plebiscito de respaldo al presidente Uribe y su rampante neoliberalismo.<\/p>\n<p>Por ello, debemos ejercer nuestro leg\u00edtimo derecho a la abstenci\u00f3n, que hoy se abre paso en el pa\u00eds a trav\u00e9s de un debate p\u00fablico sin precedentes. Llegaremos a todos los barrios y veredas, a todas las f\u00e1bricas y a todos los cultivos y parcelas; iremos hasta el \u00faltimo rinc\u00f3n de nuestra patria a denunciar el referendo como otra pretensi\u00f3n de sumirnos a\u00fan m\u00e1s en la ignominia y en la esclavitud que trae consigo la pol\u00edtica que dicta Washington y obedece el gobierno.<\/p>\n<p>Reclamamos del Consejo Nacional Electoral, de la Registradur\u00eda y del gobierno las garant\u00edas plenas para propagar el llamado a la abstenci\u00f3n, pero en caso de negarlas, de todas maneras cumpliremos con entusiasmo y esfuerzo nuestro deber de derrotar sus prop\u00f3sitos.<\/p>\n<p>Que en las calles y en las plazas, en los caminos y en las carreteras retumbe nuestro grito:<\/p>\n<p>\u00a1Contra el antidemocr\u00e1tico y antinacional Referendo: \u00a1Abstenci\u00f3n activa!<br \/>\n\u00a1Abajo el Referendo!<br \/>\n\u00a1Viva la abstenci\u00f3n activa!<br \/>\n\u00a1Viva la Gran Coalici\u00f3n Democr\u00e1tica contra el Referendo!<\/p>\n","protected":false},"excerpt":{"rendered":"<p>Gran Coalici\u00f3n Democr\u00e1tica contra el Referendo, Bogota, 7 de febrero de 2003 Pocos momentos en la historia de Colombia han concitado tanto la unidad de todas y todos los compatriotas que desde distintas perspectivas, democr\u00e1ticas y pluralistas, se han enfrentado a las pol\u00edticas autoritarias y antipopulares de los gobiernos de turno. En consecuencia: Las centrales [&hellip;]<\/p>\n","protected":false},"author":1,"featured_media":0,"comment_status":"open","ping_status":"open","sticky":false,"template":"","format":"standard","meta":{"advanced_seo_description":"","jetpack_seo_html_title":"","jetpack_seo_noindex":false,"_jetpack_memberships_contains_paid_content":false,"footnotes":""},"categories":[7],"tags":[],"class_list":["post-476","post","type-post","status-publish","format-standard","hentry","category-pronunciamientos-de-organizaciones-sociales"],"jetpack_featured_media_url":"","jetpack-related-posts":[{"id":19781,"url":"https:\/\/moir.com.co\/web\/proclama-de-abstencion-activa-contra-el-referendo-2\/","url_meta":{"origin":476,"position":0},"title":"PROCLAMA DE ABSTENCI\u00d3N ACTIVA CONTRA EL REFERENDO","author":"admin","date":"agosto 10, 2004","format":false,"excerpt":"Pocos momentos en la historia de Colombia han concitado tanto la unidad de todas y todos los compatriotas que desde distintas perspectivas, democr\u00e1ticas y pluralistas, se han enfrentado a las pol\u00edticas autoritarias y antipopulares de los gobiernos de turno. En consecuencia: Las centrales obreras (CUT, CGTD y CTC) y la\u2026","rel":"","context":"En \u00abTribuna Roja N\u00ba 90, marzo 10 de 2003\u00bb","block_context":{"text":"Tribuna Roja N\u00ba 90, marzo 10 de 2003","link":"https:\/\/moir.com.co\/web\/category\/tribuna-roja\/ediciones-2000-2004\/tribuna-roja-no-90-marzo-10-de-2003\/"},"img":{"alt_text":"","src":"","width":0,"height":0},"classes":[]},{"id":492,"url":"https:\/\/moir.com.co\/web\/por-la-abstencion-activa-contra-el-referendo\/","url_meta":{"origin":476,"position":1},"title":"POR LA ABSTENCI\u00d3N ACTIVA CONTRA EL REFERENDO.","author":"admin","date":"agosto 9, 2004","format":false,"excerpt":"Los dirigentes, organizaciones y partidos pol\u00edticos de Manizales y Caldas, una vez analizada la grave situaci\u00f3n econ\u00f3mica y social que atraviesa nuestra patria y la propuesta del Gobierno del Presidente Uribe V\u00e9lez, aprobada por sus mayor\u00edas en el Congreso de la Rep\u00fablica, de realizar un Referendo, declaramos: El gobierno, a\u2026","rel":"","context":"En \u00abPronunciamientos de Organizaciones Sociales\u00bb","block_context":{"text":"Pronunciamientos de Organizaciones Sociales","link":"https:\/\/moir.com.co\/web\/category\/pronunciamientos-de-organizaciones-sociales\/"},"img":{"alt_text":"","src":"","width":0,"height":0},"classes":[]},{"id":2470,"url":"https:\/\/moir.com.co\/web\/apoyemos-con-la-firma-el-referendo-del-agua\/","url_meta":{"origin":476,"position":2},"title":"APOYEMOS CON LA FIRMA EL REFERENDO DEL AGUA","author":"admin","date":"agosto 14, 2008","format":false,"excerpt":"Declaraci\u00f3n Senador Jorge Enrique Robledo, Bogot\u00e1, agosto 14 de 2008 Numerosas y representativas organizaciones ambientales, a las que se han unido con entusiasmo la CUT, la ONIC, la Uni\u00f3n Nacional de los Servicios P\u00fablicos y el Polo Democr\u00e1tico Alternativo, vienen impulsando un referendo bajo el lema \u201cEl agua: un derecho\u2026","rel":"","context":"En \u00abJorge Enrique Robledo\u00bb","block_context":{"text":"Jorge Enrique Robledo","link":"https:\/\/moir.com.co\/web\/category\/jorge-enrique-robledo\/"},"img":{"alt_text":"","src":"","width":0,"height":0},"classes":[]},{"id":3279,"url":"https:\/\/moir.com.co\/web\/sobre-el-referendo-del-agua-y-otros-asuntos\/","url_meta":{"origin":476,"position":3},"title":"Sobre el Referendo del Agua y otros asuntos","author":"admin","date":"julio 13, 2009","format":false,"excerpt":"Como es del conocimiento de muchos de nuestros lectores, el Referendo del Agua ha soportado, a trav\u00e9s de su paso por el Congreso de la Rep\u00fablica, una enconada lucha pol\u00edtica. Desde que fuera presentado el pasado 15 de octubre hasta el momento de escribir estas notas el referendo ha logrado\u2026","rel":"","context":"En \u00abOscar Guti\u00e9rrez Reyes\u00bb","block_context":{"text":"Oscar Guti\u00e9rrez Reyes","link":"https:\/\/moir.com.co\/web\/category\/bitacoras\/oscar-gutierrez-reyes\/"},"img":{"alt_text":"","src":"","width":0,"height":0},"classes":[]},{"id":3475,"url":"https:\/\/moir.com.co\/web\/declaracion-publica-ante-la-aprobacion-del-referendo-reeleccionista-por-parte-de-la-camara-de-representantes\/","url_meta":{"origin":476,"position":4},"title":"\u00b4DECLARACI\u00d3N P\u00daBLICA ANTE LA APROBACI\u00d3N DEL REFERENDO REELECCIONISTA POR PARTE DE LA C\u00c1MARA DE REPRESENTANTES","author":"admin","date":"septiembre 4, 2009","format":false,"excerpt":"Desde el turbio origen de los fondos multimillonarios para hacer posible la recolecci\u00f3n de las firmas que respaldan la solicitud del referendo, pasando por las m\u00faltiples irregularidades en su tr\u00e1mite en el Congreso de la Rep\u00fablica, por los cambios en la intenci\u00f3n de voto de varios parlamentarios, y culminando con\u2026","rel":"","context":"En \u00abPolo Democr\u00e1tico Alternativo\u00bb","block_context":{"text":"Polo Democr\u00e1tico Alternativo","link":"https:\/\/moir.com.co\/web\/category\/polo-democratico-alternativo\/"},"img":{"alt_text":"","src":"","width":0,"height":0},"classes":[]},{"id":475,"url":"https:\/\/moir.com.co\/web\/por-la-defensa-de-los-usuarios-abstencion-al-referendo\/","url_meta":{"origin":476,"position":5},"title":"POR LA DEFENSA DE  LOS USUARIOS: ABSTENCI\u00d3N AL REFERENDO","author":"admin","date":"agosto 9, 2004","format":false,"excerpt":"El referendo de Uribe V\u00e9lez en nada resuelve los problemas fundamentales de los usuarios de servicios p\u00fablicos, quienes se ven abocados al chantaje tarifario mensual. En el referendo no existen preguntas que conduzcan a liberar de los grav\u00e1menes al grueso de la poblaci\u00f3n. Ni advierte sobre el rechazo que genera\u2026","rel":"","context":"En \u00abPronunciamientos de Organizaciones Sociales\u00bb","block_context":{"text":"Pronunciamientos de Organizaciones Sociales","link":"https:\/\/moir.com.co\/web\/category\/pronunciamientos-de-organizaciones-sociales\/"},"img":{"alt_text":"","src":"","width":0,"height":0},"classes":[]}],"jetpack_sharing_enabled":true,"_links":{"self":[{"href":"https:\/\/moir.com.co\/web\/wp-json\/wp\/v2\/posts\/476","targetHints":{"allow":["GET"]}}],"collection":[{"href":"https:\/\/moir.com.co\/web\/wp-json\/wp\/v2\/posts"}],"about":[{"href":"https:\/\/moir.com.co\/web\/wp-json\/wp\/v2\/types\/post"}],"author":[{"embeddable":true,"href":"https:\/\/moir.com.co\/web\/wp-json\/wp\/v2\/users\/1"}],"replies":[{"embeddable":true,"href":"https:\/\/moir.com.co\/web\/wp-json\/wp\/v2\/comments?post=476"}],"version-history":[{"count":0,"href":"https:\/\/moir.com.co\/web\/wp-json\/wp\/v2\/posts\/476\/revisions"}],"wp:attachment":[{"href":"https:\/\/moir.com.co\/web\/wp-json\/wp\/v2\/media?parent=476"}],"wp:term":[{"taxonomy":"category","embeddable":true,"href":"https:\/\/moir.com.co\/web\/wp-json\/wp\/v2\/categories?post=476"},{"taxonomy":"post_tag","embeddable":true,"href":"https:\/\/moir.com.co\/web\/wp-json\/wp\/v2\/tags?post=476"}],"curies":[{"name":"wp","href":"https:\/\/api.w.org\/{rel}","templated":true}]}}