{"id":475,"date":"2004-08-09T07:00:00","date_gmt":"2004-08-09T07:00:00","guid":{"rendered":"https:\/\/moir.org.co\/web\/por-la-defensa-de-los-usuarios-abstencion-al-referendo\/"},"modified":"2004-08-09T07:00:00","modified_gmt":"2004-08-09T07:00:00","slug":"por-la-defensa-de-los-usuarios-abstencion-al-referendo","status":"publish","type":"post","link":"https:\/\/moir.com.co\/web\/por-la-defensa-de-los-usuarios-abstencion-al-referendo\/","title":{"rendered":"POR LA DEFENSA DE  LOS USUARIOS: ABSTENCI\u00d3N AL REFERENDO"},"content":{"rendered":"<p>El referendo de Uribe V\u00e9lez en nada resuelve los problemas fundamentales de los usuarios de servicios p\u00fablicos, quienes se ven abocados al chantaje tarifario mensual.  <\/p>\n<p>En el referendo no existen preguntas que conduzcan a liberar de los grav\u00e1menes al grueso de la poblaci\u00f3n.  Ni advierte sobre el rechazo que genera la entrega de las empresas del estado al capital for\u00e1neo, como tampoco sobre rebaja en las tarifas. Pero, de manera adversa y mal intencionada s\u00ed se somete a referendo el congelamiento del gasto y las finanzas p\u00fablicas, la reducci\u00f3n de salarios y hasta el dinero de las regal\u00edas.   <\/p>\n<p>El referendo no es otra cosa que nuevas reformas tributaria y del Estado que aspiran a eliminar la &#8220;irrisoria&#8221; democracia que a\u00fan se percibe y los aparatos de veedur\u00eda como son las Contralor\u00edas y las Personer\u00edas.    <\/p>\n<p>Es por lo anterior que la Liga de Usuarios invita a cerrar filas en un gran frente de resistencia contra el referendo, materializado con la &#8220;Abstenci\u00f3n activa&#8221; que no es otra cosa que convertirse en opositores de la pol\u00edtica de recolonizaci\u00f3n. <\/p>\n<p>La Liga de Usuarios invita el pr\u00f3ximo 7 de febrero a las 5 de la tarde en el Hotel Carretero a la Creaci\u00f3n de un gran Frente Democr\u00e1tico por la Abstenci\u00f3n al Referendo. <\/p>\n<p>Abstenerse de votar el referendo es buscar alternativas de resistencia frente a la privatizaci\u00f3n, la intervenci\u00f3n extranjera y la pauperizaci\u00f3n del pueblo colombiano.  <\/p>\n<p>SANDRA PATRICIA TORO MAR\u00cdN<br \/>\nPresidenta Liga de Usuarios de Servicios P\u00fablicos<br \/>\nManizales, Febrero 5 de 2003<\/p>\n","protected":false},"excerpt":{"rendered":"<p>El referendo de Uribe V\u00e9lez en nada resuelve los problemas fundamentales de los usuarios de servicios p\u00fablicos, quienes se ven abocados al chantaje tarifario mensual. En el referendo no existen preguntas que conduzcan a liberar de los grav\u00e1menes al grueso de la poblaci\u00f3n. Ni advierte sobre el rechazo que genera la entrega de las empresas [&hellip;]<\/p>\n","protected":false},"author":1,"featured_media":0,"comment_status":"open","ping_status":"open","sticky":false,"template":"","format":"standard","meta":{"advanced_seo_description":"","jetpack_seo_html_title":"","jetpack_seo_noindex":false,"_jetpack_memberships_contains_paid_content":false,"footnotes":""},"categories":[7],"tags":[],"class_list":["post-475","post","type-post","status-publish","format-standard","hentry","category-pronunciamientos-de-organizaciones-sociales"],"jetpack_featured_media_url":"","jetpack-related-posts":[{"id":2818,"url":"https:\/\/moir.com.co\/web\/por-el-derecho-al-agua-potable-el-18-de-marzo-movilicemonos\/","url_meta":{"origin":475,"position":0},"title":"Por el Derecho al Agua Potable, el 18 de Marzo \u00a1Movilic\u00e9monos!","author":"admin","date":"marzo 13, 2009","format":false,"excerpt":"El Comit\u00e9 Nacional en Defensa del Agua y la Vida, CNDAV, en su primera reuni\u00f3n de este a\u00f1o, realizada el 21 de enero pasado, despu\u00e9s de hacer un an\u00e1lisis del tr\u00e1mite del Referendo del Agua en la C\u00e1mara de Representantes, resolvi\u00f3 adelantar una serie de actividades y tareas que habr\u00e1n\u2026","rel":"","context":"Entrada similar","block_context":{"text":"Entrada similar","link":""},"img":{"alt_text":"","src":"","width":0,"height":0},"classes":[]},{"id":3506,"url":"https:\/\/moir.com.co\/web\/comunicado-a-la-opinion-publica-sobre-el-referendo-del-agua\/","url_meta":{"origin":475,"position":1},"title":"COMUNICADO A LA OPINION P\u00daBLICA SOBRE EL REFERENDO DEL AGUA","author":"admin","date":"septiembre 11, 2009","format":false,"excerpt":"El Comit\u00e9 Nacional en Defensa del Agua y de la Vida, promotor del referendo por el derecho humano al agua, ante las declaraciones del Ministro de Hacienda en el sentido de convocar para la misma fecha al pueblo colombiano para que se pronuncie sobre los referendos de reelecci\u00f3n presidencial, de\u2026","rel":"","context":"En \u00abPronunciamientos de Organizaciones Sociales\u00bb","block_context":{"text":"Pronunciamientos de Organizaciones Sociales","link":"https:\/\/moir.com.co\/web\/category\/pronunciamientos-de-organizaciones-sociales\/"},"img":{"alt_text":"","src":"","width":0,"height":0},"classes":[]},{"id":2629,"url":"https:\/\/moir.com.co\/web\/como-va-el-referendo-del-agua\/","url_meta":{"origin":475,"position":2},"title":"\u00bfC\u00f3mo va el Referendo del Agua?","author":"admin","date":"diciembre 18, 2008","format":false,"excerpt":"Editorial, El Usuario N\u00ba 24, Manizales, octubre-diciembre de 2008 Esta pregunta nos la hacen diariamente muchas personas de diversos sectores sociales y organizaciones pol\u00edticas que, de una u otra manera, se interesan por la marcha del referendo o participan de las labores adelantadas por quienes hemos impulsado esta iniciativa ciudadana.\u2026","rel":"","context":"Entrada similar","block_context":{"text":"Entrada similar","link":""},"img":{"alt_text":"","src":"","width":0,"height":0},"classes":[]},{"id":3279,"url":"https:\/\/moir.com.co\/web\/sobre-el-referendo-del-agua-y-otros-asuntos\/","url_meta":{"origin":475,"position":3},"title":"Sobre el Referendo del Agua y otros asuntos","author":"admin","date":"julio 13, 2009","format":false,"excerpt":"Como es del conocimiento de muchos de nuestros lectores, el Referendo del Agua ha soportado, a trav\u00e9s de su paso por el Congreso de la Rep\u00fablica, una enconada lucha pol\u00edtica. Desde que fuera presentado el pasado 15 de octubre hasta el momento de escribir estas notas el referendo ha logrado\u2026","rel":"","context":"En \u00abOscar Guti\u00e9rrez Reyes\u00bb","block_context":{"text":"Oscar Guti\u00e9rrez Reyes","link":"https:\/\/moir.com.co\/web\/category\/bitacoras\/oscar-gutierrez-reyes\/"},"img":{"alt_text":"","src":"","width":0,"height":0},"classes":[]},{"id":4187,"url":"https:\/\/moir.com.co\/web\/comunicado-del-referendo-por-el-derecho-humano-al-agua-la-corte-constitucional-nos-da-la-razon\/","url_meta":{"origin":475,"position":4},"title":"Comunicado del Referendo por el Derecho Humano al Agua: \u00a1LA CORTE CONSTITUCIONAL NOS DA LA RAZON!!!","author":"admin","date":"marzo 5, 2010","format":false,"excerpt":"Sobre el pronunciamiento de la corte constitucional a prop\u00f3sito del \u201creferendo reeleccionista\u201d y sus efectos sobre el \u201creferendo del agua\u201d La decisi\u00f3n proferida por la Corte Constitucional el pasado viernes 26 de febrero sobre la constitucionalidad del referendo reeleccionista, le record\u00f3 al cuerpo legislativo que \u00e9l esta privado de la\u2026","rel":"","context":"Entrada similar","block_context":{"text":"Entrada similar","link":""},"img":{"alt_text":"","src":"","width":0,"height":0},"classes":[]},{"id":4649,"url":"https:\/\/moir.com.co\/web\/las-tareas-de-la-union-la-eleccion-presidencial-y-el-nuevo-gobierno\/","url_meta":{"origin":475,"position":5},"title":"Las tareas de la Uni\u00f3n, la elecci\u00f3n presidencial y el \u201cnuevo\u201d gobierno","author":"admin","date":"agosto 13, 2010","format":false,"excerpt":"En diciembre del a\u00f1o anterior la Uni\u00f3n Nacional de Usuarios reuni\u00f3, en Medell\u00edn, los delegados a su II Congreso. En las conclusiones se aprob\u00f3 acometer tres tareas. Una, impulsar un Referendo para eliminar, del art\u00edculo 365 de la Constituci\u00f3n Nacional, la presencia de capital privado -con \u00e1nimo de lucro- en\u2026","rel":"","context":"En \u00abOscar Guti\u00e9rrez Reyes\u00bb","block_context":{"text":"Oscar Guti\u00e9rrez Reyes","link":"https:\/\/moir.com.co\/web\/category\/bitacoras\/oscar-gutierrez-reyes\/"},"img":{"alt_text":"","src":"","width":0,"height":0},"classes":[]}],"jetpack_sharing_enabled":true,"_links":{"self":[{"href":"https:\/\/moir.com.co\/web\/wp-json\/wp\/v2\/posts\/475","targetHints":{"allow":["GET"]}}],"collection":[{"href":"https:\/\/moir.com.co\/web\/wp-json\/wp\/v2\/posts"}],"about":[{"href":"https:\/\/moir.com.co\/web\/wp-json\/wp\/v2\/types\/post"}],"author":[{"embeddable":true,"href":"https:\/\/moir.com.co\/web\/wp-json\/wp\/v2\/users\/1"}],"replies":[{"embeddable":true,"href":"https:\/\/moir.com.co\/web\/wp-json\/wp\/v2\/comments?post=475"}],"version-history":[{"count":0,"href":"https:\/\/moir.com.co\/web\/wp-json\/wp\/v2\/posts\/475\/revisions"}],"wp:attachment":[{"href":"https:\/\/moir.com.co\/web\/wp-json\/wp\/v2\/media?parent=475"}],"wp:term":[{"taxonomy":"category","embeddable":true,"href":"https:\/\/moir.com.co\/web\/wp-json\/wp\/v2\/categories?post=475"},{"taxonomy":"post_tag","embeddable":true,"href":"https:\/\/moir.com.co\/web\/wp-json\/wp\/v2\/tags?post=475"}],"curies":[{"name":"wp","href":"https:\/\/api.w.org\/{rel}","templated":true}]}}