{"id":472,"date":"2004-08-09T07:00:00","date_gmt":"2004-08-09T07:00:00","guid":{"rendered":"https:\/\/moir.org.co\/web\/viernes-7-de-febrero-lanzamiento-de-campana-contra-el-referendo-en-el-magdalena-medio\/"},"modified":"2004-08-09T07:00:00","modified_gmt":"2004-08-09T07:00:00","slug":"viernes-7-de-febrero-lanzamiento-de-campana-contra-el-referendo-en-el-magdalena-medio","status":"publish","type":"post","link":"https:\/\/moir.com.co\/web\/viernes-7-de-febrero-lanzamiento-de-campana-contra-el-referendo-en-el-magdalena-medio\/","title":{"rendered":"VIERNES 7 DE FEBRERO: LANZAMIENTO DE CAMPA\u00d1A CONTRA EL REFERENDO EN EL MAGDALENA MEDIO"},"content":{"rendered":"<p>Organizaciones sindicales, gremiales, asociaciones de padres de familia, partidos pol\u00edticos, concejales, diputados, movimientos sociales, personalidades democr\u00e1ticas y progresistas y gentes del com\u00fan de La Dorada y oriente de Caldas; Puerto Salgar, Cundinamarca; Puerto Boyac\u00e1, Boyac\u00e1 y Norte del Tolima har\u00e1n el lanzamiento oficial de la campa\u00f1a contra el referendo en la regi\u00f3n del Magdalena Medio este viernes 7 de febrero a las 7 de la noche en el sal\u00f3n de actos del Hotel El Mes\u00f3n situado en el marco del Parque de Bol\u00edvar de La Dorada.  <\/p>\n<p>Ese mismo d\u00eda se har\u00e1 el lanzamiento de esta patri\u00f3tica campa\u00f1a en todas la capitales de los departamentos del pa\u00eds y en la ciudad de Bogot\u00e1 en el Coliseo de Ferias,  buscando hundir con la abstenci\u00f3n activa  el paquete de medidas que contiene el referendo por todas sus implicaciones funestas para el pa\u00eds, las cuales hacen parte de las imposiciones del gobierno de Estados Unidos a trav\u00e9s del Fondo Monetario Internacional y que han sido aceptadas d\u00f3cilmente por el gobierno de Uribe V\u00e9lez y de las mayor\u00edas parlamentarias. Se debe analizar punto por punto del referendo para encontrarle su catadura antinacional y antipopular. Veamos algunos: <\/p>\n<p>Congela y rebaja los salarios de los trabajadores estatales, con lo cual se disminuir\u00eda el consumo de bienes y servicios de la econom\u00eda nacional, aumentando la recesi\u00f3n. <\/p>\n<p>Congela y rebaja las transferencias que le pertenecen a los municipios y departamentos, golpeando severamente a la inmensa mayor\u00eda de colombianos al recortarse la obligatoria inversi\u00f3n social del Estado.<\/p>\n<p>Elimina los reg\u00edmenes pensionales especiales de m\u00e1s de 500.000 trabajadores del Estado que devengan modestas pensiones, asestando un duro golpe a millares de familias. <\/p>\n<p>Elimina las Contralor\u00edas y Personer\u00edas de los municipios de m\u00e1s de 100 mil habitantes, aboliendo el control previo, lo que traer\u00e1 mayor corrupci\u00f3n administrativa.<\/p>\n<p>Disminuye el n\u00famero de congresistas, acaba el cuociente electoral y establece una votaci\u00f3n de m\u00e1s de 200.000 votos para el senado, con lo que los sectores de oposici\u00f3n no tendr\u00edan cabida en el parlamento y volver\u00edamos al nefasto frente nacional controlado exclusivamente por los partidos tradicionales.  <\/p>\n<p>Adem\u00e1s, este esperpento neoliberal hace parte de la continuaci\u00f3n de las pol\u00edticas implantadas por Gaviria, Samper y Pastrana contra el pa\u00eds y que, de imponerse, ser\u00eda la preparaci\u00f3n del terreno para la implantaci\u00f3n del ALCA como segunda versi\u00f3n de la apertura econ\u00f3mica, causante del desastre nacional, y que llevar\u00eda directamente a la recolonizaci\u00f3n del pa\u00eds. <\/p>\n<p>Por estas poderosas razones, y otras que se analizar\u00e1n en el certamen, es que el Comit\u00e9 Provisional Contra el Referendo invita a todos los sectores sociales, sindicales, pol\u00edticos, acciones comunales, padres de familia, organizaciones agropecuarias, personalidades progresistas y a la comunidad en general de la regi\u00f3n del Magdalena Medio a participar en el lanzamiento de la campa\u00f1a contra el referendo que realizaremos este viernes 7 de febrero a las 7 de la noche en el sal\u00f3n de actos del Hotel El Mes\u00f3n de La Dorada. Colombia necesita que todos los sectores democr\u00e1ticos y patri\u00f3ticos nos unamos en la hora presente en defensa de la soberan\u00eda, el trabajo y la producci\u00f3n nacional. <\/p>\n<p>COMIT\u00c9 REGIONAL MAGDALENA MEDIO CONTRA EL REFERENDO <\/p>\n<p>Sindicatos de Ecopetrol (USO), Puerto Salgar, Cundinamarca; Educal, Subdirectiva La Dorada; U.S.T.C.(TELECOM), Subdirectiva La Dorada; ICBF, La Dorada; Liga de Padres de La Dorada; Asociaci\u00f3n de Usuarios y Pensionados del ISS Caldas; Uni\u00f3n de Empleados Bancarios, subdirectiva La Dorada; Sintradin (Incora) Magdalena Medio; Uni\u00f3n Sindical de Pescadores del Magdalena Medio (Usprimag); Unidad Cafetera Norte del Tolima; Asociaci\u00f3n Nacional por la Salvaci\u00f3n Agropecuaria del Magdalena Medio  <\/p>\n<p>La Dorada, febrero 3 de 2003.<\/p>\n","protected":false},"excerpt":{"rendered":"<p>Organizaciones sindicales, gremiales, asociaciones de padres de familia, partidos pol\u00edticos, concejales, diputados, movimientos sociales, personalidades democr\u00e1ticas y progresistas y gentes del com\u00fan de La Dorada y oriente de Caldas; Puerto Salgar, Cundinamarca; Puerto Boyac\u00e1, Boyac\u00e1 y Norte del Tolima har\u00e1n el lanzamiento oficial de la campa\u00f1a contra el referendo en la regi\u00f3n del Magdalena Medio [&hellip;]<\/p>\n","protected":false},"author":1,"featured_media":0,"comment_status":"open","ping_status":"open","sticky":false,"template":"","format":"standard","meta":{"advanced_seo_description":"","jetpack_seo_html_title":"","jetpack_seo_noindex":false,"_jetpack_memberships_contains_paid_content":false,"footnotes":""},"categories":[7],"tags":[],"class_list":["post-472","post","type-post","status-publish","format-standard","hentry","category-pronunciamientos-de-organizaciones-sociales"],"jetpack_featured_media_url":"","jetpack-related-posts":[{"id":477,"url":"https:\/\/moir.com.co\/web\/arranco-campana-de-abstencion-activa-al-referendo-en-el-magdalena-medio\/","url_meta":{"origin":472,"position":0},"title":"ARRANC\u00d3 CAMPA\u00d1A DE ABSTENCI\u00d3N ACTIVA AL REFERENDO EN EL MAGDALENA MEDIO","author":"admin","date":"agosto 9, 2004","format":false,"excerpt":"El sal\u00f3n de actos del Hotel El Mes\u00f3n de La Dorada fue colmado completamente por m\u00e1s de un centenar de dirigentes pol\u00edticos, sindicales, gremiales, c\u00edvicos, comunitarios y personalidades democr\u00e1ticas y progresistas el pasado viernes 7 de febrero en horas de la noche para dar inicio a la campa\u00f1a activa contra\u2026","rel":"","context":"En \u00abPronunciamientos de Organizaciones Sociales\u00bb","block_context":{"text":"Pronunciamientos de Organizaciones Sociales","link":"https:\/\/moir.com.co\/web\/category\/pronunciamientos-de-organizaciones-sociales\/"},"img":{"alt_text":"","src":"","width":0,"height":0},"classes":[]},{"id":1044,"url":"https:\/\/moir.com.co\/web\/carta-al-ministro-de-transporte-sobre-el-paro-civico-en-el-magdalena-medio\/","url_meta":{"origin":472,"position":1},"title":"CARTA AL MINISTRO DE TRANSPORTE SOBRE EL PARO C\u00cdVICO EN EL MAGDALENA MEDIO","author":"admin","date":"octubre 15, 2004","format":false,"excerpt":"Puerto Boyac\u00e1, 15 de octubre de 2004 Doctor ANDRES URIEL GALLEGO HENAO Ministro de Transporte Bogot\u00e1. D.C Se\u00f1or Ministro La comunidad del Magdalena Medio Central: Concejales, Gremios, Transportadores, Ganaderos, Empresas de Transporte de Servicio P\u00fablico y Ciudadan\u00eda en General, habitantes de los Municipios de la Dorada, Puerto Salgar, Puerto Triunfo,\u2026","rel":"","context":"En \u00abPronunciamientos de Organizaciones Sociales\u00bb","block_context":{"text":"Pronunciamientos de Organizaciones Sociales","link":"https:\/\/moir.com.co\/web\/category\/pronunciamientos-de-organizaciones-sociales\/"},"img":{"alt_text":"","src":"","width":0,"height":0},"classes":[]},{"id":20797,"url":"https:\/\/moir.com.co\/web\/si-no-hay-acuerdo-sobre-estratificacion-y-tarifas-desobediencia-civil-en-el-magdalena-medio\/","url_meta":{"origin":472,"position":2},"title":"Si no hay acuerdo sobre estratificaci\u00f3n y tarifas: DESOBEDIENCIA CIVIL EN EL MAGDALENA MEDIO","author":"admin","date":"abril 11, 2005","format":false,"excerpt":"Por Norman Alarc\u00f3n Rodas El 6 de noviembre, en el auditorio de la C\u00e1mara de Comercio de La Dorada, se realiz\u00f3 el Foro sobre Estratificaci\u00f3n, Tarifas y Desmonte de Subsidios, convocado por el Comit\u00e9 Intergremial del Magdalena Medio. Asistieron delegados de trece municipios: La Dorada, Marquetalia, Saman\u00e1, Victoria y Manzanares,\u2026","rel":"","context":"En \u00abTribuna Roja N\u00b0 68, Bogot\u00e1; noviembre 13 de 1996\u00bb","block_context":{"text":"Tribuna Roja N\u00b0 68, Bogot\u00e1; noviembre 13 de 1996","link":"https:\/\/moir.com.co\/web\/category\/tribuna-roja\/ediciones-1995-1999\/tribuna-roja-n-68-bogota-noviembre-13-de-1996\/"},"img":{"alt_text":"","src":"","width":0,"height":0},"classes":[]},{"id":470,"url":"https:\/\/moir.com.co\/web\/el-viernes-31-de-enero-sera-inaugurada-la-sede-de-la-direccion-departamental-contra-el-referendo\/","url_meta":{"origin":472,"position":3},"title":"EL VIERNES 31 DE ENERO SER\u00c1 INAUGURADA LA SEDE DE LA DIRECCI\u00d3N DEPARTAMENTAL CONTRA EL REFERENDO","author":"admin","date":"agosto 9, 2004","format":false,"excerpt":"Direcci\u00f3n Departamental de Antioquia Contra el Referendo, Medell\u00edn, Enero 18 de 2002. En un acto p\u00fablico en el que intervendr\u00e1n dirigentes de las organizaciones pol\u00edticas, sociales y sindicales que llevar\u00e1n a cabo en esta secci\u00f3n del pa\u00eds la campa\u00f1a mediante la cual se invitar\u00e1 a la poblaci\u00f3n a abstenerse de\u2026","rel":"","context":"En \u00abPronunciamientos de Organizaciones Sociales\u00bb","block_context":{"text":"Pronunciamientos de Organizaciones Sociales","link":"https:\/\/moir.com.co\/web\/category\/pronunciamientos-de-organizaciones-sociales\/"},"img":{"alt_text":"","src":"","width":0,"height":0},"classes":[]},{"id":20581,"url":"https:\/\/moir.com.co\/web\/empieza-la-campana\/","url_meta":{"origin":472,"position":4},"title":"EMPIEZA LA CAMPA\u00d1A","author":"admin","date":"enero 27, 2005","format":false,"excerpt":"Con una serie de masivos actos p\u00fablicos en los principales municipios de la regi\u00f3n del Magdalena Medio, el Frente por la Unidad del Pueblo dio comienzo a la contienda electoral, la que se llevar\u00e1 a todos los rincones de la patria y agitar\u00e1 el programa revolucionario con el que se\u2026","rel":"","context":"En \u00abTribuna Roja N\u00b0 39, Bogot\u00e1; agosto de 1981\u00bb","block_context":{"text":"Tribuna Roja N\u00b0 39, Bogot\u00e1; agosto de 1981","link":"https:\/\/moir.com.co\/web\/category\/tribuna-roja\/ediciones-1980-1984\/tribuna-roja-n-39-bogota-agosto-de-1981\/"},"img":{"alt_text":"","src":"","width":0,"height":0},"classes":[]},{"id":3743,"url":"https:\/\/moir.com.co\/web\/13-reuniones-cumpliran-robledo-y-navas-talero-en-localidades-de-bogota-contra-el-referendo-reeleccionista\/","url_meta":{"origin":472,"position":5},"title":"13 Reuniones Cumplir\u00e1n Robledo Y Navas Talero en Localidades de Bogot\u00e1 Contra el Referendo Reeleccionista","author":"admin","date":"noviembre 10, 2009","format":false,"excerpt":"Con asistencia de los candidatos, la campa\u00f1a Robledo-Navas Talero llevar\u00e1 a cabo trece conversatorios para explicar por qu\u00e9 la ciudadan\u00eda debe hacer abstenci\u00f3n activa en caso de ser convocado el referendo reeleccionista. Jorge Enrique Robledo y Germ\u00e1n Navas Talero, candidatos al Senado y a la C\u00e1mara en las listas del\u2026","rel":"","context":"En \u00abJorge Enrique Robledo\u00bb","block_context":{"text":"Jorge Enrique Robledo","link":"https:\/\/moir.com.co\/web\/category\/jorge-enrique-robledo\/"},"img":{"alt_text":"","src":"","width":0,"height":0},"classes":[]}],"jetpack_sharing_enabled":true,"_links":{"self":[{"href":"https:\/\/moir.com.co\/web\/wp-json\/wp\/v2\/posts\/472","targetHints":{"allow":["GET"]}}],"collection":[{"href":"https:\/\/moir.com.co\/web\/wp-json\/wp\/v2\/posts"}],"about":[{"href":"https:\/\/moir.com.co\/web\/wp-json\/wp\/v2\/types\/post"}],"author":[{"embeddable":true,"href":"https:\/\/moir.com.co\/web\/wp-json\/wp\/v2\/users\/1"}],"replies":[{"embeddable":true,"href":"https:\/\/moir.com.co\/web\/wp-json\/wp\/v2\/comments?post=472"}],"version-history":[{"count":0,"href":"https:\/\/moir.com.co\/web\/wp-json\/wp\/v2\/posts\/472\/revisions"}],"wp:attachment":[{"href":"https:\/\/moir.com.co\/web\/wp-json\/wp\/v2\/media?parent=472"}],"wp:term":[{"taxonomy":"category","embeddable":true,"href":"https:\/\/moir.com.co\/web\/wp-json\/wp\/v2\/categories?post=472"},{"taxonomy":"post_tag","embeddable":true,"href":"https:\/\/moir.com.co\/web\/wp-json\/wp\/v2\/tags?post=472"}],"curies":[{"name":"wp","href":"https:\/\/api.w.org\/{rel}","templated":true}]}}