{"id":4715,"date":"2010-08-26T16:08:46","date_gmt":"2010-08-26T16:08:46","guid":{"rendered":"https:\/\/moir.org.co\/web\/declaracion-final-del-xvi-encuentro-del-foro-de-sao-paulo\/"},"modified":"2010-08-26T16:08:46","modified_gmt":"2010-08-26T16:08:46","slug":"declaracion-final-del-xvi-encuentro-del-foro-de-sao-paulo","status":"publish","type":"post","link":"https:\/\/moir.com.co\/web\/declaracion-final-del-xvi-encuentro-del-foro-de-sao-paulo\/","title":{"rendered":"Declaraci\u00f3n final del XVI Encuentro del Foro de S\u00e3o Paulo"},"content":{"rendered":"<p>El Foro de S\u00e3o Paulo celebra veinte a\u00f1os de su existencia. En este momento, valoramos el vigor de este espacio de unidad, solidaridad internacionalista, intercambio y cooperaci\u00f3n entre los partidos y organizaciones pol\u00edticas de izquierda de Am\u00e9rica Latina y el Caribe, que en su 16\u00ba Encuentro sigue fortaleci\u00e9ndose como expresi\u00f3n del nuevo cuadro pol\u00edtico que vive nuestra regi\u00f3n.<\/p>\n<p>La Am\u00e9rica Latina y Caribe\u00f1a vive cambios profundos.<\/p>\n<p>Entre estos cambios, dest\u00e1case el accionar de los gobiernos de izquierda y progresistas, que desde 1998 estamos edificando m\u00e1s democracia y m\u00e1s calidad de vida para las mayor\u00edas populares antes excluidas, as\u00ed como estamos construyendo m\u00e1s soberan\u00eda nacional e integraci\u00f3n continental entre pa\u00edses que antes estaban sometidos aisladamente a las amenazas del imperio.<\/p>\n<p>Entre las distintas expresiones de la integraci\u00f3n latinoamericana y caribe\u00f1a se destacan la Alianza Bolivariana para los Pueblos de Am\u00e9rica Latina (ALBA) y su labor solidaria; la Uni\u00f3n de Naciones Suramericanas (UNASUR), que jug\u00f3 un papel extraordinario contra los que quer\u00edan dividir Bolivia y en favor de la reconciliaci\u00f3n entre las hermanas naciones de Colombia y Venezuela; y la Comunidad de Estados Latinoamericanos y Caribe\u00f1os (CELAC), un escal\u00f3n superior en la din\u00e1mica de integraci\u00f3n, que de alguna manera recoge los postulados originarios de los padres y madres fundadores de nuestra Am\u00e9rica.<\/p>\n<p>Los cambios en nuestra regi\u00f3n tienen como tel\u00f3n de fondo la crisis del capitalismo neoliberal y el deterioro de la hegemon\u00eda estadounidense. La crisis del capitalismo es profunda y a\u00fan no est\u00e1 superada. Como resultado de esto, pero tambi\u00e9n de nuestra labor, el Estado, los intereses nacionales, la solidaridad, la integraci\u00f3n regional y el socialismo se fortalecen como alternativas de las sociedades frente a los descalabros del modelo de sociedad de mercado. Al mismo tiempo, el multilateralismo y la multipolaridad se van fortaleciendo como alternativas al unilateralismo imperial.<\/p>\n<p>Los movimientos sociales, los partidos progresistas, democr\u00e1ticos, populares, nacionalistas, de izquierda, nuestros parlamentarios y gobiernos locales, estatales y nacionales tuvimos participaci\u00f3n decisiva en estos cambios. Sin nuestro accionar, podr\u00eda pasar lo que sucede en otras regiones del planeta, donde la crisis del neoliberalismo abre paso a soluciones conservadoras.<\/p>\n<p>\u00c9ste es el gran logro del Foro de S\u00e3o Paulo, creado en 1990, en los marcos del ascenso neoliberal, de la crisis del socialismo en el Este Europeo y del unilateralismo imperial de los Estados Unidos. Resistimos, luchamos, presentamos propuestas, defendemos nuestras ideas, estamos realizando gobiernos transformadores y estamos venciendo a los que hablaron de pensamiento \u00fanico y del fin de la historia.<\/p>\n<p>Las fuerzas conservadoras en nuestros pa\u00edses y sus aliados externos no aceptan esta situaci\u00f3n y hacen lo posible para detener y revertir los avances de las izquierdas. Para ese fin, echan mano de todos los medios: las campa\u00f1as medi\u00e1ticas y electorales, los golpes, el bloqueo econ\u00f3mico y las presiones militares.<\/p>\n<p>El XVI Encuentro del Foro de S\u00e3o Paulo ocurre en medio del curso de la lucha pol\u00edtica entre los sectores populares y la derecha, que es marca de los \u00faltimos a\u00f1os, en una disputa re\u00f1ida por los rumbos de nuestro continente. En el \u00faltimo per\u00edodo, junto a movimientos de contra ataque puestos en marcha por la derecha y el imperialismo estadounidense, persiste la iniciativa de las fuerzas de izquierda. Prosigue, con importantes avances, el proceso de integraci\u00f3n sur y latino americano. En 2009, se observ\u00f3 las reelecciones presidenciales en Bolivia y en Ecuador, en Uruguay el Frente Amplio obtuvo nueva victoria y en El Salvador fue victorioso el FMLN.<\/p>\n<p>En \u00e9stos y en otros pa\u00edses, como M\u00e9xico y Per\u00fa, el Foro de Sao Paulo juega un papel positivo en la unidad de las fuerzas populares y de izquierda.<\/p>\n<p>Para derrotar el contra ataque de las derechas y del imperialismo, para seguir avanzando, el XVI Encuentro del Foro de S\u00e3o Paulo indica como tareas fundamentales para los partidos y organizaciones de izquierda y progresistas de Am\u00e9rica Latina y el Caribe:<\/p>\n<p>-ampliar la unidad de los partidos progresistas, populares y de izquierda;<\/p>\n<p>-consolidar los logros y no ceder ning\u00fan espacio a la derecha;<\/p>\n<p>-profundizar los cambios en los pa\u00edses que gobernamos;<\/p>\n<p>-apoyar a los partidos de izquierda que a\u00fan no son gobierno en la regi\u00f3n; <\/p>\n<p>-derrotar el contra ataque de la derecha;<\/p>\n<p>-acelerar el proceso de integraci\u00f3n;<\/p>\n<p>-hacer de este ciclo de gobiernos progresistas y de izquierdas, el punto de partida hacia un nuevo modelo de desarrollo para Am\u00e9rica Latina y el Caribe.<\/p>\n<p>Estas fueron algunas de las principales conclusiones del XVI Encuentro del Foro de S\u00e3o Paulo, que se realiz\u00f3 del 17 al 20 de agosto de 2010, en Buenos Aires, Argentina,  con la presencia de 600 delegados y delegadas, invitados e invitadas de 54 organizaciones, provenientes de 33 pa\u00edses.<\/p>\n<p>El Foro incluy\u00f3, adem\u00e1s de las plenarias, talleres tem\u00e1ticos, sobre parlamentarios;  autoridades estatales y locales; fundaciones y escuelas o centros de capacitaci\u00f3n; pol\u00edticas de defensa regional y continental; medioambiente y cambio clim\u00e1tico; movimientos sociales (contra la criminalizaci\u00f3n); trabajadores de arte y cultura;  democratizaci\u00f3n de los medios de comunicaci\u00f3n; seguridad, delincuencia organizada y derechos humanos; soberan\u00eda nacional y descolonizaci\u00f3n; migraciones (Declaraci\u00f3n de Los Angeles, Ley Arizona, leyes europeas); encuentro de g\u00e9nero; II encuentro de juventudes; Regional Andino Amaz\u00f3nica; Regional Cono Sur; Regional Mesoamericana y Caribe\u00f1a, cuyas conclusiones principales son objeto de resoluciones especiales aprobadas por el XVI Encuentro.<\/p>\n<p>El XVI Encuentro impulsa la inclusi\u00f3n en la agenda del Foro la tem\u00e1tica racial en la perspectiva de formalizar la cooperaci\u00f3n pol\u00edtica entre los movimientos y los partidos que integran el Foro a los efectos de universalizar la lucha contra el racismo y la xenofobia en todas sus expresiones, a lo largo de toda Am\u00e9rica Latina y el Caribe.<\/p>\n<p>Reconocemos el papel estrat\u00e9gico de la cultura en la lucha pol\u00edtica, como un derecho humano inalienable, como un bien superlativo para nuestros pueblos y teniendo la educaci\u00f3n como un gran aliado y el \u00fanico camino posible en su defensa. Uno de los principales activos de Am\u00e9rica Latina y el Caribe es nuestra diversidad cultural, ya que la cultura es inagotable.<\/p>\n<p>La estrategia contrainsurgente de los Estados Unidos ha generado la intervenci\u00f3n militar y la militarizaci\u00f3n de la seguridad p\u00fablica en los pa\u00edses de Am\u00e9rica Latina bajo el argumento de la lucha contra la real acci\u00f3n y violencia de las bandas delincuenciales y del narcotr\u00e1fico que han puesto en crisis humanitaria a nuestros pa\u00edses y que son protegidas, pol\u00edtica y financieramente, por las propias \u00e9lites dominantes a las que sirven.<\/p>\n<p>Por ello, el FSP convoca a los partidos, gobiernos y movimientos democr\u00e1ticos y de izquierda a abrir los espacios para el debate y formulaci\u00f3n de ideas y propuestas en miras a la construcci\u00f3n de una pol\u00edtica regional integral antidrogas que sea presentada ante el XVII Encuentro del Foro de Sao Paulo.<\/p>\n<p>El Foro abord\u00f3 el tema del colonialismo en la regi\u00f3n caribe\u00f1a y aprob\u00f3 llevar el caso colonial de Puerto Rico a la Asamblea General de las Naciones Unidas compareciendo con una delegaci\u00f3n a las vistas del Comit\u00e9 de Descolonizaci\u00f3n.<\/p>\n<p>El XVI Encuentro del Foro de Sao Paulo, realizado en Buenos Aires, del 17 al 20 de agosto de 2010, expresa su plena solidaridad con el reclamo argentino por la descolonizaci\u00f3n de los archipi\u00e9lagos de Malvinas, Georgias del Sur y Sandwichs del Sur, que Gran Breta\u00f1a ocupa desde el siglo XIX; apoya las resoluciones de las Naciones Unidas que instan a ambas partes en conflicto a iniciar de inmediato las negociaciones -a las que se viene negando sistem\u00e1ticamente la Corona Brit\u00e1nica- tendientes a poner fin a esta r\u00e9mora del pasado colonial que resulta particularmente anacr\u00f3nica en este siglo XXI cuando varios naciones de nuestro continente celebran el Bicentenario de la gesta independentista que las viera nacer como rep\u00fablicas.<\/p>\n<p>El Encuentro del Foro de Sao Paulo expresa su profunda preocupaci\u00f3n por el emplazamiento de la gran base militar de la OTAN de Mount Pleasant, en la Isla Soledad, que constituye un peligro para todos los pueblos y pa\u00edses de la regi\u00f3n y contradice abiertamente la resoluci\u00f3n de la ONU que exige hacer del Atl\u00e1ntico Sur un oc\u00e9ano de paz y cooperaci\u00f3n; y asimismo hace notar que la presencia de esa fortaleza militar en las Islas Malvinas ha sido y es el hecho de fuerza esgrimido por el gobierno brit\u00e1nico para seguir negociando con grandes empresas transnacionales la concesi\u00f3n de licencias de pesca y de exploraci\u00f3n de petr\u00f3leo, lo cual constituye una acci\u00f3n ilegal por tratarse de un territorio en disputa de soberan\u00eda.<\/p>\n<p>El Foro tuvo la oportunidad de compartir con la Presidenta de la Rep\u00fablica Argentina, Cristina Fern\u00e1ndez y con otras autoridades del gobierno argentino, a trav\u00e9s de quien transmitimos nuestro agradecimiento al pueblo y a los sectores populares argentinos, por la c\u00e1lida recepci\u00f3n que brindaron al XVI Encuentro del Foro de S\u00e3o Paulo.<\/p>\n<p>El Foro rindi\u00f3 homenaje a la vida ejemplar de la Hero\u00edna Puertorrique\u00f1a Lolita Lebr\u00f3n, conciencia sublime de la lucha centenaria del continente latinoamericano y de la lucha del pueblo puertorrique\u00f1o por su liberaci\u00f3n nacional.<\/p>\n<p>El XVI Encuentro del Foro de Sao Paulo rindi\u00f3 homenaje al destacado dirigente comunista de Chile, Luis Corvalan, que fue protagonista durante casi 40 a\u00f1os de hechos notables de la historia de Chile, que ya est\u00e1n inscritos como parte insoslayable de nuestras luchas, y con un aporte a la liberaci\u00f3n de los pueblos de Am\u00e9rica y que seguir\u00e1n repercutiendo e influyendo en nuestras luchas por mucho tiempo<\/p>\n<p>El XVI Encuentro del FSP rindi\u00f3 tambi\u00e9n un c\u00e1lido homenaje a un gran pensador y revolucionario venezolano, como lo fue Alberto Muller Rojas, quien se desempe\u00f1\u00f3 en vida como el Primer Vicepresidente del Partido Socialista de Venezuela (PSUV).<\/p>\n<p>El FSP, adem\u00e1s, manifest\u00f3 su solidaridad con las fuerzas revolucionarias y socialistas de Venezuela y auguran una contundente victoria en los comicios legislativos que tendr\u00e1n lugar el pr\u00f3ximo 26 de septiembre.<\/p>\n<p>El Foro rindi\u00f3, tambi\u00e9n, homenaje a Tom\u00e1s Borge por ocasi\u00f3n de su cumplea\u00f1os y decidi\u00f3 que la sede del XVII Encuentro ser\u00e1 en Managua, Nicaragua.<\/p>\n<p>El Foro recibi\u00f3, tambi\u00e9n, a Manuel Zelaya y decidi\u00f3 incorporar al Foro de Sao Paulo el Frente Nacional de Resistencia Popular (FNPR).<\/p>\n<p>Muchos fueron los mensajes recibidos durante los 4 d\u00edas del Foro, entre los cuales destacamos las del Partido Comunista de Cuba. El Foro reafirma nuestra solidaridad con Cuba, la condena al bloqueo, el reclamo por la liberaci\u00f3n de los 5 h\u00e9roes.<\/p>\n<p>El Foro recibi\u00f3 el mensaje del Presidente Lula, del Brasil, y el Foro expresa su apoyo y esperanza en la victoria electoral de las fuerzas progresistas en Brasil.<\/p>\n<p>Parte importante de las reflexiones del XVI Encuentro del Foro de S\u00e3o Paulo fueron dedicadas al tema de la paz.<\/p>\n<p>La situaci\u00f3n internacional se caracteriza por nuevas amenazas de guerras, no obstante el rotundo fracaso de las embestidas imperialistas en Irak y Afganist\u00e1n. Rechazamos firmemente el camino de la guerra imperialista y levantamos la bandera de la paz y el di\u00e1logo en el conflicto de las potencias imperialistas contra Ir\u00e1n y otros pa\u00edses amenazados por EUA y la OTAN.<\/p>\n<p>Nos asociamos a las voces que alertan al mundo sobre los riesgos de un conflicto militar de grav\u00edsimas consecuencias, motivo por el cual saludamos la reciente firma del Acuerdo de Teher\u00e1n, entre Brasil, Turqu\u00eda e Ir\u00e1n, en defensa del derecho, consagrado en las normas internacionales, de dominio de la tecnolog\u00eda para producci\u00f3n de energ\u00eda nuclear con fines pac\u00edficos por parte de pa\u00edses en desarrollo.<\/p>\n<p>Y convocamos a una fuerte movilizaci\u00f3n por la paz en Am\u00e9rica Latina y el Caribe.<\/p>\n<p>El Foro de S\u00e3o Paulo se pronuncia por el retiro de todas las bases militares extranjeras de Am\u00e9rica Latina y el Caribe, condici\u00f3n sine qua non para la preservaci\u00f3n de la paz en la regi\u00f3n.<\/p>\n<p>La paz en el mundo est\u00e1 amenazada por la estrategia de los Estados Unidos, que intenta compensar su declive ideol\u00f3gico, pol\u00edtico y econ\u00f3mico con el recurso de la acci\u00f3n militar, donde siguen teniendo una hegemon\u00eda incomparable.<\/p>\n<p>En Am\u00e9rica Latina y el Caribe, la estrategia de los Estados Unidos es representada por el Plan Colombia, las bases militares antiguas y nuevas en la regi\u00f3n, la reactivaci\u00f3n de la IV Flota, as\u00ed como la presencia de los servicios de inteligencia y policiales, bajo pretextos variados.<\/p>\n<p>La soluci\u00f3n pol\u00edtica negociada al conflicto armado colombiano se constituye en una prioridad para la paz regional y para el avance de los gobiernos progresistas y de izquierda. En consecuencia, el Foro de S\u00e3o Paulo se compromete a impulsar una acci\u00f3n decidida con los gobiernos y movimientos sociales de la regi\u00f3n. En especial buscar\u00e1 que la UNASUR juegue un papel de facilitaci\u00f3n o mediaci\u00f3n.<\/p>\n<p>El Foro de S\u00e3o Paulo reafirma que las salidas militares no solucionan el conflicto de varias d\u00e9cadas, muy por el contrario, aumentan la crisis humanitaria que padece el pueblo colombiano. M\u00e1s de cuatro millones de desplazados y refugiados, cientos de miles de desaparecidos y asesinados, fosas comunes, detenciones arbitrarias, amenazas y ataques a los movimientos sociales y a los partidos de oposici\u00f3n pol\u00edtica.<\/p>\n<p>Para el Foro de S\u00e3o Paulo es necesario que se respete el Derecho Internacional Humanitario y los Derechos Humanos, se acabe con la pr\u00e1ctica del secuestro, de la desaparici\u00f3n forzada, las detenciones arbitrarias y se avance en la liberaci\u00f3n de personas retenidas y la concreci\u00f3n de acuerdos humanitarios. De igual forma es necesario que se garanticen los derechos de las v\u00edctimas a la verdad, la justicia, la reparaci\u00f3n y la no repetici\u00f3n, al igual que la devoluci\u00f3n de las tierras despojadas.<\/p>\n<p>El Foro de S\u00e3o Paulo defiende un plan de paz que se fundamente en una salida pol\u00edtica negociada y justa al conflicto interno colombiano, que incluya:<\/p>\n<p>&#8211; la inmediata liberaci\u00f3n de todos quienes han sido privados de su libertad con motivo del conflicto pol\u00edtico;<\/p>\n<p>&#8211; el cese de las hostilidades;<\/p>\n<p>&#8211; la agenda humanitaria;<\/p>\n<p>&#8211; una negociaci\u00f3n con mediaci\u00f3n externa.<\/p>\n<p>Por otra parte, el Foro de S\u00e3o Paulo manifiesta su respaldo al restablecimiento de las relaciones entre Colombia y Venezuela. El Foro de S\u00e3o Paulo forma parte del esfuerzo por la paz, disponi\u00e9ndose a cumplir el papel que las partes directamente involucradas juzguen adecuados.<\/p>\n<p>El tema de la defensa regional y continental pasa a constituir una de las dimensiones del proceso de integraci\u00f3n regional, en especial, saludan al surgimiento del Consejo Suramericano de Defensa, en el \u00e1mbito de UNASUR. Denuncian el rol y la presencia de actores extra regionales -en especial del imperialismo estadounidense- como factor de inestabilidad en materia de seguridad y defensa en nuestra regi\u00f3n. Rechazan la existencia de bases militares extranjeras en Am\u00e9rica Latina y el Caribe y reafirman la propuesta de que nuestra regi\u00f3n se constituya en una zona de paz. Por fin, se salud\u00f3 el proceso de renovaci\u00f3n doctrinal en el pensamiento estrat\u00e9gico de los pa\u00edses dirigidos por fuerzas progresistas y apoyan la idea, en el \u00e1mbito de UNASUR, de afirmaci\u00f3n de un pensamiento geopol\u00edtico aut\u00f3ctono, que valore nuestras independencias y soberan\u00edas nacionales.<\/p>\n<p>El Foro de S\u00e3o Paulo naci\u00f3 en un momento en el cual el neoliberalismo parec\u00eda invencible. Hoy, cuando se realiza la conmemoraci\u00f3n del Bicentenario de los numerosos procesos independentistas latinoamericanos y caribe\u00f1os, podemos afirmar que el FSP es una iniciativa exitosa.<\/p>\n<p>Nuestro \u00e9xito no reside en que hayamos conseguido alcanzar todos nuestros objetivos. A\u00fan estamos lejos de esto: un ejemplo es la situaci\u00f3n de Hait\u00ed, para el cual el Foro de S\u00e3o Paulo convoca a la solidaridad internacional.<\/p>\n<p>Nuestro \u00e9xito reside en que contribuimos no solamente a construir la \u00e9poca de cambios en que estamos, sino principalmente porque escogimos un camino que nos est\u00e1 llevando a construir un cambio de \u00e9poca.<\/p>\n<p>Un camino basado en la resistencia al capitalismo neoliberal, en la valorizaci\u00f3n de la democracia, en la construcci\u00f3n de un nuevo modelo econ\u00f3mico social de desarrollo, en nuevas formas de gobernar, en defensa del socialismo y en la percepci\u00f3n de que la unidad de las izquierdas, en todas sus distintas expresiones, es una condici\u00f3n esencial para nuestra victoria.<\/p>\n<p>!Vivan los pueblos latinoamericanos y caribe\u00f1os!<br \/>\n\u00a1Viva el Foro de S\u00e3o Paulo!<\/p>\n","protected":false},"excerpt":{"rendered":"<p>El Foro de S\u00e3o Paulo celebra veinte a\u00f1os de su existencia. En este momento, valoramos el vigor de este espacio de unidad, solidaridad internacionalista, intercambio y cooperaci\u00f3n entre los partidos y organizaciones pol\u00edticas de izquierda de Am\u00e9rica Latina y el Caribe, que en su 16\u00ba Encuentro sigue fortaleci\u00e9ndose como expresi\u00f3n del nuevo cuadro pol\u00edtico que [&hellip;]<\/p>\n","protected":false},"author":1,"featured_media":0,"comment_status":"open","ping_status":"open","sticky":false,"template":"","format":"standard","meta":{"advanced_seo_description":"","jetpack_seo_html_title":"","jetpack_seo_noindex":false,"_jetpack_memberships_contains_paid_content":false,"footnotes":""},"categories":[7],"tags":[],"class_list":["post-4715","post","type-post","status-publish","format-standard","hentry","category-pronunciamientos-de-organizaciones-sociales"],"jetpack_featured_media_url":"","jetpack-related-posts":[{"id":5140,"url":"https:\/\/moir.com.co\/web\/el-foro-de-sao-paulo-es-una-iniciativa-de-izquierda-victoriosa-en-america-latina-valter-pomar\/","url_meta":{"origin":4715,"position":0},"title":"&#8220;El Foro de Sao Paulo es una iniciativa de izquierda victoriosa en Am\u00e9rica Latina&#8221;: Valter Pomar","author":"admin","date":"diciembre 19, 2010","format":false,"excerpt":"\"Estamos convencidos de que el Foro de Sao Paulo es una iniciativa victoriosa. Porque cuando empezamos 20 a\u00f1os atr\u00e1s, el mundo ten\u00eda tres caracter\u00edsticas: la hegemon\u00eda imperial unilateral de los Estados Unidos; la ca\u00edda del campo socialista; y la ofensiva neoliberal. Hoy, veinte a\u00f1os despu\u00e9s, tenemos la crisis del capitalismo\u2026","rel":"","context":"En \u00abRevista de Prensa\u00bb","block_context":{"text":"Revista de Prensa","link":"https:\/\/moir.com.co\/web\/category\/prensa\/revista-de-prensa\/"},"img":{"alt_text":"","src":"","width":0,"height":0},"classes":[]},{"id":6772,"url":"https:\/\/moir.com.co\/web\/marcha-patriotica-es-una-organizacion-politica\/","url_meta":{"origin":4715,"position":1},"title":"Marcha Patri\u00f3tica es una organizaci\u00f3n pol\u00edtica","author":"admin","date":"agosto 17, 2012","format":false,"excerpt":"Los opositores de la decisi\u00f3n del PDA de excluir a los militantes del PCC aseveran que la Marcha Patri\u00f3tica \u201cno se trata de un proyecto pol\u00edtico ni de un partido: s\u00f3lo es un proyecto social\u201d. Pero no es eso lo que sus impulsores y dirigentes han dicho y escrito durante\u2026","rel":"","context":"En \u00abPolo Democr\u00e1tico Alternativo\u00bb","block_context":{"text":"Polo Democr\u00e1tico Alternativo","link":"https:\/\/moir.com.co\/web\/category\/polo-democratico-alternativo\/"},"img":{"alt_text":"","src":"","width":0,"height":0},"classes":[]},{"id":7802,"url":"https:\/\/moir.com.co\/web\/comunicado-del-foro-de-sao-paulo-sobre-colombia\/","url_meta":{"origin":4715,"position":2},"title":"Comunicado del Foro de Sao Paulo sobre Colombia","author":"admin","date":"agosto 7, 2013","format":false,"excerpt":"Las luchas que vienen adelantando los agricultores y los campesinos colombianos contra los tratados de libre comercio y por el derecho a la tierra y el territorio; las de los peque\u00f1os mineros contra la criminalizaci\u00f3n de sus actividades y las de maestros, trabajadores de la salud, camioneros y sindicatos de\u2026","rel":"","context":"En \u00abPronunciamientos de Organizaciones Sociales\u00bb","block_context":{"text":"Pronunciamientos de Organizaciones Sociales","link":"https:\/\/moir.com.co\/web\/category\/pronunciamientos-de-organizaciones-sociales\/"},"img":{"alt_text":"","src":"","width":0,"height":0},"classes":[]},{"id":313,"url":"https:\/\/moir.com.co\/web\/la-sociedad-civil-y-el-alca-breve-cronica-de-la-reunion-de-sao-paulo\/","url_meta":{"origin":4715,"position":3},"title":"LA &#8220;SOCIEDAD CIVIL&#8221; Y EL ALCA  -BREVE CR\u00d3NICA DE LA REUNI\u00d3N DE SAO PAULO-","author":"admin","date":"agosto 7, 2004","format":false,"excerpt":"Dentro de un aparente programa masivo de difusi\u00f3n y discusi\u00f3n del ALCA, se celebr\u00f3 en Sao Paulo una reuni\u00f3n llamada \"De los representantes gubernamentales con la sociedad civil\" para abordar el cap\u00edtulo de Agricultura en este tratado. Es la primera de varias que se realizar\u00e1n sobre distintos t\u00f3picos, la pr\u00f3xima\u2026","rel":"","context":"En \u00abTemas\u00bb","block_context":{"text":"Temas","link":"https:\/\/moir.com.co\/web\/category\/temas\/"},"img":{"alt_text":"","src":"","width":0,"height":0},"classes":[]},{"id":1380,"url":"https:\/\/moir.com.co\/web\/izquierda-latinoamericana-apuesta-porque-carlos-gaviria-sea-el-proximo-presidente-de-colombia\/","url_meta":{"origin":4715,"position":4},"title":"IZQUIERDA LATINOAMERICANA APUESTA PORQUE CARLOS GAVIRIA SEA EL PR\u00d3XIMO PRESIDENTE DE COLOMBIA","author":"admin","date":"abril 18, 2006","format":false,"excerpt":"Bogot\u00e1, abril 20 de 2006 El candidato presidencial asegur\u00f3 que la postura de Venezuela con respecto a la CAN es una forma de protesta por la firma de los TLC con Estados Unidos. Bogot\u00e1, 20 de abril de 2006-. Carlos Gaviria, candidato presidencial del Polo Democr\u00e1tico Alternativo, recibi\u00f3 este jueves\u2026","rel":"","context":"En \u00abPolo Democr\u00e1tico Alternativo\u00bb","block_context":{"text":"Polo Democr\u00e1tico Alternativo","link":"https:\/\/moir.com.co\/web\/category\/polo-democratico-alternativo\/"},"img":{"alt_text":"","src":"","width":0,"height":0},"classes":[]},{"id":19750,"url":"https:\/\/moir.com.co\/web\/la-sociedad-civil-y-el-alca\/","url_meta":{"origin":4715,"position":5},"title":"LA \u00abSOCIEDAD CIVIL\u00bb Y EL ALCA","author":"admin","date":"agosto 9, 2004","format":false,"excerpt":"Salvaci\u00f3n Agropecuaria asiste a reuni\u00f3n en Brasil Por Aurelio Su\u00e1rez Montoya Dentro de un aparente programa masivo de difusi\u00f3n del ALCA, se celebr\u00f3 en Sao Paulo, Brasil, una reuni\u00f3n llamada \u00abDe los representantes gubernamentales con la sociedad civil\u00bb, para abordar el Cap\u00edtulo de Agricultura en este Tratado. Es la primera\u2026","rel":"","context":"En \u00abTribuna Roja N\u00ba 92, agosto 6 de 2003\u00bb","block_context":{"text":"Tribuna Roja N\u00ba 92, agosto 6 de 2003","link":"https:\/\/moir.com.co\/web\/category\/tribuna-roja\/ediciones-2000-2004\/tribuna-roja-no-92-agosto-6-de-2003\/"},"img":{"alt_text":"","src":"","width":0,"height":0},"classes":[]}],"jetpack_sharing_enabled":true,"_links":{"self":[{"href":"https:\/\/moir.com.co\/web\/wp-json\/wp\/v2\/posts\/4715","targetHints":{"allow":["GET"]}}],"collection":[{"href":"https:\/\/moir.com.co\/web\/wp-json\/wp\/v2\/posts"}],"about":[{"href":"https:\/\/moir.com.co\/web\/wp-json\/wp\/v2\/types\/post"}],"author":[{"embeddable":true,"href":"https:\/\/moir.com.co\/web\/wp-json\/wp\/v2\/users\/1"}],"replies":[{"embeddable":true,"href":"https:\/\/moir.com.co\/web\/wp-json\/wp\/v2\/comments?post=4715"}],"version-history":[{"count":0,"href":"https:\/\/moir.com.co\/web\/wp-json\/wp\/v2\/posts\/4715\/revisions"}],"wp:attachment":[{"href":"https:\/\/moir.com.co\/web\/wp-json\/wp\/v2\/media?parent=4715"}],"wp:term":[{"taxonomy":"category","embeddable":true,"href":"https:\/\/moir.com.co\/web\/wp-json\/wp\/v2\/categories?post=4715"},{"taxonomy":"post_tag","embeddable":true,"href":"https:\/\/moir.com.co\/web\/wp-json\/wp\/v2\/tags?post=4715"}],"curies":[{"name":"wp","href":"https:\/\/api.w.org\/{rel}","templated":true}]}}