{"id":466,"date":"2004-08-09T07:00:00","date_gmt":"2004-08-09T07:00:00","guid":{"rendered":"https:\/\/moir.org.co\/web\/dos-y-van-cero\/"},"modified":"2004-08-09T07:00:00","modified_gmt":"2004-08-09T07:00:00","slug":"dos-y-van-cero","status":"publish","type":"post","link":"https:\/\/moir.com.co\/web\/dos-y-van-cero\/","title":{"rendered":"DOS Y VAN&#8230;CERO"},"content":{"rendered":"<p>Constancia presentada por el Diputado Carlos Alfredo Crosthwaite Ferro en la sesi\u00f3n del jueves dos de enero de 2003 de la Asamblea Departamental de Risaralda<\/p>\n<p>Carlos Alfredo Crosthwaite Ferro, Pereira, enero 2 de 2003<\/p>\n<p>Si se toma el art\u00edculo 298 de la Constituci\u00f3n Pol\u00edtica de Colombia que reza:<\/p>\n<p>\u201cLos departamentos tienen autonom\u00eda para la administraci\u00f3n de los asuntos seccionales y la planificaci\u00f3n y promoci\u00f3n del desarrollo econ\u00f3mico y social dentro de su territorio en los t\u00e9rminos establecidos por la Constituci\u00f3n\u2026\u201d, el enunciado del \u201cRostro Humano y Social en igualdad de oportunidades\u201d y los indicadores propuestos en el Plan Departamental de Desarrollo y se comparan con los resultados que en los campos atinentes a las responsabilidades constitucionales mencionadas, presenta el estudio del CRECE sobre Risaralda, la calificaci\u00f3n a la gesti\u00f3n de esta administraci\u00f3n de Elsa Gladys Cifuentes Aranzazu tendr\u00eda que ubicarse en los niveles m\u00e1s bajos de cualquier escala de evaluaci\u00f3n por laxa que ella fuera. Incluso la Contralor\u00eda General del Departamento, que no se ha destacado propiamente por esclarecer asuntos que enturbian el destino de recursos p\u00fablicos como en la secretar\u00eda de Educaci\u00f3n, ha puesto de presente que aqu\u00ed se carece de elementales procesos de planeaci\u00f3n.<\/p>\n<p>La acci\u00f3n oficial se ha empe\u00f1ado en cubrir esta verdad de a pu\u00f1o. Los continuos actos publicitarios sobre asuntos balad\u00edes y superfluos, para \u201ctapar el sol con las manos\u201d, obedecen a que este gobierno, \u201caupado\u201d al poder con los empujes propios del pastranismo, desde la misma campa\u00f1a electoral enga\u00f1\u00f3 a la poblaci\u00f3n con falsas promesas sobre logros imposibles de alcanzar conociendo que sus quehaceres se supeditar\u00edan a lo firmado en el Convenio de Desempe\u00f1o con el Ministerio de Hacienda. Nunca lo mencion\u00f3, jam\u00e1s se refiri\u00f3 a \u00e9l, pero de antemano sab\u00eda que su compromiso con Andr\u00e9s Pastrana y su s\u00e9quito neoliberal era cumplir a pi\u00e9 juntillas lo prescrito por la DIAF, esa dependencia espuria del FMI ubicada en el Palacio de San Agust\u00edn en la capital. Y si bien hoy recibe las maledicencias de maestros, ind\u00edgenas, campesinos, trabajadores y empleados despedidos cuenta con los vistos buenos de Junguito y los banqueros. He ah\u00ed el verdadero rostro de esta administraci\u00f3n.<\/p>\n<p>Y no contenta con todo ello y en actitud aleve contra esta situaci\u00f3n, especialmente grave en la zona cafetera, enarbolar\u00e1 las banderas del referendo uribista que congela los dineros centrales para salud y educaci\u00f3n por dos a\u00f1os para los entes territoriales, una \u201cmejora\u201d del Acto legislativo 01 de 2001, el cual tambi\u00e9n respald\u00f3. Es todo un paquete de exigencias del FMI para garantizar el oneroso e inicuo pago de la deuda p\u00fablica a los agiotistas internacionales.<\/p>\n<p>El marco general del desastre que asuela a Colombia no encuentra en esta administraci\u00f3n un plan que permita siquiera mitigarlo regionalmente. Por el contrario, tambi\u00e9n se ha montado, en conjunto con sus socios del infausto \u201cpacto de Guacar\u00ed\u201d, con tiquete de primera en el tren del neoliberalismo, haciendo los ajustes, siendo departamento piloto de recortes y reestructuraciones en los sectores de salud, donde adem\u00e1s las campa\u00f1as de vacunaci\u00f3n han sido de baja cobertura, y de educaci\u00f3n, en el cual, al parecer, a\u00fan ni \u201clas cuentas est\u00e1n claras ni el chocolate espeso\u201d. En el \u201cnegocio del a\u00f1o\u201d privatiz\u00f3, contrario a recomendaciones de la comisi\u00f3n adjudicadora, la comercializaci\u00f3n de los licores de la Industria Licorera de Caldas cuyo monopolio est\u00e1 en manos de la gobernaci\u00f3n. No fue obst\u00e1culo que con dicha adjudicaci\u00f3n se atentara, como puede demostrarse, contra los \u00edndices de liquidez de las finanzas departamentales ni que el adjudicatario tuviera antecedentes de connivencia en irregularidades con funcionarios, por ello sancionados en el Tolima, ni que, como puede probarse con simple matem\u00e1tica financiera, los apalancamientos y fortalezas derivados de esta operaci\u00f3n se trasladar\u00e1n a un desconocido mercader de esos renglones por estos lugares.<\/p>\n<p>Para llevar a cabo esos procedimientos se ha requerido el silencio de los organismos de control y de la propia Duma de Risaralda. En ese campo la gobernadora ha demostrado habilidad sin par. En una \u201cmeritocracia\u201d muy particular ha establecido entre los requisitos para pertenecer a sus colaboradores m\u00e1s cercanos ser parientes con las personas que ocupan destacadas posiciones en las distintas ramas del control y el ministerio p\u00fablico. Ello ha generado, al final, la m\u00e1s ex\u00f3tica de las burocracias, como: sic\u00f3logas expertas en planeaci\u00f3n, bacteri\u00f3logas especializadas en psiquiatr\u00eda, abogadas avezadas en puentes, carreteras y pavimentaciones, militares en retiro duchos en artes editoriales, ex directores de bandas musicales peritos en control automotor y medio ambiente, m\u00e9dicos ejercitados en contrataci\u00f3n con cooperativas, la norma, ahora en Risaralda, es \u201cestar en el lugar equivocado\u201d.<\/p>\n<p>Para colmo de males, am\u00e9n de tanto neoliberalismo, tanta falacia y tanto mal gobierno, la inversi\u00f3n social total por habitante, desde enero de 2001 hasta noviembre de 2002 ha sido apenas de $13.037 mientras que el pago de deuda de cada risaraldense, en ese mismo periodo, ha sido de $33.383 y para el 2003 se tienen presupuestado contribuir con otros $19.098 m\u00e1s. Al final, la relaci\u00f3n entre el beneficio y el costo de la presente gesti\u00f3n gubernamental para todos los habitantes del departamento es negativa. Todas las desgracias de los risaraldenses, aqu\u00ed descritas, pueden empeorar. El Referendo, la aplicaci\u00f3n de las reformas uribistas, aprobadas por exigencia del FMI con el apoyo de los politiqueros tradicionales, quienes as\u00ed pretenden congraciarse ante los amos extranjeros, y el eventual ingreso de Colombia al ALCA van a agravarlas. Mi compromiso es colaborar en la resistencia civil contra estos atropellos as\u00ed toque enfrentar en la lucha pol\u00edtica a quienes mediante la detentaci\u00f3n del poder a niveles nacionales o regionales se amalgaman sin distingos para su propio provecho en detrimento del general y nacional, recurriendo a todos los medios para intentar soslayar o silenciar las voces disidentes. Convoco, desde aqu\u00ed, a todos los risaraldenses que compartan esta posici\u00f3n patri\u00f3tica y democr\u00e1tica a unificarnos en este justo empe\u00f1o.<\/p>\n<p>Carlos Alfredo Crosthwaite Ferro<\/p>\n","protected":false},"excerpt":{"rendered":"<p>Constancia presentada por el Diputado Carlos Alfredo Crosthwaite Ferro en la sesi\u00f3n del jueves dos de enero de 2003 de la Asamblea Departamental de Risaralda Carlos Alfredo Crosthwaite Ferro, Pereira, enero 2 de 2003 Si se toma el art\u00edculo 298 de la Constituci\u00f3n Pol\u00edtica de Colombia que reza: \u201cLos departamentos tienen autonom\u00eda para la administraci\u00f3n [&hellip;]<\/p>\n","protected":false},"author":1,"featured_media":0,"comment_status":"open","ping_status":"open","sticky":false,"template":"","format":"standard","meta":{"advanced_seo_description":"","jetpack_seo_html_title":"","jetpack_seo_noindex":false,"_jetpack_memberships_contains_paid_content":false,"footnotes":""},"categories":[7],"tags":[],"class_list":["post-466","post","type-post","status-publish","format-standard","hentry","category-pronunciamientos-de-organizaciones-sociales"],"jetpack_featured_media_url":"","jetpack-related-posts":[{"id":19722,"url":"https:\/\/moir.com.co\/web\/el-moir-en-las-elecciones-del-26-de-octubre\/","url_meta":{"origin":466,"position":0},"title":"EL MOIR EN LAS ELECCIONES DEL 26 DE OCTUBRE","author":"admin","date":"agosto 9, 2004","format":false,"excerpt":"En la campa\u00f1a electoral del pasado 26 de octubre el MOIR super\u00f3 con relativo \u00e9xito las talanqueras que la Reforma Pol\u00edtica uribista les pone a las fuerzas minoritarias. \u00c9xito porque se lograron cerca de 80 mil votos en listas avaladas por nuestro Partido, lo que supera ampliamente la votaci\u00f3n de\u2026","rel":"","context":"En \u00abTribuna Roja N\u00ba 94, diciembre 3 de 2003\u00bb","block_context":{"text":"Tribuna Roja N\u00ba 94, diciembre 3 de 2003","link":"https:\/\/moir.com.co\/web\/category\/tribuna-roja\/ediciones-2000-2004\/tribuna-roja-no-94-diciembre-3-de-2003\/"},"img":{"alt_text":"","src":"","width":0,"height":0},"classes":[]},{"id":158,"url":"https:\/\/moir.com.co\/web\/resultados-iniciales-del-moir-en-las-elecciones-del-29-de-octubre-para-corporaciones-publicas-y-autoridades-departamentales-y-l\/","url_meta":{"origin":466,"position":1},"title":"RESULTADOS INICIALES DEL MOIR EN LAS ELECCIONES DEL 29 DE OCTUBRE PARA CORPORACIONES P\u00daBLICAS Y AUTORIDADES DEPARTAMENTALES Y L","author":"admin","date":"agosto 6, 2004","format":false,"excerpt":"El pasado 29 de octubre se realizaron las elecciones para gobernadores, alcaldes, asambleas, concejos y Juntas Administradoras Locales. El MOIR particip\u00f3 en ellas con candidatos propios o a trav\u00e9s de alianzas logrando un avance significativo. En el debate se denunci\u00f3 a lo largo y ancho del pa\u00eds, la recolonizaci\u00f3n de\u2026","rel":"","context":"En \u00abTemas\u00bb","block_context":{"text":"Temas","link":"https:\/\/moir.com.co\/web\/category\/temas\/"},"img":{"alt_text":"","src":"","width":0,"height":0},"classes":[]},{"id":7722,"url":"https:\/\/moir.com.co\/web\/santismo-y-uribismo-es-la-misma-cosa\/","url_meta":{"origin":466,"position":2},"title":"\u201cSantismo y uribismo es la misma cosa\u201d","author":"admin","date":"julio 15, 2013","format":false,"excerpt":"El senador del Polo Democr\u00e1tico, Jorge Enrique Robledo, estuvo de visita en LaTarde, asegur\u00f3 que su colectividad est\u00e1 mejor que nunca y que ahora es una alternativa de poder mucho m\u00e1s fuerte. El senador Jorge Enrique Robledo, estuvo de visita en Pereira, habl\u00f3 de la hoja de ruta para Risaralda,\u2026","rel":"","context":"En \u00abJorge Enrique Robledo\u00bb","block_context":{"text":"Jorge Enrique Robledo","link":"https:\/\/moir.com.co\/web\/category\/jorge-enrique-robledo\/"},"img":{"alt_text":"","src":"","width":0,"height":0},"classes":[]},{"id":20795,"url":"https:\/\/moir.com.co\/web\/en-risaralda-obreros-lideran-combate-contra-la-privatizacion-de-los-servicios\/","url_meta":{"origin":466,"position":3},"title":"En Risaralda: OBREROS LIDERAN COMBATE CONTRA LA PRIVATIZACI\u00d3N DE LOS SERVICIOS","author":"admin","date":"abril 11, 2005","format":false,"excerpt":"(Miles de firmas, un cabildo abierto y en\u00e9rgicas declaraciones de Unidad Cafetera y de importantes dirigentes pol\u00edticos exigen que las EE.PP. de Pereira sean declaradas Empresa Industrial y Comercial del Estado.) Por Aurelio Su\u00e1rez Montoya Desde cuando se plante\u00f3 en el Concejo de Pereira privatizar las Empresas P\u00fablicas, aflor\u00f3 una\u2026","rel":"","context":"En \u00abTribuna Roja N\u00b0 68, Bogot\u00e1; noviembre 13 de 1996\u00bb","block_context":{"text":"Tribuna Roja N\u00b0 68, Bogot\u00e1; noviembre 13 de 1996","link":"https:\/\/moir.com.co\/web\/category\/tribuna-roja\/ediciones-1995-1999\/tribuna-roja-n-68-bogota-noviembre-13-de-1996\/"},"img":{"alt_text":"","src":"","width":0,"height":0},"classes":[]},{"id":20180,"url":"https:\/\/moir.com.co\/web\/actos-y-luchas-conjuntos-hacia-el-frente-antiimperialista\/","url_meta":{"origin":466,"position":4},"title":"ACTOS Y LUCHAS CONJUNTOS: HACIA EL FRENTE ANTIIMPERIALISTA","author":"admin","date":"octubre 10, 2004","format":false,"excerpt":"Dentro del esp\u00edritu de promover un amplio frente antiimperialista y democr\u00e1tico en todo el pa\u00eds, el Movimiento Obrero Independiente y Revolucionario MOIR, ha continuado desarrollando acciones unitarias con otras fuerzas y organizaciones a nivel nacional y regional. En el concejo de Cal\u00ed En la sesi\u00f3n del 1\u00b0 de noviembre del\u2026","rel":"","context":"En \u00abTribuna Roja N\u00ba 25, febrero de 1977\u00bb","block_context":{"text":"Tribuna Roja N\u00ba 25, febrero de 1977","link":"https:\/\/moir.com.co\/web\/category\/tribuna-roja\/ediciones-1975-1979\/tribuna-roja-no-25-febrero-de-1977\/"},"img":{"alt_text":"","src":"","width":0,"height":0},"classes":[]},{"id":20828,"url":"https:\/\/moir.com.co\/web\/en-pereira-comenzo-gira-nacional\/","url_meta":{"origin":466,"position":5},"title":"EN PEREIRA COMENZ\u00d3 GIRA NACIONAL","author":"admin","date":"mayo 1, 2005","format":false,"excerpt":"Jos\u00e9 Ram\u00f3n L\u00f3pez G\u00f3mez En Pereira, el 16 de noviembre, arranc\u00f3 la gira nacional de Jorge Santos y Marcelo Torres, secundados por Aurelio Su\u00e1rez y Jorge Robledo, secretarios del MOIR en Risaralda y Caldas, y por los dirigentes regionales Gonzalo Arango, Jaime Hern\u00e1ndez y Oscar Guti\u00e9rrez. Los candidatos se reunieron\u2026","rel":"","context":"En \u00abTribuna Roja N\u00b0 56, Bogot\u00e1; febrero 21 de 1994\u00bb","block_context":{"text":"Tribuna Roja N\u00b0 56, Bogot\u00e1; febrero 21 de 1994","link":"https:\/\/moir.com.co\/web\/category\/tribuna-roja\/ediciones-1990-1994\/tribuna-roja-n-56-bogota-febrero-21-de-1994\/"},"img":{"alt_text":"","src":"","width":0,"height":0},"classes":[]}],"jetpack_sharing_enabled":true,"_links":{"self":[{"href":"https:\/\/moir.com.co\/web\/wp-json\/wp\/v2\/posts\/466","targetHints":{"allow":["GET"]}}],"collection":[{"href":"https:\/\/moir.com.co\/web\/wp-json\/wp\/v2\/posts"}],"about":[{"href":"https:\/\/moir.com.co\/web\/wp-json\/wp\/v2\/types\/post"}],"author":[{"embeddable":true,"href":"https:\/\/moir.com.co\/web\/wp-json\/wp\/v2\/users\/1"}],"replies":[{"embeddable":true,"href":"https:\/\/moir.com.co\/web\/wp-json\/wp\/v2\/comments?post=466"}],"version-history":[{"count":0,"href":"https:\/\/moir.com.co\/web\/wp-json\/wp\/v2\/posts\/466\/revisions"}],"wp:attachment":[{"href":"https:\/\/moir.com.co\/web\/wp-json\/wp\/v2\/media?parent=466"}],"wp:term":[{"taxonomy":"category","embeddable":true,"href":"https:\/\/moir.com.co\/web\/wp-json\/wp\/v2\/categories?post=466"},{"taxonomy":"post_tag","embeddable":true,"href":"https:\/\/moir.com.co\/web\/wp-json\/wp\/v2\/tags?post=466"}],"curies":[{"name":"wp","href":"https:\/\/api.w.org\/{rel}","templated":true}]}}