{"id":465,"date":"2004-08-09T07:00:00","date_gmt":"2004-08-09T07:00:00","guid":{"rendered":"https:\/\/moir.org.co\/web\/comienza-la-represion\/"},"modified":"2004-08-09T07:00:00","modified_gmt":"2004-08-09T07:00:00","slug":"comienza-la-represion","status":"publish","type":"post","link":"https:\/\/moir.com.co\/web\/comienza-la-represion\/","title":{"rendered":"\u00bfCOMIENZA LA REPRESI\u00d3N?"},"content":{"rendered":"<p>Apolinar D\u00edaz \u2013 Callejas, El Heraldo, Barranquilla, enero 13 de 2003<\/p>\n<p>El gobierno del presidente Uribe V\u00e9lez, desde su inicio y en el vocabulario oficial, mostr\u00f3 claras tendencias autoritarias que indicaron la posibilidad de un retorno a las pr\u00e1cticas del Estatuto de Seguridad de la \u00e9poca del doctor Turbay Ayala, que hizo tanto da\u00f1o e increment\u00f3 la represi\u00f3n al interior del pa\u00eds, y desat\u00f3 la m\u00e1s extendida y honda protesta mundial en la historia nacional. Bajo ese temor hemos estado los colombianos. Las dudas que expresan algunos medios de comunicaci\u00f3n sobre las negociaciones de paz con los paramilitares en cuanto a que puedan llevar a incorporarlos directa o indirectamente, pero de modo oficial, a la tarea de las fuerzas armadas y de polic\u00eda de reprimir a los grupos violentos y guerrillas, tienen cada vez m\u00e1s indicaciones de que esto podr\u00eda ocurrir, con lo cual la acci\u00f3n del Estado asumir\u00eda caracter\u00edsticas de guerra sucia. Si a todo lo anterior se a\u00f1ade la creciente y abierta presencia de mercenarios norteamericanos, estar\u00edamos frente al m\u00e1s grave desaf\u00edo a la democracia colombiana, a la soberan\u00eda nacional y a las posibilidades de soluci\u00f3n negociada del conflicto interno que nos abruma.<\/p>\n<p>Por todo ello, el allanamiento de las oficinas en Cali de la Central \u00danica de Trabajadores, CUT, se convierte no s\u00f3lo en un hecho que confirmar\u00eda el temor nacional sobre las pol\u00edticas represivas del gobierno y el sometimiento de la Fiscal\u00eda General de la Naci\u00f3n a esas pr\u00e1cticas. De ah\u00ed a caer sobre las organizaciones sindicales y sus dirigentes, sobre grupos pol\u00edticos minoritarios y de oposici\u00f3n y sus conductores, y sobre todas aquellas personas u organizaciones que discrepen o critiquen las pol\u00edticas del gobierno Uribe V\u00e9lez \u2013 Londo\u00f1o Hoyos, no hay sino un paso que ser\u00eda el de arrastrar el pa\u00eds al despe\u00f1adero nacional e internacional de la represi\u00f3n para imponer los objetivos oficiales y unas pol\u00edticas sociales que muestran claramente que vamos hacia despidos masivos y reducci\u00f3n dr\u00e1stica de las conquistas laborales de los trabajadores del pa\u00eds, logradas en un proceso hist\u00f3rico de modernizaci\u00f3n que se inici\u00f3 con vigor y entusiasmo en la etapa de la Revoluci\u00f3n en Marcha del gobierno del doctor Alfonso L\u00f3pez Pumarejo.<\/p>\n<p>Todo esto oscurece el panorama nacional y llena de temores al pueblo colombiano sobre el futuro del pa\u00eds y los efectos que muchos consideramos nefastos, que tendr\u00eda la votaci\u00f3n favorable del llamado referendo gobiernista. Yo me abstendr\u00e9 de votar ese referendo que permitir\u00eda recortar a\u00fan m\u00e1s la restringida democracia colombiana y a dar nuevas alas a las pol\u00edticas represivas y contra los derechos humanos y de los trabajadores.<\/p>\n<p>En contraste, no puedo menos que se\u00f1alar la cada vez m\u00e1s escandalosa situaci\u00f3n del Ministro de Justicia y del Interior Londo\u00f1o Hoyos, quien es dirigente pol\u00edtico y gubernamental de m\u00e1ximo poder con el que el propio Estado de que forma parte tiene un cuantioso pleito de intereses econ\u00f3micos y accionarios, empantanado por las propias ligeresas del ministro Londo\u00f1o para burlarse de las notificaciones que intentaban los poderes judiciales. Esto ya est\u00e1 pasando de casta\u00f1o a oscuro y para la naci\u00f3n es cada vez m\u00e1s inaceptable que el ministro Londo\u00f1o defienda sus intereses particulares ante una empresa estatal como Ecopetrol, sentado en su silla de poderoso doble ministro del Despacho. La naci\u00f3n y el conjunto del pueblo colombiano demandan del presidente Uribe V\u00e9lez poner t\u00e9rmino a esa situaci\u00f3n para restablecer la m\u00e1s completa claridad en el tr\u00e1mite de ese pleito.<\/p>\n","protected":false},"excerpt":{"rendered":"<p>Apolinar D\u00edaz \u2013 Callejas, El Heraldo, Barranquilla, enero 13 de 2003 El gobierno del presidente Uribe V\u00e9lez, desde su inicio y en el vocabulario oficial, mostr\u00f3 claras tendencias autoritarias que indicaron la posibilidad de un retorno a las pr\u00e1cticas del Estatuto de Seguridad de la \u00e9poca del doctor Turbay Ayala, que hizo tanto da\u00f1o e [&hellip;]<\/p>\n","protected":false},"author":1,"featured_media":0,"comment_status":"open","ping_status":"open","sticky":false,"template":"","format":"standard","meta":{"advanced_seo_description":"","jetpack_seo_html_title":"","jetpack_seo_noindex":false,"_jetpack_memberships_contains_paid_content":false,"footnotes":""},"categories":[7],"tags":[],"class_list":["post-465","post","type-post","status-publish","format-standard","hentry","category-pronunciamientos-de-organizaciones-sociales"],"jetpack_featured_media_url":"","jetpack-related-posts":[{"id":9019,"url":"https:\/\/moir.com.co\/web\/el-matoneo-oficial\/","url_meta":{"origin":465,"position":0},"title":"El \u201cmatoneo\u201d oficial","author":"admin","date":"enero 19, 2015","format":false,"excerpt":"Un mat\u00f3n es una persona que presume de valiente e intenta intimidar a los dem\u00e1s. De esa acepci\u00f3n se ha derivado el t\u00e9rmino \u201cmatoneo\u201d, de boga no solo entre los j\u00f3venes sino en la sociedad en general, que muchos han adoptado con el extranjerizante \u201cbullying\u201d. Estudios de la Organizaci\u00f3n Mundial\u2026","rel":"","context":"En \u00abTemas\u00bb","block_context":{"text":"Temas","link":"https:\/\/moir.com.co\/web\/category\/temas\/"},"img":{"alt_text":"","src":"","width":0,"height":0},"classes":[]},{"id":7588,"url":"https:\/\/moir.com.co\/web\/arrecia-represion-oficial-contra-campesinos-desplazados-en-atlantico\/","url_meta":{"origin":465,"position":1},"title":"Arrecia represi\u00f3n oficial contra campesinos desplazados en Atl\u00e1ntico","author":"admin","date":"mayo 24, 2013","format":false,"excerpt":"Desde hace alrededor de dos lustros centenares de familias campesinas desplazadas de distintas partes del pa\u00eds a causa del conflicto interno que padece la naci\u00f3n hace d\u00e9cadas, se asentaron en algunos predios del \u00c1rea Metropolitana de Barranquilla, en jurisdicci\u00f3n de los municipios de Galapa y Puerto Colombia, muchos de los\u2026","rel":"","context":"En \u00abPolo Democr\u00e1tico Alternativo\u00bb","block_context":{"text":"Polo Democr\u00e1tico Alternativo","link":"https:\/\/moir.com.co\/web\/category\/polo-democratico-alternativo\/"},"img":{"alt_text":"","src":"","width":0,"height":0},"classes":[]},{"id":19146,"url":"https:\/\/moir.com.co\/web\/juntaron-el-hambre-la-miseria-y-la-represion\/","url_meta":{"origin":465,"position":2},"title":"Juntaron el hambre, la miseria y la represi\u00f3n","author":"admin","date":"mayo 13, 2021","format":false,"excerpt":"Jos\u00e9 Arlex Arias, Cartagena, mayo 11 de 2021 En el 2001 en una conferencia del hoy candidato presidencial de DIGNIDAD, Jorge Robledo, donde hac\u00eda el lanzamiento del libro \u201cwww.neoliberalismo.com.co, balances y perspectivas\u201d, lanz\u00f3 expresiones que le dan toda la raz\u00f3n: \u201cLa apertura y la privatizaci\u00f3n no tienen efectos neutrales..., el\u2026","rel":"","context":"En \u00abAgro\u00bb","block_context":{"text":"Agro","link":"https:\/\/moir.com.co\/web\/category\/temas\/agro\/"},"img":{"alt_text":"","src":"https:\/\/i0.wp.com\/moir.com.co\/web\/wp-content\/uploads\/2021\/05\/ParoNal.2021Mayo.jpeg?fit=950%2C475&ssl=1&resize=350%2C200","width":350,"height":200,"srcset":"https:\/\/i0.wp.com\/moir.com.co\/web\/wp-content\/uploads\/2021\/05\/ParoNal.2021Mayo.jpeg?fit=950%2C475&ssl=1&resize=350%2C200 1x, https:\/\/i0.wp.com\/moir.com.co\/web\/wp-content\/uploads\/2021\/05\/ParoNal.2021Mayo.jpeg?fit=950%2C475&ssl=1&resize=525%2C300 1.5x, https:\/\/i0.wp.com\/moir.com.co\/web\/wp-content\/uploads\/2021\/05\/ParoNal.2021Mayo.jpeg?fit=950%2C475&ssl=1&resize=700%2C400 2x"},"classes":[]},{"id":7630,"url":"https:\/\/moir.com.co\/web\/en-barranquilla-no-se-detiene-la-represion-oficial-a-campesinos-desplazados-frente-amplio-entrega-60-mil-firmas-contra-valorizacion\/","url_meta":{"origin":465,"position":3},"title":"En Barranquilla: No se detiene la represi\u00f3n oficial a campesinos desplazados. Frente Amplio entrega 60 mil firmas contra valorizaci\u00f3n","author":"admin","date":"junio 7, 2013","format":false,"excerpt":"La opini\u00f3n p\u00fablica de la Costa y del pa\u00eds se viene enterando hace varios meses de la arremetida de la represi\u00f3n oficial contra inermes campesinos desplazados que vienen trabajando honradamente y produciendo alimentos en los predios El Tamarindo, Cuba y Lote Cuatro, ubicados los dos primeros en Galapa y Puerto\u2026","rel":"","context":"En \u00abPolo Democr\u00e1tico Alternativo\u00bb","block_context":{"text":"Polo Democr\u00e1tico Alternativo","link":"https:\/\/moir.com.co\/web\/category\/polo-democratico-alternativo\/"},"img":{"alt_text":"","src":"","width":0,"height":0},"classes":[]},{"id":6334,"url":"https:\/\/moir.com.co\/web\/la-represion-y-el-hacinamiento-carcelario\/","url_meta":{"origin":465,"position":4},"title":"La represi\u00f3n y el hacinamiento carcelario","author":"admin","date":"febrero 27, 2012","format":false,"excerpt":"\u201cLa cifra de muertos por el incendio de la c\u00e1rcel de la ciudad de Comayagua, Honduras, aument\u00f3 a 359\u201d inform\u00f3 a la agencia de noticias EFE el Ministerio P\u00fablico. \u201cEl siniestro de la Granja Penal de Comayagua, en el departamento central del mismo nombre, se produjo entre la medianoche del\u2026","rel":"","context":"En \u00abTemas\u00bb","block_context":{"text":"Temas","link":"https:\/\/moir.com.co\/web\/category\/temas\/"},"img":{"alt_text":"","src":"","width":0,"height":0},"classes":[]},{"id":19649,"url":"https:\/\/moir.com.co\/web\/violenta-represion-gubernamental-para-obstaculizar-la-campana-electoral-del-frente-popular-moir\/","url_meta":{"origin":465,"position":5},"title":"VIOLENTA REPRESI\u00d3N GUBERNAMENTAL PARA OBSTACULIZAR LA CAMPA\u00d1A ELECTORAL DEL FRENTE POPULAR-MOIR","author":"admin","date":"agosto 4, 2004","format":false,"excerpt":"Bogot\u00e1, marzo 21 de 1972 PRESIDENTE MISAEL PASTRANA PRESIDENCIA DE LA REP\u00daBLICA BOGOT\u00c1 Perm\u00edtome comunicarle autoridades seccionales distintas regiones del pa\u00eds en total contradicci\u00f3n con afirmaciones p\u00fablicas presidenciales no solamente ni\u00e9ganse otorgar garant\u00edas electorales al Movimiento del Frente Popular-MOIR sino que adem\u00e1s obstaculizan el ejercicio de nuestros leg\u00edtimos derechos constitucionales\u2026","rel":"","context":"En \u00abTribuna Roja N\u00ba 07, abril 12 de 1972\u00bb","block_context":{"text":"Tribuna Roja N\u00ba 07, abril 12 de 1972","link":"https:\/\/moir.com.co\/web\/category\/tribuna-roja\/ediciones-1971-1974\/tribuna-roja-no-7-abril-12-de-1972\/"},"img":{"alt_text":"","src":"","width":0,"height":0},"classes":[]}],"jetpack_sharing_enabled":true,"_links":{"self":[{"href":"https:\/\/moir.com.co\/web\/wp-json\/wp\/v2\/posts\/465","targetHints":{"allow":["GET"]}}],"collection":[{"href":"https:\/\/moir.com.co\/web\/wp-json\/wp\/v2\/posts"}],"about":[{"href":"https:\/\/moir.com.co\/web\/wp-json\/wp\/v2\/types\/post"}],"author":[{"embeddable":true,"href":"https:\/\/moir.com.co\/web\/wp-json\/wp\/v2\/users\/1"}],"replies":[{"embeddable":true,"href":"https:\/\/moir.com.co\/web\/wp-json\/wp\/v2\/comments?post=465"}],"version-history":[{"count":0,"href":"https:\/\/moir.com.co\/web\/wp-json\/wp\/v2\/posts\/465\/revisions"}],"wp:attachment":[{"href":"https:\/\/moir.com.co\/web\/wp-json\/wp\/v2\/media?parent=465"}],"wp:term":[{"taxonomy":"category","embeddable":true,"href":"https:\/\/moir.com.co\/web\/wp-json\/wp\/v2\/categories?post=465"},{"taxonomy":"post_tag","embeddable":true,"href":"https:\/\/moir.com.co\/web\/wp-json\/wp\/v2\/tags?post=465"}],"curies":[{"name":"wp","href":"https:\/\/api.w.org\/{rel}","templated":true}]}}