{"id":464,"date":"2004-08-09T07:00:00","date_gmt":"2004-08-09T07:00:00","guid":{"rendered":"https:\/\/moir.org.co\/web\/advierte-salvacion-agropecuaria-tributaria-germen-para-paros-agrarios-del-2003\/"},"modified":"2004-08-09T07:00:00","modified_gmt":"2004-08-09T07:00:00","slug":"advierte-salvacion-agropecuaria-tributaria-germen-para-paros-agrarios-del-2003","status":"publish","type":"post","link":"https:\/\/moir.com.co\/web\/advierte-salvacion-agropecuaria-tributaria-germen-para-paros-agrarios-del-2003\/","title":{"rendered":"ADVIERTE SALVACI\u00d3N AGROPECUARIA: TRIBUTARIA, GERMEN PARA PAROS AGRARIOS DEL 2003"},"content":{"rendered":"<p>Asociaci\u00f3n Nacional por la Salvaci\u00f3n Agropecuaria; Redacci\u00f3n Pol\u00edtica\/ EL Nuevo D\u00eda, diciembre 28 de 2002.<\/p>\n<p>Angel Mar\u00eda Caballero dice que los productores tolimenses est\u00e1n decepcionados del Ministro Carlos Gustavo Cano y de los Congresistas que levantaron banderas con la defensa del agro pero que votaron cascada de impuestos contra el campo nacional.<\/p>\n<p>Salvaci\u00f3n Agropecuaria calific\u00f3 como &#8220;abominable&#8221; la reforma tributaria puesta a consideraci\u00f3n por el Gobierno y que fue aprobada por el Congreso de la Rep\u00fablica, al tiempo que advirti\u00f3 que esta nueva cascada de impuestos contra el agro nacional constituye el germen para los paros agropecuarios y movilizaciones de protestas que se llevar\u00e1n a cabo el a\u00f1o entrante.<\/p>\n<p>Al arremeter contra el IVA del siete por ciento que en el 2003 y el 2004 pagar\u00e1n el caf\u00e9 tostado y el arroz paddy, entre otros productos, y cuya tarifa subir\u00e1 en el 2005 al 10 por ciento, Salvaci\u00f3n Agropecuaria se\u00f1al\u00f3 que esta imposici\u00f3n se constituye en un desprop\u00f3sito confiscatorio al no gravar las utilidades sino las ventas brutas.<\/p>\n<p>Angel Mar\u00eda Caballero, presidente de Salvaci\u00f3n Agropecuaria, dijo que para el caso del arroz el nuevo gravamen implica una rentabilidad negativa que no fue tomada en cuenta pero que pudo haber sido consultada con el Ministerio de Agricultura o Fedearroz.<\/p>\n<p>Seg\u00fan Caballero, en dinero contante y sonante se van a recolectar al a\u00f1o m\u00e1s de 100 mil millones de pesos, lo que representar\u00e1 para los agricultores sacar de sus bolsillos sumas que oscilan entre 260 y 320 mil pesos por hect\u00e1rea el a\u00f1o entrante, sin contar la retefuente que pagan y nunca reclaman a la DIAN.<\/p>\n<p>El directivo de Salvaci\u00f3n Agropecuaria a\u00f1adi\u00f3 que la gravedad es a\u00fan mayor, cuando el mismo Gobierno que hizo aprobar la reforma tributaria, autoriz\u00f3 a las transnacionales de los insumos agr\u00edcolas en los meses de agosto y noviembre incrementos del 18 por ciento, sin contar la \u00farea que increment\u00f3 su precio escandalosamente en un 30 por ciento.<\/p>\n<p>Caballero fustig\u00f3 la actitud asumida por los congresistas que levantaron banderas con la defensa del agro en las pasadas elecciones, entre ellos los del Tolima, al aprobar a pupitrazo limpio la reforma tributaria contra el campo colombiano.<\/p>\n<p>Sin embargo, destac\u00f3 la defensa del agro, en especial del caf\u00e9 y el arroz, asumida por el senador Jorge Robledo, al igual que la intervenci\u00f3n de los congresistas coste\u00f1os que lograron excluir del IVA a las vacas y salvar del mismo gravamen los insumos para el agro.<\/p>\n<p>De acuerdo con Salvaci\u00f3n Agropecuaria, toda la cascada tributaria, incluyendo el impuesto al patrimonio que grav\u00f3 las tierras arroceras en los distritos de riego, los incrementos en los insumos y grav\u00e1menes ya pasan de 500 mil pesos por hect\u00e1rea en el presente a\u00f1o, quedando liquidado el \u00fanico cultivo transitorio que hab\u00eda logrado resistir los embates de la apertura econ\u00f3mica de los a\u00f1os 90.<\/p>\n<p>Agro sin dolientes<\/p>\n<p>Para Caballero, lo anterior, lo \u00fanico que demuestra es la falta de conocimiento de la realidad nacional y desnuda para los productores del campo la poca o ninguna representaci\u00f3n que tienen en el Ejecutivo y el Legislativo.<\/p>\n<p>&#8220;Ha producido mucha decepci\u00f3n entre los productores tolimenses que ten\u00edan alguna esperanza en el Ministro de Agricultura, y hoy nos cae como anillo al dedo aquella frase que dice que no hay cu\u00f1a que m\u00e1s apriete que la del mismo palo&#8221;, agreg\u00f3.<\/p>\n<p>Caballero record\u00f3 que el ministro Carlos Gustavo Cano dijo en una reuni\u00f3n en el C\u00edrculo Social, antes de posesionarse, que \u00e9l se deb\u00eda al presidente Uribe y su pol\u00edtica y no a los partidos tradicionales, tampoco a los agricultores o a los arroceros &#8220;y realmente as\u00ed lo est\u00e1 haciendo&#8221;.<\/p>\n<p>&#8220;Adem\u00e1s, para colmo de males, en el Gobierno su voz no se oye, como lo hemos observado en las negociaciones de aranceles andinos para el ALCA; entonces a quejarnos al mono de la pila&#8221;, indic\u00f3 Caballero.<\/p>\n<p>El presidente de Salvaci\u00f3n Agropecuaria dijo que a todo lo anterior se suma la encarnizada lucha por el mercado entre los arroces de marca, en la cual el Gobierno \u00fanicamente sirve de espectador, disfrutando de la baja inflaci\u00f3n generada por la misma y la cual no les permite nivelar los nuevos grav\u00e1menes, am\u00e9n de las importaciones de arroz autorizadas por el Ministerio de Agricultura a partir del mes de febrero por Pacto Andino.<\/p>\n<p>As\u00ed mismo, acus\u00f3 que mientras los Estados Unidos aument\u00f3 los subsidios de 100 mil a 180 mil millones de d\u00f3lares para sus agricultores en los pr\u00f3ximos siete a\u00f1os, en Colombia aumentan los impuestos para recoger 16 billones de pesos en cuatro a\u00f1os, plata que el Gobierno dice no alcanza para hacer la paz y reactivar la econom\u00eda.<\/p>\n<p>&#8220;Creemos que este no es el camino, pues la guerra naci\u00f3 en el campo. Y la paz con 12 millones de campesinos desempleados y hambrientos, nunca la van a conseguir. Medidas como las tomadas por el Gobierno y los congresistas no son m\u00e1s que combustible para la guerra. Estas medidas dejar\u00e1n ociosas en el pa\u00eds, entre otras, 420 mil hect\u00e1reas que se cultivan al a\u00f1o en arroz y cerca de 27 mil productores con sus respectivos trabajadores desempleados&#8221;, puntualiz\u00f3.<\/p>\n","protected":false},"excerpt":{"rendered":"<p>Asociaci\u00f3n Nacional por la Salvaci\u00f3n Agropecuaria; Redacci\u00f3n Pol\u00edtica\/ EL Nuevo D\u00eda, diciembre 28 de 2002. Angel Mar\u00eda Caballero dice que los productores tolimenses est\u00e1n decepcionados del Ministro Carlos Gustavo Cano y de los Congresistas que levantaron banderas con la defensa del agro pero que votaron cascada de impuestos contra el campo nacional. Salvaci\u00f3n Agropecuaria calific\u00f3 [&hellip;]<\/p>\n","protected":false},"author":1,"featured_media":0,"comment_status":"open","ping_status":"open","sticky":false,"template":"","format":"standard","meta":{"advanced_seo_description":"","jetpack_seo_html_title":"","jetpack_seo_noindex":false,"_jetpack_memberships_contains_paid_content":false,"footnotes":""},"categories":[7],"tags":[],"class_list":["post-464","post","type-post","status-publish","format-standard","hentry","category-pronunciamientos-de-organizaciones-sociales"],"jetpack_featured_media_url":"","jetpack-related-posts":[{"id":447,"url":"https:\/\/moir.com.co\/web\/angel-maria-caballero-hizo-energicas-declaraciones-salvacion-agropecuaria-dice-no-al-servilismo-de-la-sac\/","url_meta":{"origin":464,"position":0},"title":"ANGEL MAR\u00cdA CABALLERO HIZO EN\u00c9RGICAS DECLARACIONES. SALVACI\u00d3N AGROPECUARIA DICE: NO AL &#8220;SERVILISMO&#8221; DE LA SAC","author":"admin","date":"agosto 9, 2004","format":false,"excerpt":"La Asociaci\u00f3n Nacional por la Salvaci\u00f3n Agropecuaria expres\u00f3 ayer su inconformismo por las declaraciones dadas por Rafael Hern\u00e1ndez Lozano, presidente de la Sociedad de Agricultores de Colombia, SAC, en el sentido de apoyar las iniciativas del Gobierno nacional que seg\u00fan este dirigente, \"buscan fomentar el crecimiento del sector y el\u2026","rel":"","context":"En \u00abPronunciamientos de Organizaciones Sociales\u00bb","block_context":{"text":"Pronunciamientos de Organizaciones Sociales","link":"https:\/\/moir.com.co\/web\/category\/pronunciamientos-de-organizaciones-sociales\/"},"img":{"alt_text":"","src":"","width":0,"height":0},"classes":[]},{"id":20094,"url":"https:\/\/moir.com.co\/web\/congreso-de-la-asociacion-nacional-por-la-salvacion-agropecuaria-en-caldas\/","url_meta":{"origin":464,"position":1},"title":"CONGRESO DE LA ASOCIACI\u00d3N NACIONAL POR LA SALVACI\u00d3N AGROPECUARIA EN CALDAS","author":"admin","date":"septiembre 16, 2004","format":false,"excerpt":"Con 160 delegados de quince municipios del departamento y nueve organizaciones del sector agrario, la Asociaci\u00f3n Nacional por la Salvaci\u00f3n Agropecuaria, cap\u00edtulo Caldas, celebr\u00f3 el pasado 06 de septiembre en la ciudad de Manizales su Primer Congreso Departamental Agrario \u00abEl agro caldense frente al ALCA y al TLC\u00bb, para analizar\u2026","rel":"","context":"En \u00abTribuna Roja N\u00ba 97; septiembre 28 de 2004\u00bb","block_context":{"text":"Tribuna Roja N\u00ba 97; septiembre 28 de 2004","link":"https:\/\/moir.com.co\/web\/category\/tribuna-roja\/ediciones-2000-2004\/tribuna-roja-no-97-septiembre-28-de-2004\/"},"img":{"alt_text":"","src":"","width":0,"height":0},"classes":[]},{"id":20153,"url":"https:\/\/moir.com.co\/web\/ibague-9-y-10-de-junio-de-1999-foro-por-la-salvacion-nacional-agropecuaria\/","url_meta":{"origin":464,"position":2},"title":"Ibagu\u00e9, 9 y 10 de junio de 1999: FORO POR LA SALVACI\u00d3N NACIONAL AGROPECUARIA","author":"admin","date":"septiembre 22, 2004","format":false,"excerpt":"(\u00c1ngel Mar\u00eda Caballero, coordinador nacional, y Jorge Enrique Robledo, secretario general, del importante Foro que debe realizarse en la capital del Tolima, nos han hecho llegar el programa del evento y la invitaci\u00f3n que est\u00e1n enviando a las organizaciones y personalidades del sector) En desarrollo de las labores de coordinaci\u00f3n\u2026","rel":"","context":"En \u00abTribuna Roja N\u00ba 77; junio 8 de 1999\u00bb","block_context":{"text":"Tribuna Roja N\u00ba 77; junio 8 de 1999","link":"https:\/\/moir.com.co\/web\/category\/tribuna-roja\/ediciones-1995-1999\/tribuna-roja-no-77-junio-8-de-1999\/"},"img":{"alt_text":"","src":"","width":0,"height":0},"classes":[]},{"id":488,"url":"https:\/\/moir.com.co\/web\/expectativa-por-foro-agropecuario-de-cartagena\/","url_meta":{"origin":464,"position":3},"title":"EXPECTATIVA POR FORO AGROPECUARIO DE CARTAGENA","author":"admin","date":"agosto 9, 2004","format":false,"excerpt":"Asociaci\u00f3n Nacional por la Salvaci\u00f3n Agropecuaria seccional departamento del Magdalena, Santa Marta, marzo 19 de 2003 La Asociaci\u00f3n Nacional por la Salvaci\u00f3n Agropecuaria ha programado un importante certamen a efectuarse en la ciudad de Cartagena este viernes 21 de marzo. Se trata del Foro Sobre la Situaci\u00f3n Agropecuaria de la\u2026","rel":"","context":"En \u00abPronunciamientos de Organizaciones Sociales\u00bb","block_context":{"text":"Pronunciamientos de Organizaciones Sociales","link":"https:\/\/moir.com.co\/web\/category\/pronunciamientos-de-organizaciones-sociales\/"},"img":{"alt_text":"","src":"","width":0,"height":0},"classes":[]},{"id":443,"url":"https:\/\/moir.com.co\/web\/golpe-mortal-al-agro-nacional-a-los-cultivadores-de-arroz-y-distritos-de-riego\/","url_meta":{"origin":464,"position":4},"title":"&#8220;GOLPE MORTAL AL AGRO NACIONAL, A LOS CULTIVADORES DE ARROZ Y DISTRITOS DE RIEGO&#8221;","author":"admin","date":"agosto 9, 2004","format":false,"excerpt":"Asociaci\u00f3n Nacional por la Salvaci\u00f3n Agropecuaria, Ibagu\u00e9, septiembre 24 de 2002. No nos hemos repuesto del bajonazo en el precio del arroz en el mes de agosto, cuando Minagricultura al iniciar septiembre nos sacudi\u00f3 en plena cosecha del Llano, con la importaci\u00f3n de 150 mil toneladas de arroz ecuatoriano a\u2026","rel":"","context":"En \u00abPronunciamientos de Organizaciones Sociales\u00bb","block_context":{"text":"Pronunciamientos de Organizaciones Sociales","link":"https:\/\/moir.com.co\/web\/category\/pronunciamientos-de-organizaciones-sociales\/"},"img":{"alt_text":"","src":"","width":0,"height":0},"classes":[]},{"id":152,"url":"https:\/\/moir.com.co\/web\/mas-impuestos-contra-el-cafe-y-el-agro\/","url_meta":{"origin":464,"position":5},"title":"M\u00c1S IMPUESTOS CONTRA EL CAF\u00c9 Y EL AGRO","author":"admin","date":"agosto 6, 2004","format":false,"excerpt":"Los productores agropecuarios sufrir\u00e1n, como todos los colombianos, por el duro impacto de una reforma tributaria que busca incrementar los impuestos en 3.6 billones de pesos. As\u00ed, seguir\u00e1n gravados por el dos por mil, pagar\u00e1n m\u00e1s IVA por art\u00edculos de primera necesidad y muchos de ellos tambi\u00e9n ver\u00e1n incrementadas sus\u2026","rel":"","context":"En \u00abTemas\u00bb","block_context":{"text":"Temas","link":"https:\/\/moir.com.co\/web\/category\/temas\/"},"img":{"alt_text":"","src":"","width":0,"height":0},"classes":[]}],"jetpack_sharing_enabled":true,"_links":{"self":[{"href":"https:\/\/moir.com.co\/web\/wp-json\/wp\/v2\/posts\/464","targetHints":{"allow":["GET"]}}],"collection":[{"href":"https:\/\/moir.com.co\/web\/wp-json\/wp\/v2\/posts"}],"about":[{"href":"https:\/\/moir.com.co\/web\/wp-json\/wp\/v2\/types\/post"}],"author":[{"embeddable":true,"href":"https:\/\/moir.com.co\/web\/wp-json\/wp\/v2\/users\/1"}],"replies":[{"embeddable":true,"href":"https:\/\/moir.com.co\/web\/wp-json\/wp\/v2\/comments?post=464"}],"version-history":[{"count":0,"href":"https:\/\/moir.com.co\/web\/wp-json\/wp\/v2\/posts\/464\/revisions"}],"wp:attachment":[{"href":"https:\/\/moir.com.co\/web\/wp-json\/wp\/v2\/media?parent=464"}],"wp:term":[{"taxonomy":"category","embeddable":true,"href":"https:\/\/moir.com.co\/web\/wp-json\/wp\/v2\/categories?post=464"},{"taxonomy":"post_tag","embeddable":true,"href":"https:\/\/moir.com.co\/web\/wp-json\/wp\/v2\/tags?post=464"}],"curies":[{"name":"wp","href":"https:\/\/api.w.org\/{rel}","templated":true}]}}