{"id":463,"date":"2004-08-09T07:00:00","date_gmt":"2004-08-09T07:00:00","guid":{"rendered":"https:\/\/moir.org.co\/web\/conformada-comision-nacional-contra-el-referendo\/"},"modified":"2004-08-09T07:00:00","modified_gmt":"2004-08-09T07:00:00","slug":"conformada-comision-nacional-contra-el-referendo","status":"publish","type":"post","link":"https:\/\/moir.com.co\/web\/conformada-comision-nacional-contra-el-referendo\/","title":{"rendered":"CONFORMADA COMISI\u00d3N NACIONAL CONTRA EL REFERENDO"},"content":{"rendered":"<p>Gran Encuentro Nacional de Lucha Contra el Referendo, Bogot\u00e1, D.C. diciembre 18 de 2002.<\/p>\n<p>En el d\u00eda de hoy, despu\u00e9s de varias sesiones preparatorias, se instal\u00f3 formalmente la Comisi\u00f3n Nacional de Lucha Contra el Referendo, integrada por las Centrales Obreras, CUT &#8211; CTC &#8211; CGTD y CPC, decenas de sindicatos nacionales, los parlamentarios y partidos pol\u00edticos de oposici\u00f3n, Organizaciones No Gubernamentales, Asociaciones de Juristas y de Profesionales, y otras organizaciones sociales, campesinas, afrodecendientes, comunales, juveniles y de la mujer.<\/p>\n<p>El amplio espectro que re\u00fane la Comisi\u00f3n Nacional, se unific\u00f3 en la denuncia del car\u00e1cter antidemocr\u00e1tico y antipopular del Referendo, de su objetivo de reducir los ingresos de la amplia mayor\u00eda de los colombianos, de disminuir a\u00fan m\u00e1s la inversi\u00f3n social del Estado, de propiciar la corrupci\u00f3n, y de otorgar facultades dictatoriales al actual gobierno.<\/p>\n<p>La Comisi\u00f3n Nacional enfrentar\u00e1 el Referendo con el leg\u00edtimo llamado a los colombianos a No Votar, a ejercer el derecho a la abstenci\u00f3n, para no legalizar el mayor atropello pol\u00edtico de los \u00faltimos lustros. Por lo tanto, desde ya exige del Consejo Nacional Electoral, de la Registradur\u00eda y del Gobierno Nacional, las m\u00e1ximas garant\u00edas para adelantar una campa\u00f1a nacional por la abstenci\u00f3n contra el Referendo.<\/p>\n<p>Durante el mes de enero, ser\u00e1n conformadas en todos los Departamentos las Comisiones Departamentales de lucha Contra el Referendo con la m\u00e1s amplia participaci\u00f3n regional. La coordinaci\u00f3n general estar\u00e1 a cargo de los presidentes de las Centrales Obreras y la sede permanente de la Comisi\u00f3n ser\u00e1n las instalaciones de la CTC (Calle 39 No. 26 A &#8211; 23).<\/p>\n<p>Bogot\u00e1, D.C. Diciembre 18 de 2002.<\/p>\n<p>Gran Encuentro Nacional de Lucha Contra el Referendo<\/p>\n<p>Bogot\u00e1, 7 de Febrero de 2003<\/p>\n<p>Firman:<\/p>\n<p>CENTRALES OBRERAS, SINDICATOS NACIONALES Y ORGANIZACIONES GREMIALES:<br \/>\nCUT, CGTD, CTC, CPC, FECODE, FENALTRASE, UTRADEC, FENAVIP, FUNTRAENERGETICA, FEDESALUD, FETRANDES, FETRAMECOL, SALVACION AGROPECUARIA, FEDERACION DE PROFESORES UNIVERSITARIOS, FUTEC, ACC, CONSEJO NACIONAL CAMPESINO, USO, ASPROAN, ACEB, SINUCOM, ASOPERSONERIAS, USTC, UNEB, SINDESS, ANTHOC, SINTRADIN, SINTRANORE, SINTRAISS, SINTRAUNICOL, SINTRAGOBERNACIONES, SINTRAIDU, SINALTRABAVARIA, SINALTRAINAL, SINTRAELECOL, ASCONTROL, SINDESENA, ASMEDAS, SINBIENESTAR, ASPU, ASOCOB, SINDINALCH, ADE, SINSERPUB, SINDECONB, ASFUCONDIS, ORSINTRAC, ASCONTRACOL, ASOCIACIONES ESTUDIANTILES (OCE, CONSEC, ACEU), CONFEDERACION NACIONAL COMUNAL, SINTRAIME, SINTRACARBON, SINTRAMINERGETICA, SINTIES.<\/p>\n<p>ORGANIZACIONES POL\u00cdTICAS:<br \/>\nMOIR, PCC, FSP, MCCC, MODEP, PST, PPS, PUD.<\/p>\n<p>ONG&#8217;S:<br \/>\nCOMISION COLOMBIANA DE JURISTAS, FUNDACION NUEVA REP\u00daBLICA, ASOCIACION DE ABOGADOS LABORALISTAS, COLECTIVO DE ABOGADOS, VIVA LA CIUDADANIA, PLANETA PAZ, REDEPAZ, CINEP, INICIATIVA POR LA PAZ.<\/p>\n<p>PARLAMENTARIOS:<br \/>\nCARLOS GAVIRIA, JORGE ENRIQUE ROBLEDO, JESUS BERNAL, WILSON BORJA, ALEXANDER LOPEZ, PEDRO ARENAS, PIEDAD C\u00d3RDOBA, LORENZO ALMENDRA, BERNARDO HOYOS, BERNARDO GUERRA, VENUS ALBEIRO SILVA, JAIME DUSSAN, JESUS ANTONIO PI\u00d1ACU\u00c9, GERARDO JUMI, EFR\u00c9N F\u00c9LIX TARAPUES, FRANCISCO ROJAS BIRRY, LUIS CARLOS AVELLANEDA, HERMINSUL SINESTERRA.<\/p>\n","protected":false},"excerpt":{"rendered":"<p>Gran Encuentro Nacional de Lucha Contra el Referendo, Bogot\u00e1, D.C. diciembre 18 de 2002. En el d\u00eda de hoy, despu\u00e9s de varias sesiones preparatorias, se instal\u00f3 formalmente la Comisi\u00f3n Nacional de Lucha Contra el Referendo, integrada por las Centrales Obreras, CUT &#8211; CTC &#8211; CGTD y CPC, decenas de sindicatos nacionales, los parlamentarios y partidos [&hellip;]<\/p>\n","protected":false},"author":1,"featured_media":0,"comment_status":"open","ping_status":"open","sticky":false,"template":"","format":"standard","meta":{"advanced_seo_description":"","jetpack_seo_html_title":"","jetpack_seo_noindex":false,"_jetpack_memberships_contains_paid_content":false,"footnotes":""},"categories":[7],"tags":[],"class_list":["post-463","post","type-post","status-publish","format-standard","hentry","category-pronunciamientos-de-organizaciones-sociales"],"jetpack_featured_media_url":"","jetpack-related-posts":[{"id":4396,"url":"https:\/\/moir.com.co\/web\/el-congreso-nego-el-referendo-por-el-derecho-humano-al-agua-la-lucha-por-la-defensa-del-agua-y-de-la-vida-continua\/","url_meta":{"origin":463,"position":0},"title":"El congreso neg\u00f3 el referendo por el derecho humano al agua. \u00a1La lucha por la defensa del agua y de la vida continua!","author":"admin","date":"mayo 21, 2010","format":false,"excerpt":"EL Comit\u00e9 Promotor del Referendo por el Derecho Humano al Agua informa al Pueblo Colombiano, a los m\u00e1s de dos millones de personas que firmaron para que se convocara el referendo, a las organizaciones que lo promueven, integrantes de los Comit\u00e9s Territoriales y del Comit\u00e9 Nacional en Defensa del Agua\u2026","rel":"","context":"En \u00abPronunciamientos de Organizaciones Sociales\u00bb","block_context":{"text":"Pronunciamientos de Organizaciones Sociales","link":"https:\/\/moir.com.co\/web\/category\/pronunciamientos-de-organizaciones-sociales\/"},"img":{"alt_text":"","src":"","width":0,"height":0},"classes":[]},{"id":3139,"url":"https:\/\/moir.com.co\/web\/aceptada-apelacion-del-comite-promotor\/","url_meta":{"origin":463,"position":1},"title":"\u00a1ACEPTADA APELACION DEL COMIT\u00c9 PROMOTOR!","author":"admin","date":"mayo 28, 2009","format":false,"excerpt":"Nueva oportunidad para el texto original del Referendo por el Derecho Humano al Agua. El Comit\u00e9 Promotor del Referendo saluda y agradece la decisi\u00f3n de la C\u00e1mara de Representantes, en pleno, en el sentido de aceptar la apelaci\u00f3n interpuesta por el Comit\u00e9 a trav\u00e9s del Vocero, Rafael Colmenares, lo cual\u2026","rel":"","context":"En \u00abPronunciamientos de Organizaciones Sociales\u00bb","block_context":{"text":"Pronunciamientos de Organizaciones Sociales","link":"https:\/\/moir.com.co\/web\/category\/pronunciamientos-de-organizaciones-sociales\/"},"img":{"alt_text":"","src":"","width":0,"height":0},"classes":[]},{"id":2818,"url":"https:\/\/moir.com.co\/web\/por-el-derecho-al-agua-potable-el-18-de-marzo-movilicemonos\/","url_meta":{"origin":463,"position":2},"title":"Por el Derecho al Agua Potable, el 18 de Marzo \u00a1Movilic\u00e9monos!","author":"admin","date":"marzo 13, 2009","format":false,"excerpt":"El Comit\u00e9 Nacional en Defensa del Agua y la Vida, CNDAV, en su primera reuni\u00f3n de este a\u00f1o, realizada el 21 de enero pasado, despu\u00e9s de hacer un an\u00e1lisis del tr\u00e1mite del Referendo del Agua en la C\u00e1mara de Representantes, resolvi\u00f3 adelantar una serie de actividades y tareas que habr\u00e1n\u2026","rel":"","context":"Entrada similar","block_context":{"text":"Entrada similar","link":""},"img":{"alt_text":"","src":"","width":0,"height":0},"classes":[]},{"id":3286,"url":"https:\/\/moir.com.co\/web\/se-prepara-nueva-etapa-del-referendo-por-el-derecho-humano-al-agua\/","url_meta":{"origin":463,"position":3},"title":"SE PREPARA NUEVA ETAPA DEL REFERENDO POR EL DERECHO HUMANO AL AGUA","author":"admin","date":"julio 15, 2009","format":false,"excerpt":"Con la asistencia de 170 delegados, el pasado 11 de Julio en la Universidad Cooperativa de Colombia, se realiz\u00f3 la VI Asamblea del Comit\u00e9 Nacional en Defensa del Agua y de la Vida \u2013 CNDV- que promueve el referendo, en ella se acord\u00f3 una serie de estrategias y acciones para\u2026","rel":"","context":"En \u00abPronunciamientos de Organizaciones Sociales\u00bb","block_context":{"text":"Pronunciamientos de Organizaciones Sociales","link":"https:\/\/moir.com.co\/web\/category\/pronunciamientos-de-organizaciones-sociales\/"},"img":{"alt_text":"","src":"","width":0,"height":0},"classes":[]},{"id":3506,"url":"https:\/\/moir.com.co\/web\/comunicado-a-la-opinion-publica-sobre-el-referendo-del-agua\/","url_meta":{"origin":463,"position":4},"title":"COMUNICADO A LA OPINION P\u00daBLICA SOBRE EL REFERENDO DEL AGUA","author":"admin","date":"septiembre 11, 2009","format":false,"excerpt":"El Comit\u00e9 Nacional en Defensa del Agua y de la Vida, promotor del referendo por el derecho humano al agua, ante las declaraciones del Ministro de Hacienda en el sentido de convocar para la misma fecha al pueblo colombiano para que se pronuncie sobre los referendos de reelecci\u00f3n presidencial, de\u2026","rel":"","context":"En \u00abPronunciamientos de Organizaciones Sociales\u00bb","block_context":{"text":"Pronunciamientos de Organizaciones Sociales","link":"https:\/\/moir.com.co\/web\/category\/pronunciamientos-de-organizaciones-sociales\/"},"img":{"alt_text":"","src":"","width":0,"height":0},"classes":[]},{"id":492,"url":"https:\/\/moir.com.co\/web\/por-la-abstencion-activa-contra-el-referendo\/","url_meta":{"origin":463,"position":5},"title":"POR LA ABSTENCI\u00d3N ACTIVA CONTRA EL REFERENDO.","author":"admin","date":"agosto 9, 2004","format":false,"excerpt":"Los dirigentes, organizaciones y partidos pol\u00edticos de Manizales y Caldas, una vez analizada la grave situaci\u00f3n econ\u00f3mica y social que atraviesa nuestra patria y la propuesta del Gobierno del Presidente Uribe V\u00e9lez, aprobada por sus mayor\u00edas en el Congreso de la Rep\u00fablica, de realizar un Referendo, declaramos: El gobierno, a\u2026","rel":"","context":"En \u00abPronunciamientos de Organizaciones Sociales\u00bb","block_context":{"text":"Pronunciamientos de Organizaciones Sociales","link":"https:\/\/moir.com.co\/web\/category\/pronunciamientos-de-organizaciones-sociales\/"},"img":{"alt_text":"","src":"","width":0,"height":0},"classes":[]}],"jetpack_sharing_enabled":true,"_links":{"self":[{"href":"https:\/\/moir.com.co\/web\/wp-json\/wp\/v2\/posts\/463","targetHints":{"allow":["GET"]}}],"collection":[{"href":"https:\/\/moir.com.co\/web\/wp-json\/wp\/v2\/posts"}],"about":[{"href":"https:\/\/moir.com.co\/web\/wp-json\/wp\/v2\/types\/post"}],"author":[{"embeddable":true,"href":"https:\/\/moir.com.co\/web\/wp-json\/wp\/v2\/users\/1"}],"replies":[{"embeddable":true,"href":"https:\/\/moir.com.co\/web\/wp-json\/wp\/v2\/comments?post=463"}],"version-history":[{"count":0,"href":"https:\/\/moir.com.co\/web\/wp-json\/wp\/v2\/posts\/463\/revisions"}],"wp:attachment":[{"href":"https:\/\/moir.com.co\/web\/wp-json\/wp\/v2\/media?parent=463"}],"wp:term":[{"taxonomy":"category","embeddable":true,"href":"https:\/\/moir.com.co\/web\/wp-json\/wp\/v2\/categories?post=463"},{"taxonomy":"post_tag","embeddable":true,"href":"https:\/\/moir.com.co\/web\/wp-json\/wp\/v2\/tags?post=463"}],"curies":[{"name":"wp","href":"https:\/\/api.w.org\/{rel}","templated":true}]}}