{"id":461,"date":"2004-08-09T07:00:00","date_gmt":"2004-08-09T07:00:00","guid":{"rendered":"https:\/\/moir.org.co\/web\/no-hay-cuna-que-mas-apriete-que-la-del-mismo-palo-dolorosa-navidad-para-el-agro-y-requiem-para-el-arroz\/"},"modified":"2004-08-09T07:00:00","modified_gmt":"2004-08-09T07:00:00","slug":"no-hay-cuna-que-mas-apriete-que-la-del-mismo-palo-dolorosa-navidad-para-el-agro-y-requiem-para-el-arroz","status":"publish","type":"post","link":"https:\/\/moir.com.co\/web\/no-hay-cuna-que-mas-apriete-que-la-del-mismo-palo-dolorosa-navidad-para-el-agro-y-requiem-para-el-arroz\/","title":{"rendered":"&#8220;NO HAY CU\u00d1A QUE M\u00c1S APRIETE QUE LA DEL MISMO PALO&#8221;: DOLOROSA NAVIDAD PARA EL AGRO Y R\u00c9QUIEM PARA EL ARROZ"},"content":{"rendered":"<p>Asociaci\u00f3n Nacional por la Salvaci\u00f3n Agropecuaria, Ibagu\u00e9, diciembre 27 de 2002.<\/p>\n<p>La manguala liberal conservadora de congresistas hoy mal llamados Uribistas, salvo honradas excepciones, una de ellas el Senador Jorge Enrique Robledo, el cual sali\u00f3 en defensa del agro y en especial del caf\u00e9 y el arroz, votaron en su gran mayor\u00eda y a pupitrazo limpio la reforma tributaria contra el agro nacional, gravando entre otros, con un IVA del 7% al caf\u00e9 tostado y al arroz paddy para el a\u00f1o 2003 y con un 10% en el a\u00f1o 2004. Este desprop\u00f3sito es confiscatorio al no gravar las utilidades sino las ventas brutas de arroz sin analizar rentabilidad, la cual es negativa con este nuevo gravamen, lo que debieron haber consultado con Minagricultura o Fedearroz. En dinero contante y sonante se van a recolectar al a\u00f1o m\u00e1s de 100 mil millones de pesos, lo que representar\u00e1 para los agricultores sacar de sus bolsillos sumas que oscilan entre 260 mil y 320 mil pesos por hect\u00e1rea el a\u00f1o entrante, sin contar la retefuente que pagamos y nunca reclamamos a la DIAN.<\/p>\n<p>La gravedad de lo anterior es mayor, cuando el mismo gobierno que hizo aprobar esta reforma tributaria, autoriz\u00f3 a las transnacionales de los insumos agr\u00edcolas en los meses de agosto y noviembre incrementos del 18%, sin contar la \u00farea que increment\u00f3 su precio escandalosamente en un 30%. Brill\u00f3 por su ausencia el salvamento de voto de los congresistas, entre ellos los del Tolima que levantaron banderas con la defensa del agro en las pasadas elecciones. Cabe destacar la buena intervenci\u00f3n de los congresistas coste\u00f1os que lograron excluir de este gravamen las vacas y tambi\u00e9n se salvaron del mismo los insumos para el agro.<\/p>\n<p>Cualquier desprevenido preguntar\u00eda si el arroz en Colombia es un cereal que ha contribuido a elevar la inflaci\u00f3n, y nos encontramos que en los \u00faltimos diez a\u00f1os su precio o no se ha incrementado o lo ha hecho por debajo de esta; colaborando con su bajo precio en la canasta familiar a bajar el costo de vida, lo que no han hecho los insumos cuyos precios en el mismo periodo promedian incrementos alrededor del 15% anual.<\/p>\n<p>En el mes de Noviembre del presente a\u00f1o fue aprobado el impuesto al patrimonio, el cual grav\u00f3 nuestras tierras arroceras en los distritos de riego, en promedio de 40 mil pesos por hect\u00e1rea al a\u00f1o. Toda la cascada tributaria, incrementos en los insumos y grav\u00e1menes ya pasan de 500 mil pesos por hect\u00e1rea en el presente a\u00f1o, quedando liquidado el \u00fanico cultivo transitorio que hab\u00eda logrado resistir los embates de la apertura econ\u00f3mica de los a\u00f1os 90.<\/p>\n<p>Lo anterior, lo \u00fanico que demuestra es la falta de conocimiento de la realidad nacional y desnuda para los productores del campo la poca o ninguna representaci\u00f3n que tenemos en el ejecutivo y el legislativo. Ha producido mucha decepci\u00f3n entre los productores tolimenses que ten\u00edan alguna esperanza en el ministro de agricultura, y hoy nos cae como anillo al dedo aquella frase que dice que \u201cNo hay cu\u00f1a que m\u00e1s apriete que la del mismo palo\u201d. Adem\u00e1s \u00e9l lo dijo en una reuni\u00f3n en el C\u00edrculo Social, antes de posesionarse, en la cual explic\u00f3 que \u00e9l se deb\u00eda a Uribe y su pol\u00edtica, y no a los partidos tradicionales, tampoco a los agricultores o a los arroceros, y realmente as\u00ed lo est\u00e1 haciendo. Adem\u00e1s para colmo de males, en el gobierno su voz no se oye, como lo hemos observado en las negociaciones de aranceles andinos para el ALCA, entonces a quejarnos \u201cal mono de la pila\u201d.<\/p>\n<p>Me comentaban que al final de la legislatura Junguito dio emocionado un parte de victoria para el Fondo Monetario Internacional, lo cual contrasta con nuestra decepci\u00f3n, porque al paso que vamos para el 2005, a\u00f1o en el cual el gobierno aspira a firmar el ALCA, ya no habr\u00e1 arroz en nuestro departamento ni en Colombia, pues a todo lo anterior se suma la encarnizada lucha por el mercado entre los arroces de marca, en la cual el gobierno \u00fanicamente sirve de espectador, disfrutando de la baja inflaci\u00f3n generada por la misma, y la cual no nos permite nivelar los anteriores grav\u00e1menes, am\u00e9n de las importaciones de arroz autorizadas por Minagricultura a partir del mes de febrero por Pacto Andino.<\/p>\n<p>Por todo lo anterior, es muy probable que como nos lo pronostic\u00f3 Rudolf Hommes, de nuestros campos arroceros \u00fanicamente quedar\u00e1n a duras penas algunos cultivos tropicales de boroj\u00f3, chontaduro, rastrojos con vacas, caucho o palma africana, y los once municipios arroceros de nuestro departamento cuya econom\u00eda depende del cereal, se hallar\u00e1n sumidos en el m\u00e1s profundo desempleo.<\/p>\n<p>No estamos de acuerdo con lo que le est\u00e1 pasando a los productores del campo en Colombia. Mientras los Estados Unidos aument\u00f3 los subsidios de 100 mil a 180 mil millones de d\u00f3lares para sus agricultores en los pr\u00f3ximos siete a\u00f1os, aqu\u00ed aumentan los impuestos, y los \u00e1ulicos de Uribe en el gobierno se jactan de recoger en los cuatro a\u00f1os de legislatura 16 billones de pesos, y adem\u00e1s dicen que esta plata no alcanza para hacer la paz y reactivar la econom\u00eda. Modestamente creemos que este no es el camino, pues \u201cLa guerra naci\u00f3 en el campo.\u201d Y la paz con 12 millones de campesinos desempleados y hambrientos, nunca la van a conseguir. Medidas como las tomadas por el gobierno y los congresistas no son m\u00e1s que el combustible para la guerra. Estas medidas dejar\u00e1n ociosas en el pa\u00eds entre otras, 420 mil hect\u00e1reas que se cultivan al a\u00f1o en arroz y cerca de 27 mil productores con sus respectivos trabajadores desempleados.<\/p>\n<p>Esta abominable reforma tributaria aprobada por el gobierno con el benepl\u00e1cito del congreso, coloca en m\u00e1xima alerta a todos los agricultores de Colombia y al gremio arrocero, constituy\u00e9ndose en el germen para los paros agropecuarios y movilizaciones de protesta que se llevaran a cabo el a\u00f1o entrante.<\/p>\n<p>Angel Maria Caballero<br \/>\nPresidente<\/p>\n","protected":false},"excerpt":{"rendered":"<p>Asociaci\u00f3n Nacional por la Salvaci\u00f3n Agropecuaria, Ibagu\u00e9, diciembre 27 de 2002. La manguala liberal conservadora de congresistas hoy mal llamados Uribistas, salvo honradas excepciones, una de ellas el Senador Jorge Enrique Robledo, el cual sali\u00f3 en defensa del agro y en especial del caf\u00e9 y el arroz, votaron en su gran mayor\u00eda y a pupitrazo [&hellip;]<\/p>\n","protected":false},"author":1,"featured_media":0,"comment_status":"open","ping_status":"open","sticky":false,"template":"","format":"standard","meta":{"advanced_seo_description":"","jetpack_seo_html_title":"","jetpack_seo_noindex":false,"_jetpack_memberships_contains_paid_content":false,"footnotes":""},"categories":[7],"tags":[],"class_list":["post-461","post","type-post","status-publish","format-standard","hentry","category-pronunciamientos-de-organizaciones-sociales"],"jetpack_featured_media_url":"","jetpack-related-posts":[{"id":443,"url":"https:\/\/moir.com.co\/web\/golpe-mortal-al-agro-nacional-a-los-cultivadores-de-arroz-y-distritos-de-riego\/","url_meta":{"origin":461,"position":0},"title":"&#8220;GOLPE MORTAL AL AGRO NACIONAL, A LOS CULTIVADORES DE ARROZ Y DISTRITOS DE RIEGO&#8221;","author":"admin","date":"agosto 9, 2004","format":false,"excerpt":"Asociaci\u00f3n Nacional por la Salvaci\u00f3n Agropecuaria, Ibagu\u00e9, septiembre 24 de 2002. No nos hemos repuesto del bajonazo en el precio del arroz en el mes de agosto, cuando Minagricultura al iniciar septiembre nos sacudi\u00f3 en plena cosecha del Llano, con la importaci\u00f3n de 150 mil toneladas de arroz ecuatoriano a\u2026","rel":"","context":"En \u00abPronunciamientos de Organizaciones Sociales\u00bb","block_context":{"text":"Pronunciamientos de Organizaciones Sociales","link":"https:\/\/moir.com.co\/web\/category\/pronunciamientos-de-organizaciones-sociales\/"},"img":{"alt_text":"","src":"","width":0,"height":0},"classes":[]},{"id":447,"url":"https:\/\/moir.com.co\/web\/angel-maria-caballero-hizo-energicas-declaraciones-salvacion-agropecuaria-dice-no-al-servilismo-de-la-sac\/","url_meta":{"origin":461,"position":1},"title":"ANGEL MAR\u00cdA CABALLERO HIZO EN\u00c9RGICAS DECLARACIONES. SALVACI\u00d3N AGROPECUARIA DICE: NO AL &#8220;SERVILISMO&#8221; DE LA SAC","author":"admin","date":"agosto 9, 2004","format":false,"excerpt":"La Asociaci\u00f3n Nacional por la Salvaci\u00f3n Agropecuaria expres\u00f3 ayer su inconformismo por las declaraciones dadas por Rafael Hern\u00e1ndez Lozano, presidente de la Sociedad de Agricultores de Colombia, SAC, en el sentido de apoyar las iniciativas del Gobierno nacional que seg\u00fan este dirigente, \"buscan fomentar el crecimiento del sector y el\u2026","rel":"","context":"En \u00abPronunciamientos de Organizaciones Sociales\u00bb","block_context":{"text":"Pronunciamientos de Organizaciones Sociales","link":"https:\/\/moir.com.co\/web\/category\/pronunciamientos-de-organizaciones-sociales\/"},"img":{"alt_text":"","src":"","width":0,"height":0},"classes":[]},{"id":464,"url":"https:\/\/moir.com.co\/web\/advierte-salvacion-agropecuaria-tributaria-germen-para-paros-agrarios-del-2003\/","url_meta":{"origin":461,"position":2},"title":"ADVIERTE SALVACI\u00d3N AGROPECUARIA: TRIBUTARIA, GERMEN PARA PAROS AGRARIOS DEL 2003","author":"admin","date":"agosto 9, 2004","format":false,"excerpt":"Asociaci\u00f3n Nacional por la Salvaci\u00f3n Agropecuaria; Redacci\u00f3n Pol\u00edtica\/ EL Nuevo D\u00eda, diciembre 28 de 2002. Angel Mar\u00eda Caballero dice que los productores tolimenses est\u00e1n decepcionados del Ministro Carlos Gustavo Cano y de los Congresistas que levantaron banderas con la defensa del agro pero que votaron cascada de impuestos contra el\u2026","rel":"","context":"En \u00abPronunciamientos de Organizaciones Sociales\u00bb","block_context":{"text":"Pronunciamientos de Organizaciones Sociales","link":"https:\/\/moir.com.co\/web\/category\/pronunciamientos-de-organizaciones-sociales\/"},"img":{"alt_text":"","src":"","width":0,"height":0},"classes":[]},{"id":444,"url":"https:\/\/moir.com.co\/web\/reforma-tributaria-hara-colapsar-cultivo-del-arroz-en-colombia\/","url_meta":{"origin":461,"position":3},"title":"&#8220;REFORMA TRIBUTARIA HAR\u00c1 COLAPSAR CULTIVO DEL ARROZ EN COLOMBIA&#8221;","author":"admin","date":"agosto 9, 2004","format":false,"excerpt":"Asociaci\u00f3n Nacional por la Salvaci\u00f3n Agropecuaria, Ibagu\u00e9, octubre 1 de 2002. Cuando termin\u00f3 la d\u00e9cada de los 90 con la borrasca de la apertura, que borr\u00f3 de un tajo cultivos transitorios como el ma\u00edz, algod\u00f3n, sorgo y soya entre otros, y dej\u00f3 agonizando el caf\u00e9, arroz y hortalizas, no mencionando\u2026","rel":"","context":"En \u00abPronunciamientos de Organizaciones Sociales\u00bb","block_context":{"text":"Pronunciamientos de Organizaciones Sociales","link":"https:\/\/moir.com.co\/web\/category\/pronunciamientos-de-organizaciones-sociales\/"},"img":{"alt_text":"","src":"","width":0,"height":0},"classes":[]},{"id":14081,"url":"https:\/\/moir.com.co\/web\/huila-y-tolima-es-la-rentabilidad-del-agro\/","url_meta":{"origin":461,"position":4},"title":"Huila y Tolima: \u00a1Es la rentabilidad del agro!","author":"admin","date":"diciembre 11, 2017","format":false,"excerpt":"Aurelio Su\u00e1rez Montoya, Bogot\u00e1, diciembre 10 de 2017 Cuando se recorren las regiones de Colombia puede constatarse que la agricultura - aunque sea s\u00f3lo 6% del PIB nacional- es fuente de ingreso y empleo de decenas de millones de colombianos pero, as\u00ed mismo, se verifica el divorcio entre esta realidad\u2026","rel":"","context":"En \u00abAgro\u00bb","block_context":{"text":"Agro","link":"https:\/\/moir.com.co\/web\/category\/temas\/agro\/"},"img":{"alt_text":"","src":"","width":0,"height":0},"classes":[]},{"id":462,"url":"https:\/\/moir.com.co\/web\/el-cultivo-del-arroz-y-las-siete-plagas-de-egipto\/","url_meta":{"origin":461,"position":5},"title":"EL CULTIVO DEL ARROZ Y LAS SIETE PLAGAS DE EGIPTO","author":"admin","date":"agosto 9, 2004","format":false,"excerpt":"Asociaci\u00f3n Nacional por la Salvaci\u00f3n Agropeciaria, Ibagu\u00e9, diciembre 13 de 2002. Agoniza el Cultivo del Arroz entre la Demagogia del Gobierno, la Falta de Semillas, la Antit\u00e9cnica, los Costos de los Insumos, los Ruinosos Precios del Grano, la Carga Tributaria y los Tratados Internacionales (Pacto Andino y ALCA). El incremento\u2026","rel":"","context":"En \u00abPronunciamientos de Organizaciones Sociales\u00bb","block_context":{"text":"Pronunciamientos de Organizaciones Sociales","link":"https:\/\/moir.com.co\/web\/category\/pronunciamientos-de-organizaciones-sociales\/"},"img":{"alt_text":"","src":"","width":0,"height":0},"classes":[]}],"jetpack_sharing_enabled":true,"_links":{"self":[{"href":"https:\/\/moir.com.co\/web\/wp-json\/wp\/v2\/posts\/461","targetHints":{"allow":["GET"]}}],"collection":[{"href":"https:\/\/moir.com.co\/web\/wp-json\/wp\/v2\/posts"}],"about":[{"href":"https:\/\/moir.com.co\/web\/wp-json\/wp\/v2\/types\/post"}],"author":[{"embeddable":true,"href":"https:\/\/moir.com.co\/web\/wp-json\/wp\/v2\/users\/1"}],"replies":[{"embeddable":true,"href":"https:\/\/moir.com.co\/web\/wp-json\/wp\/v2\/comments?post=461"}],"version-history":[{"count":0,"href":"https:\/\/moir.com.co\/web\/wp-json\/wp\/v2\/posts\/461\/revisions"}],"wp:attachment":[{"href":"https:\/\/moir.com.co\/web\/wp-json\/wp\/v2\/media?parent=461"}],"wp:term":[{"taxonomy":"category","embeddable":true,"href":"https:\/\/moir.com.co\/web\/wp-json\/wp\/v2\/categories?post=461"},{"taxonomy":"post_tag","embeddable":true,"href":"https:\/\/moir.com.co\/web\/wp-json\/wp\/v2\/tags?post=461"}],"curies":[{"name":"wp","href":"https:\/\/api.w.org\/{rel}","templated":true}]}}