{"id":460,"date":"2004-08-09T07:00:00","date_gmt":"2004-08-09T07:00:00","guid":{"rendered":"https:\/\/moir.org.co\/web\/por-el-derecho-al-trabajo-que-cese-el-acoso-y-la-represion-contra-los-vendedores-informales\/"},"modified":"2004-08-09T07:00:00","modified_gmt":"2004-08-09T07:00:00","slug":"por-el-derecho-al-trabajo-que-cese-el-acoso-y-la-represion-contra-los-vendedores-informales","status":"publish","type":"post","link":"https:\/\/moir.com.co\/web\/por-el-derecho-al-trabajo-que-cese-el-acoso-y-la-represion-contra-los-vendedores-informales\/","title":{"rendered":"\u00a1POR EL DERECHO AL TRABAJO!  QUE CESE EL ACOSO Y LA REPRESI\u00d3N CONTRA LOS VENDEDORES INFORMALES"},"content":{"rendered":"<p>Organizaciones Sindicales de Risaralda, Pereira; diciembre 12 de 2002<\/p>\n<p>Desde la madrugada del s\u00e1bado 30 de noviembre se vienen adelantando operativos policiales en contra de los vendedores informales del centro de la ciudad. Ello como resultado de las \u00f3rdenes impartidas por la administraci\u00f3n municipal, al vencer el plazo establecido en el \u201cPACTO DE CUMPLIMIENTO\u201d, suscrito entre la alcaldesa Martha Elena Bedoya y los ciudadanos Maria Cristina Mej\u00eda Osorio, Victoria Eugenia Echeverri Arango, Mauricio Vega Lemus y Nicol\u00e1s Vega Bojanini quienes, actuando en representaci\u00f3n de la \u201cFundaci\u00f3n Pereira el Gran Centro Comercial de Todos\u201d, FENALCO, la C\u00e1mara de Comercio de Pereira y el Comit\u00e9 Intergremial de Risaralda respectivamente, entablaron una \u201cacci\u00f3n popular\u201d en contra de la alcaldesa de la ciudad y en procura de que se procediera al despeje del espacio p\u00fablico, alegando que \u201clos demandantes no han obtenido una respuesta eficaz para el uso y goce del espacio p\u00fablico al que tienen derecho todos los habitantes de Pereira\u201d.<\/p>\n<p>Para cualquier ciudadano enterado, esta misma clase de operativos, tal vez sin el encarnizamiento y brutalidad que han caracterizado las acciones emprendidas en Pereira, se vienen adelantando en otras ciudades del pa\u00eds. Hacen parte de las acciones represivas y violentas mediante las cuales el r\u00e9gimen autoritario de Uribe V\u00e9lez pretende \u201cformalizar\u201d el comercio informal, asegurando as\u00ed su incorporaci\u00f3n al caudal de tributantes al fisco nacional. En nuestra ciudad existe una raz\u00f3n adicional para la iniquidad cometida contra los varios miles de vendedores callejeros: los compromisos adquiridos en desarrollo del proyecto de \u201cRenovaci\u00f3n Urbana del Centro de Pereira\u201d, fundamentalmente con la oligarqu\u00eda antioque\u00f1a, mediante el cual se pretende ubicar, entre otros, en el centro comercial m\u00e1s tradicional de la ciudad, un hipermercado de la cadena \u201c\u00c9xito\u201d. Son esas las razones verdaderas que se esconden detr\u00e1s del falaz argumento de defender el espacio p\u00fablico para el \u201cuso y goce\u201d de todos los ciudadanos.<\/p>\n<p>Las mentiras de la alcaldesa<\/p>\n<p>Con la reubicaci\u00f3n de poco m\u00e1s de tres centenares de vendedores en los denominados \u201cBazares Populares\u201d, varios de ellos en construcciones inapropiadas y en zonas alejadas del eje tradicional del comercio popular de la ciudad, asegurando que ya est\u00e1 resuelto el problema de los vendedores, se ha tendido una cortina de humo sobre el grave conflicto social que desde la alcald\u00eda se viene generando, con el concurso y benepl\u00e1cito de unos cuantos representantes gremiales, esos s\u00ed defensores de sus mezquinos intereses. Las denominadas \u201cmesas de concertaci\u00f3n\u201d se han convertido en espacios de imposici\u00f3n, en los que no ha faltado la intimidaci\u00f3n por parte de autoridades militares que manifiestan que cumplir\u00e1n las \u00f3rdenes de la administraci\u00f3n as\u00ed \u201chaya muertos\u201d.<\/p>\n<p>Aunque la Alcaldesa se hizo presente, en compa\u00f1\u00eda de la Secretaria de Gobierno y el Coordinador del proyecto de Renovaci\u00f3n Urbana del Centro de Pereira, en la audiencia p\u00fablica convocada en derecho por la Junta Administradora Local de la Comuna Centro, el mi\u00e9rcoles 27 de noviembre, no dieron respuesta ninguna de las 14 preguntas que sobre las medidas anunciadas le fueron formuladas previamente por escrito. S\u00f3lo se limitaron a repetir las pretendidas bondades de la reubicaci\u00f3n y a insistir en la disposici\u00f3n de utilizar la fuerza p\u00fablica para garantizar el desalojo de los vendedores del centro de la ciudad.<\/p>\n<p>Nada les importa la suerte de m\u00e1s de 3.000 hogares, cuyas cabezas de familia se ganan el sustento diario ofreciendo a los transe\u00fantes mercanc\u00edas baratas, aquellas a las que pueden tener acceso las empobrecidas masas de trabajadores, pobladores de los barrios populares y capas medias arruinadas por la crisis econ\u00f3mica general a la que ha sido conducido el pa\u00eds por la aplicaci\u00f3n, por parte de los sucesivos gobiernos, del recetario neoliberal impuesto por el gobierno de Washington y los organismos multilaterales de cr\u00e9dito, especialmente el Fondo Monetario Internacional, al servicio del capital financiero mundial y del imperialismo norteamericano. La mayor\u00eda de los \u201creubicados\u201d declara que sus ventas han descendido enormemente<\/p>\n<p>El talante del autoritarismo uribista en la administraci\u00f3n municipal<\/p>\n<p>La presencia intimidatoria de piquetes de polic\u00edas antimotines, armados con bolillos, escudos y gases lacrim\u00f3genos, es acompa\u00f1ada por el hostigamiento y la acci\u00f3n fascista de los llamados \u201cinspectores\u201d, entre quienes se destacan por su agresividad y desafuero los individuos Alexander Cuartas y Hern\u00e1n Barrag\u00e1n, integrantes de la clientela de la secretaria de gobierno, la autoritaria Martha Cecilia Correa, en cumplimiento de cuyas ordenes son enviados a \u201clevantar\u201d a los vendedores. Su acci\u00f3n va desde operativos nocturnos, en los que utilizando maquinaria pesada arrancan los puestos estacionarios de los andenes para ser transportados en camiones a los sitios de reclusi\u00f3n, hasta el asalto y golpiza propinados a los vendedores, a plena luz del d\u00eda, no importando sexo, edad ni condici\u00f3n de la v\u00edctima, para raparles sus mercanc\u00edas de las manos y decomisarlas, exigiendo posteriormente, como condici\u00f3n para su devoluci\u00f3n, la presentaci\u00f3n de actas del decomiso que nunca entregan y el pago de multas cuya cuant\u00eda, en la mayor\u00eda de los casos, supera varias veces el valor de lo decomisado.<\/p>\n<p>A la diaria resistencia civil de los vendedores, expresada en m\u00edtines y marchas pac\u00edficas, ha respondido el gobierno municipal con la agresi\u00f3n violenta y la violaci\u00f3n de los m\u00e1s fundamentales derechos, empezando por el derecho al trabajo. Varios vendedores han sido privados de la libertad y otros, a quienes se les ha sometido al \u201capaleamiento escarmentador\u201d se les ha negado la asistencia m\u00e9dica necesaria. A quienes defienden el derecho al trabajo son tratados peor que delincuentes y su conducta judicializada con falsas acusaciones. Todo a nombre de la \u201cdefensa del inter\u00e9s p\u00fablico\u201d.<\/p>\n<p>La crisis econ\u00f3mica del departamento y su impacto social<\/p>\n<p>El pasado mi\u00e9rcoles 4 de diciembre, los peri\u00f3dicos La Rep\u00fablica de Bogot\u00e1 y El Colombiano de Medell\u00edn, dieron a conocer algunos datos, resultado de las actividades investigativas del Centro Regional de Estudios Cafeteros y Econ\u00f3micos -CRECE-, que corroboran la crisis que a diario se percibe en la ciudad y en la regi\u00f3n. \u201cSe acent\u00faa crisis en zona cafetera\u201d, y \u201cDesnutrici\u00f3n y miseria agobian a la zona cafetera\u201d, son los sendos titulares de las cr\u00f3nicas. Las cifras que revelan son pasmosas: Entre 1994 y 2000, el PIB por habitante en el Eje Cafetero descendi\u00f3 6.5 veces m\u00e1s que en el resto del pa\u00eds (2% contra el 13% en la regi\u00f3n); el n\u00famero de pobres se incremento casi en el doble en comparaci\u00f3n con el resto del pa\u00eds entre 1996 y 2000 (10% en Colombia contra 18% en la regi\u00f3n); mientras en el pa\u00eds disminuy\u00f3 la tasa de desnutrici\u00f3n aguda del 1.4% de la poblaci\u00f3n al 0.8%, entre 1995 y 2000, en la regi\u00f3n aument\u00f3 del 0.7% al 1.1% (hay 60% m\u00e1s desnutridos que antes). Seg\u00fan el informe, \u201clo inquietante es que esas falencias en peso y talla de los ni\u00f1os y j\u00f3venes limitan su capacidad futura de absorber conocimientos.\u201d<\/p>\n<p>Estos datos fueron presentados en el pasado Congreso Cafetero por el director del CRECE, Mauricio Perfetti, quien agreg\u00f3: \u201cel desinfle de los ingresos de los productores ha obligado a sacar a muchos ni\u00f1os de las escuelas para que, junto con sus madres, se dediquen en los cascos urbanos a labores informales, t\u00edpicas de la econom\u00eda del rebusque.\u201d Si a lo anterior sumamos los altos \u00edndices de prostituci\u00f3n, criminalidad y suicidios en la regi\u00f3n, completaremos el dantesco cuadro de la realidad regional.<\/p>\n<p>Ech\u00e1ndole le\u00f1a al fuego<\/p>\n<p>Las medidas represivas contra el derecho al trabajo de los vendedores informales lejos de contribuir a solucionar la crisis la agravan. La desesperaci\u00f3n al verse sin posibilidades de acceder a medios de subsistencia, que les permitan sufragar los costos del sustento de sus familias, perdiendo las inversiones hechas en mercanc\u00edas apropiadas para las festividades navide\u00f1as, precisamente en la \u00e9poca en que tradicionalmente los sectores populares hacen sus compras, podr\u00eda empujarlos a asumir conductas y actitudes no deseables para nadie, vulnerando ah\u00ed si el \u201cinter\u00e9s p\u00fablico\u201d que con las disposiciones draconianas se pretende defender. Tanto la Sra. Maria Cristina Mej\u00eda Osorio como el Sr. Mauricio Vega Lemus, ambos signatarios del \u201cPACTO DE CUMPLIMIENTO\u201d, han declarado a la prensa que la prontitud en la toma de las medidas es responsabilidad de la alcaldesa, pues ellos sugirieron el 30 de marzo del 2003, argumentando la necesidad de adelantar \u201cun acompa\u00f1amiento social y econ\u00f3mico del programa de reubicaci\u00f3n\u201d, y no el 30 del noviembre pasado como fecha l\u00edmite, la cual fue fijada por la Administraci\u00f3n.<\/p>\n<p>Las organizaciones sindicales y sociales abajo firmantes, respaldamos la justa lucha de resistencia de los trabajadores informales en defensa del derecho al trabajo y exigimos que cese la represi\u00f3n y se les permita continuar laborando. Se\u00f1ora Alcaldesa: \u00a1No siga agravando con su pol\u00edtica la situaci\u00f3n social de la ciudad!<\/p>\n<p>Subdirectiva CUT, FEDETRAR, UTRAR, CGTD, SER, SINALTRAINAL, ASPU, ASURIS, SINTRBANCOL, SINTRAEMSDES, SINTRAPOSTOB\u00d3N, UNICOR, Comit\u00e9 de Vendedores Informales por el Derecho al Trabajo.<\/p>\n","protected":false},"excerpt":{"rendered":"<p>Organizaciones Sindicales de Risaralda, Pereira; diciembre 12 de 2002 Desde la madrugada del s\u00e1bado 30 de noviembre se vienen adelantando operativos policiales en contra de los vendedores informales del centro de la ciudad. Ello como resultado de las \u00f3rdenes impartidas por la administraci\u00f3n municipal, al vencer el plazo establecido en el \u201cPACTO DE CUMPLIMIENTO\u201d, suscrito [&hellip;]<\/p>\n","protected":false},"author":1,"featured_media":0,"comment_status":"open","ping_status":"open","sticky":false,"template":"","format":"standard","meta":{"advanced_seo_description":"","jetpack_seo_html_title":"","jetpack_seo_noindex":false,"_jetpack_memberships_contains_paid_content":false,"footnotes":""},"categories":[7],"tags":[],"class_list":["post-460","post","type-post","status-publish","format-standard","hentry","category-pronunciamientos-de-organizaciones-sociales"],"jetpack_featured_media_url":"","jetpack-related-posts":[{"id":4117,"url":"https:\/\/moir.com.co\/web\/acto-de-la-campana-del-senador-robledo-y-de-gonzalo-arango-candidato-a-la-camara-por-risaralda-en-pereira-febrero-18-de-2010\/","url_meta":{"origin":460,"position":0},"title":"Acto de la campa\u00f1a del senador Robledo y de Gonzalo Arango, candidato a la C\u00e1mara por Risaralda, en Pereira, febrero 18 de 2010","author":"admin","date":"febrero 18, 2010","format":false,"excerpt":"","rel":"","context":"En \u00abGaler\u00edas\u00bb","block_context":{"text":"Galer\u00edas","link":"https:\/\/moir.com.co\/web\/category\/multimedia\/galerias\/"},"img":{"alt_text":"","src":"","width":0,"height":0},"classes":[]},{"id":4116,"url":"https:\/\/moir.com.co\/web\/participacion-del-senador-robledo-y-de-gonzalo-arango-candidato-a-la-camara-por-risaralda-en-la-marcha-por-la-vida-realizada-en-pereira-febrero-18-de-2010\/","url_meta":{"origin":460,"position":1},"title":"Participaci\u00f3n del senador Robledo y de Gonzalo Arango, candidato a la C\u00e1mara por Risaralda, en la Marcha por la Vida realizada en Pereira, febrero 18 de 2010","author":"admin","date":"febrero 18, 2010","format":false,"excerpt":"","rel":"","context":"En \u00abGaler\u00edas\u00bb","block_context":{"text":"Galer\u00edas","link":"https:\/\/moir.com.co\/web\/category\/multimedia\/galerias\/"},"img":{"alt_text":"","src":"","width":0,"height":0},"classes":[]},{"id":19749,"url":"https:\/\/moir.com.co\/web\/en-la-calle-trabajaremos-en-la-calle-nos-quedamos\/","url_meta":{"origin":460,"position":2},"title":"\u00abEN LA CALLE TRABAJAREMOS EN LA CALLE NOS QUEDAMOS\u00bb","author":"admin","date":"agosto 9, 2004","format":false,"excerpt":"Por Albeiro Osorio Vargas S\u00f3lo fue que en enero de 2001 le dieran posesi\u00f3n como alcaldesa a la se\u00f1orita Martha Elena Bedoya, ficha pol\u00edtica de la senadora uribista Mar\u00eda Isabel Mej\u00eda, para que se iniciara la m\u00e1s violenta persecuci\u00f3n contra los vendedores ambulantes de Pereira. Arranc\u00f3 la ofensiva con perros\u2026","rel":"","context":"En \u00abTribuna Roja N\u00ba 92, agosto 6 de 2003\u00bb","block_context":{"text":"Tribuna Roja N\u00ba 92, agosto 6 de 2003","link":"https:\/\/moir.com.co\/web\/category\/tribuna-roja\/ediciones-2000-2004\/tribuna-roja-no-92-agosto-6-de-2003\/"},"img":{"alt_text":"","src":"","width":0,"height":0},"classes":[]},{"id":525,"url":"https:\/\/moir.com.co\/web\/que-la-alcaldesa-no-le-mienta-a-los-ciudadanos-y-los-responsables-del-crimen-respondan-por-sus-actos-ante-la-justicia\/","url_meta":{"origin":460,"position":3},"title":"QUE LA ALCALDESA NO LE MIENTA A LOS CIUDADANOS Y LOS RESPONSABLES DEL CRIMEN RESPONDAN POR SUS ACTOS ANTE LA JUSTICIA","author":"admin","date":"agosto 10, 2004","format":false,"excerpt":"Comit\u00e9 de Vendedores Ambulantes de Pereira, Pereira, junio 25 de 2003 John Alirio Carmona, padre de tres peque\u00f1os ni\u00f1os y laborioso vendedor informal de artesan\u00edas, falleci\u00f3 el d\u00eda de ayer en el Hospital Universitario San Jorge, en las horas de la madrugada, a consecuencia de un severo trauma en regi\u00f3n\u2026","rel":"","context":"En \u00abPronunciamientos de Organizaciones Sociales\u00bb","block_context":{"text":"Pronunciamientos de Organizaciones Sociales","link":"https:\/\/moir.com.co\/web\/category\/pronunciamientos-de-organizaciones-sociales\/"},"img":{"alt_text":"","src":"","width":0,"height":0},"classes":[]},{"id":13753,"url":"https:\/\/moir.com.co\/web\/rueda-de-prensa-de-aurelio-suarez-montoya-en-pereira\/","url_meta":{"origin":460,"position":4},"title":"Rueda de prensa de Aurelio Su\u00e1rez Montoya en Pereira","author":"admin","date":"noviembre 7, 2017","format":"video","excerpt":"Rueda de prensa con uno de los economistas m\u00e1s importantes del pa\u00eds, Aurelio Su\u00e1rez, hablar\u00e1 sobre temas de relevancia para el departamento de Risaralda. Pereira, noviembre 5 de 2017","rel":"","context":"En \u00abAgro\u00bb","block_context":{"text":"Agro","link":"https:\/\/moir.com.co\/web\/category\/temas\/agro\/"},"img":{"alt_text":"","src":"","width":0,"height":0},"classes":[]},{"id":571,"url":"https:\/\/moir.com.co\/web\/comunicado-de-la-asamblea-general-de-estudiantes-de-la-universidad-tecnologica-de-pereira\/","url_meta":{"origin":460,"position":5},"title":"COMUNICADO DE LA ASAMBLEA GENERAL DE ESTUDIANTES DE LA UNIVERSIDAD TECNOLOGICA DE PEREIRA","author":"admin","date":"agosto 11, 2004","format":false,"excerpt":"En la Asamblea General de Estudiantes de la UTP, del d\u00eda lunes 25 de agosto, conocimos la carta enviada al Profesor Jaime Hern\u00e1ndez Guti\u00e9rrez por parte de la Directora General del Instituto de Cultura de Pereira, Gloria Edith Garc\u00eda Arenas. En esta carta se le comunica al profesor Jaime Hern\u00e1ndez\u2026","rel":"","context":"En \u00abJuventud Patri\u00f3tica\u00bb","block_context":{"text":"Juventud Patri\u00f3tica","link":"https:\/\/moir.com.co\/web\/category\/juventud-patriotica\/"},"img":{"alt_text":"","src":"","width":0,"height":0},"classes":[]}],"jetpack_sharing_enabled":true,"_links":{"self":[{"href":"https:\/\/moir.com.co\/web\/wp-json\/wp\/v2\/posts\/460","targetHints":{"allow":["GET"]}}],"collection":[{"href":"https:\/\/moir.com.co\/web\/wp-json\/wp\/v2\/posts"}],"about":[{"href":"https:\/\/moir.com.co\/web\/wp-json\/wp\/v2\/types\/post"}],"author":[{"embeddable":true,"href":"https:\/\/moir.com.co\/web\/wp-json\/wp\/v2\/users\/1"}],"replies":[{"embeddable":true,"href":"https:\/\/moir.com.co\/web\/wp-json\/wp\/v2\/comments?post=460"}],"version-history":[{"count":0,"href":"https:\/\/moir.com.co\/web\/wp-json\/wp\/v2\/posts\/460\/revisions"}],"wp:attachment":[{"href":"https:\/\/moir.com.co\/web\/wp-json\/wp\/v2\/media?parent=460"}],"wp:term":[{"taxonomy":"category","embeddable":true,"href":"https:\/\/moir.com.co\/web\/wp-json\/wp\/v2\/categories?post=460"},{"taxonomy":"post_tag","embeddable":true,"href":"https:\/\/moir.com.co\/web\/wp-json\/wp\/v2\/tags?post=460"}],"curies":[{"name":"wp","href":"https:\/\/api.w.org\/{rel}","templated":true}]}}