{"id":459,"date":"2004-08-09T07:00:00","date_gmt":"2004-08-09T07:00:00","guid":{"rendered":"https:\/\/moir.org.co\/web\/carta-abierta-a-el-tiempo\/"},"modified":"2004-08-09T07:00:00","modified_gmt":"2004-08-09T07:00:00","slug":"carta-abierta-a-el-tiempo","status":"publish","type":"post","link":"https:\/\/moir.com.co\/web\/carta-abierta-a-el-tiempo\/","title":{"rendered":"CARTA ABIERTA A &#8220;El Tiempo&#8221;"},"content":{"rendered":"<p>Aurelio Su\u00e1rez Montoya; presidente Unidad Cafetera Nacional., Pereira, diciembre 10 de 2002<\/p>\n<p>Pereira, diciembre 10 de 2002<\/p>\n<p>Doctores<br \/>\nEnrique Santos C. y Rafael Santos C.<br \/>\nDirectores<br \/>\nPeri\u00f3dico \u201cEl Tiempo\u201d<br \/>\nBogot\u00e1 D. C.<br \/>\nCordial saludo,<\/p>\n<p>Las afirmaciones del editorial del s\u00e1bado 7 de diciembre sobre la industria cafetera colombiana me obligan a hacer algunas observaciones a dicho escrito; sabiendo que, si bien \u201clo primero es el caficultor\u201d, por encima est\u00e1 la verdad, y en particular la de la m\u00edsera existencia de medio mill\u00f3n de familias cultivadoras.<\/p>\n<p>Expresa el editorial que \u201c\u2026 Por fortuna, el anterior gobierno estableci\u00f3 la denominada AGC\u2026\u201d. No es posible que un hecho como el Paro Agropecuario de 2001, que presion\u00f3 el establecimiento del subsidio al precio interno, hoy se olvide y se despache el punto como acto fortuito de un r\u00e9gimen que gracias a ese suceso \u201capoy\u00f3\u201d a la caficultura. Y, concomitante con lo anterior, a\u00f1ade: \u201c\u2026Es necesario destacar la solidaridad y el respaldo que recibieron del gobierno los caficultores, la Federaci\u00f3n y la nueva administraci\u00f3n\u201d. Esto no puede decirse si hay m\u00ednimos conocimientos del reciente \u201cAcuerdo entre la Federaci\u00f3n y el Gobierno\u201d y de los pronunciamientos gubernamentales en el LXII Congreso.<\/p>\n<p>Para eso ayudan algunos datos. Seg\u00fan la Comisi\u00f3n de Ajuste Institucional, a la cual perteneci\u00f3 el actual gerente, Gabriel Silva, el gobierno para 2002 deber\u00eda haber trasladado para financiar la pol\u00edtica cafetera la suma de $288.200 millones. Pues bien, seg\u00fan el Informe de Gerencia al Congreso del mismo Doctor Silva, el aporte s\u00f3lo fue de $ 231.000 millones, 57.000 menos. Se refleja la disminuci\u00f3n del AGC de $30.000 a $25.000 por carga, el cierre del cr\u00e9dito de apoyo y la eliminaci\u00f3n de los recursos para renovaci\u00f3n y de los de asistencia t\u00e9cnica para predios de m\u00e1s de diez hect\u00e1reas. \u00a1Hasta los senadores parientes del presidente Uribe se pronunciaron en contra en un debate que se adelant\u00f3 al respecto! Es m\u00e1s, para 2003 cuando seg\u00fan la misma Comisi\u00f3n se necesitan $153.786 millones del Presupuesto Nacional, los compromisos del Presidente y sus ministros al respecto fueron vagos y, acorde con algunas noticias, apenas llegar\u00e1n a un tercio de lo previsto.<\/p>\n<p>No es verdad que los congresistas -que estuvieron en un encuentro con delegados- \u201crespaldar\u00e1n la nueva contribuci\u00f3n cafetera\u201d. Varios no comparten que, bajo cualquier raz\u00f3n y en estas circunstancias, los caficultores aporten el 5% de su ingreso bruto y algo m\u00e1s para sostener las instituciones, financiar el precio interno y pagar deudas por 150 millones de d\u00f3lares del Fondo Nacional del Caf\u00e9. \u00bfQu\u00e9 sector recibe tan oneroso impuesto, en tanto el gobierno hace mutis? Esto sin olvidar que la Reforma Tributaria grava todo el trabajo agr\u00edcola.<\/p>\n<p>Y no s\u00f3lo por lo anterior no procede la frase inicial del editorial \u201cestamos ante el comienzo del final de la m\u00e1s profunda crisis cafetera\u201d. En lo que Uribe s\u00ed fue muy claro, y ad portas del arribo de Collin Powell, fue en avisar la fumigaci\u00f3n a\u00e9rea con glifosato en las zonas cafeteras con presencia de cultivos il\u00edcitos, sin reparar en los efectos colaterales sobre los cafetales y la poblaci\u00f3n. Esos cultivos son 20.000 hect\u00e1reas en medio de 750.000 de cafetales; \u00bfCu\u00e1les se afectar\u00e1n m\u00e1s por cumplir el mandato for\u00e1neo?<\/p>\n<p>Por otra parte, lejos se estar\u00e1 de aliviar el drama social de las regiones del caf\u00e9 que en los departamentos del EJE, entre 1994 y 2000, ha incrementado el n\u00famero de pobres en un 17% y su ingreso por habitante disminuido en un 13%, si la concesi\u00f3n internacional que se nos otorga es favorecer \u201cla calidad\u201d. El mercado de \u201cespecial\u201d es promisorio pero limitado y competido y requiere ingentes capitales para desarrollarlo. A\u00fan con ventas al detalle en los grandes mercados \u201cperder\u00e1 su status y sus precios altos si se ve invadido y sus consumidores no crecen con \u00e9l\u201d, como sostiene la organizaci\u00f3n OXFAM.<\/p>\n<p>Y es que en el plano internacional, est\u00e1 la mayor ausencia del gobierno. Se sabe que la sobreoferta de caf\u00e9 es inducida por los pa\u00edses y compa\u00f1\u00edas consumidoras. No hay un reclamo presidencial serio que exija el cese del envilecimiento deliberado de los precios y denuncie que los gobiernos del Norte se quedan, en forma de impuestos, con el 24% del ingreso cafetero mundial, \u201cque le ponga el cascabel al gato\u201d. En un negocio dominado por monopolios, la soluci\u00f3n s\u00f3lo puede ser pol\u00edtica. Como colof\u00f3n, cabe recordar que este gobierno tambi\u00e9n est\u00e1 comprometido con el ALCA, un acuerdo por el que podr\u00eda inundarse de caf\u00e9 extranjero, barato y malo el propio mercado nacional; \u00bfTiene as\u00ed sentido fomentar el consumo interno? \u00bfEstar\u00e1, entonces, concluyendo la crisis?<\/p>\n<p>Reciban, se\u00f1ores directores, estas glosas que tienen como inter\u00e9s mostrar otra cara, la real, de la peor tragedia colombiana de la \u00faltima d\u00e9cada y que no puede taparse con un editorial de un diario de la cobertura de \u201cEL TIEMPO\u201d.<\/p>\n<p>Cordialmente,<\/p>\n<p>Aurelio Su\u00e1rez Montoya<br \/>\nPresidente Nacional UNIDAD CAFETERA.<\/p>\n","protected":false},"excerpt":{"rendered":"<p>Aurelio Su\u00e1rez Montoya; presidente Unidad Cafetera Nacional., Pereira, diciembre 10 de 2002 Pereira, diciembre 10 de 2002 Doctores Enrique Santos C. y Rafael Santos C. Directores Peri\u00f3dico \u201cEl Tiempo\u201d Bogot\u00e1 D. C. Cordial saludo, Las afirmaciones del editorial del s\u00e1bado 7 de diciembre sobre la industria cafetera colombiana me obligan a hacer algunas observaciones a [&hellip;]<\/p>\n","protected":false},"author":1,"featured_media":0,"comment_status":"open","ping_status":"open","sticky":false,"template":"","format":"standard","meta":{"advanced_seo_description":"","jetpack_seo_html_title":"","jetpack_seo_noindex":false,"_jetpack_memberships_contains_paid_content":false,"footnotes":""},"categories":[7],"tags":[],"class_list":["post-459","post","type-post","status-publish","format-standard","hentry","category-pronunciamientos-de-organizaciones-sociales"],"jetpack_featured_media_url":"","jetpack-related-posts":[{"id":8034,"url":"https:\/\/moir.com.co\/web\/declaracion-de-dignidad-cafetera-para-que-el-gobierno-de-santos-cumpla-lo-acordado-cafeteros-se-movilizaran-a-bogota\/","url_meta":{"origin":459,"position":0},"title":"Declaraci\u00f3n de Dignidad Cafetera: Para que el gobierno de Santos cumpla lo acordado, cafeteros se movilizar\u00e1n a Bogot\u00e1","author":"admin","date":"noviembre 4, 2013","format":false,"excerpt":"La XIII Asamblea Nacional de Dignidad Cafetera Nacional se realiza en medio de la m\u00e1s grave crisis de las dos \u00faltimas d\u00e9cadas, causada, en primer lugar, por la baja en el precio internacional del grano, que pas\u00f3 de 2,89 d\u00f3lares -en diciembre de 2011- a 1,07 d\u00f3lares en octubre de\u2026","rel":"","context":"En \u00abPronunciamientos de Organizaciones Sociales\u00bb","block_context":{"text":"Pronunciamientos de Organizaciones Sociales","link":"https:\/\/moir.com.co\/web\/category\/pronunciamientos-de-organizaciones-sociales\/"},"img":{"alt_text":"","src":"","width":0,"height":0},"classes":[]},{"id":606,"url":"https:\/\/moir.com.co\/web\/unidad-cafetera-asistira-a-encuentro-internacional-del-sector-cafetero-promovido-por-la-onu-en-ginebra-suiza\/","url_meta":{"origin":459,"position":1},"title":"UNIDAD CAFETERA ASISTIR\u00c1 A ENCUENTRO INTERNACIONAL DEL SECTOR CAFETERO PROMOVIDO POR LA ONU EN GINEBRA (SUIZA)","author":"admin","date":"agosto 11, 2004","format":false,"excerpt":"Unidad Cafetera Nacional, Pereira, diciembre 4 de 2003. Los d\u00edas 8 y 9 de diciembre se desarrollar\u00e1 en Ginebra (Suiza) un encuentro internacional del sector cafetero mundial promovido por la ONU, a trav\u00e9s de su Conferencia para el Comercio y el Desarrollo \u2013UNCTAD- y en asocio con el Instituto Internacional\u2026","rel":"","context":"En \u00abPronunciamientos de Organizaciones Sociales\u00bb","block_context":{"text":"Pronunciamientos de Organizaciones Sociales","link":"https:\/\/moir.com.co\/web\/category\/pronunciamientos-de-organizaciones-sociales\/"},"img":{"alt_text":"","src":"","width":0,"height":0},"classes":[]},{"id":441,"url":"https:\/\/moir.com.co\/web\/a-proposito-de-las-elecciones-cafeteras-de-2002\/","url_meta":{"origin":459,"position":2},"title":"A PROP\u00d3SITO DE LAS ELECCIONES CAFETERAS DE 2002","author":"admin","date":"agosto 9, 2004","format":false,"excerpt":"Unidad Cafetera Nacional, Pereira, septiembre 24 de 2002 El pr\u00f3ximo fin de semana, el s\u00e1bado 28 y el domingo 29 de septiembre, en casi 600 municipios de Colombia se elegir\u00e1n los representantes de los caficultores a los Comit\u00e9s de Cafeteros. Durante d\u00e9cadas el sistema de elecci\u00f3n ha sido el m\u00e1s\u2026","rel":"","context":"En \u00abPronunciamientos de Organizaciones Sociales\u00bb","block_context":{"text":"Pronunciamientos de Organizaciones Sociales","link":"https:\/\/moir.com.co\/web\/category\/pronunciamientos-de-organizaciones-sociales\/"},"img":{"alt_text":"","src":"","width":0,"height":0},"classes":[]},{"id":6893,"url":"https:\/\/moir.com.co\/web\/jornada-nacional-de-protesta-por-la-dignidad-cafetera-martes-9-de-octubre\/","url_meta":{"origin":459,"position":3},"title":"Jornada Nacional de Protesta por la Dignidad Cafetera: Martes 9 de octubre","author":"admin","date":"octubre 4, 2012","format":false,"excerpt":"Los dirigentes cafeteros asistentes al II Encuentro Nacional del Movimiento por la Defensa y la Dignidad Cafetera aprobaron: \u201crealizar, el pr\u00f3ximo martes 9 de octubre, la Jornada Nacional de Protesta por la Dignidad Cafetera que consistir\u00e1 en concentraciones y marchas, en parques y plazas de ciudades cafeteras, o en las\u2026","rel":"","context":"En \u00abPronunciamientos de Organizaciones Sociales\u00bb","block_context":{"text":"Pronunciamientos de Organizaciones Sociales","link":"https:\/\/moir.com.co\/web\/category\/pronunciamientos-de-organizaciones-sociales\/"},"img":{"alt_text":"","src":"","width":0,"height":0},"classes":[]},{"id":7972,"url":"https:\/\/moir.com.co\/web\/carta-de-dignidad-cafetera-al-mininterior\/","url_meta":{"origin":459,"position":4},"title":"Carta de Dignidad Cafetera al mininterior","author":"admin","date":"octubre 7, 2013","format":false,"excerpt":"Se\u00f1or Aurelio Iragorri Ministro del Interior y de Gobierno Bogot\u00e1 Se\u00f1or Ministro En comunicado de prensa publicado en la p\u00e1gina web de la Presidencia de la Rep\u00fablica se lee que: \u201cEl Ministro del Interior, Aurelio Iragorri, afirm\u00f3 que el Gobierno Nacional s\u00ed est\u00e1 cumpliendo los compromisos acordados con los campesinos\u2026","rel":"","context":"En \u00abPronunciamientos de Organizaciones Sociales\u00bb","block_context":{"text":"Pronunciamientos de Organizaciones Sociales","link":"https:\/\/moir.com.co\/web\/category\/pronunciamientos-de-organizaciones-sociales\/"},"img":{"alt_text":"","src":"","width":0,"height":0},"classes":[]},{"id":214,"url":"https:\/\/moir.com.co\/web\/cosecha-cafetera-2002-2003-precios-bajos-y-nuevas-cargas\/","url_meta":{"origin":459,"position":5},"title":"COSECHA CAFETERA 2002-2003: PRECIOS BAJOS Y NUEVAS CARGAS","author":"admin","date":"agosto 7, 2004","format":false,"excerpt":"Se cree que las exigencias gremiales, cuando se acerca el principal periodo de recolecci\u00f3n de la cosecha cafetera anual, constituyen un ritual de ocasi\u00f3n. Tales reclamos han elevado el tono desde 1.989 cuando se elimin\u00f3 el Pacto Internacional de Cuotas y se han plasmado en masivas protestas como el Paro\u2026","rel":"","context":"En \u00abTemas\u00bb","block_context":{"text":"Temas","link":"https:\/\/moir.com.co\/web\/category\/temas\/"},"img":{"alt_text":"","src":"","width":0,"height":0},"classes":[]}],"jetpack_sharing_enabled":true,"_links":{"self":[{"href":"https:\/\/moir.com.co\/web\/wp-json\/wp\/v2\/posts\/459","targetHints":{"allow":["GET"]}}],"collection":[{"href":"https:\/\/moir.com.co\/web\/wp-json\/wp\/v2\/posts"}],"about":[{"href":"https:\/\/moir.com.co\/web\/wp-json\/wp\/v2\/types\/post"}],"author":[{"embeddable":true,"href":"https:\/\/moir.com.co\/web\/wp-json\/wp\/v2\/users\/1"}],"replies":[{"embeddable":true,"href":"https:\/\/moir.com.co\/web\/wp-json\/wp\/v2\/comments?post=459"}],"version-history":[{"count":0,"href":"https:\/\/moir.com.co\/web\/wp-json\/wp\/v2\/posts\/459\/revisions"}],"wp:attachment":[{"href":"https:\/\/moir.com.co\/web\/wp-json\/wp\/v2\/media?parent=459"}],"wp:term":[{"taxonomy":"category","embeddable":true,"href":"https:\/\/moir.com.co\/web\/wp-json\/wp\/v2\/categories?post=459"},{"taxonomy":"post_tag","embeddable":true,"href":"https:\/\/moir.com.co\/web\/wp-json\/wp\/v2\/tags?post=459"}],"curies":[{"name":"wp","href":"https:\/\/api.w.org\/{rel}","templated":true}]}}