{"id":457,"date":"2004-08-09T07:00:00","date_gmt":"2004-08-09T07:00:00","guid":{"rendered":"https:\/\/moir.org.co\/web\/cafeteros-dicen-no-a-impuestos\/"},"modified":"2004-08-09T07:00:00","modified_gmt":"2004-08-09T07:00:00","slug":"cafeteros-dicen-no-a-impuestos","status":"publish","type":"post","link":"https:\/\/moir.com.co\/web\/cafeteros-dicen-no-a-impuestos\/","title":{"rendered":"CAFETEROS DICEN NO A IMPUESTOS"},"content":{"rendered":"<p>GOBIERNO INTENTAR\u00cdA UN PEAJE DE 6 CENTAVOS POR LIBRA EXPORTADA. CAFETEROS TOLIMENSES DECLARAN COMO INSOSTENIBLE SU ECONOMIA<\/p>\n<p>Oscar Var\u00f3n, El Nuevo D\u00eda; Ibagu\u00e9 , diciembre 7 de 2002<\/p>\n<p>Como cr\u00edtica e insostenible se analiz\u00f3 la actual situaci\u00f3n cafetera del pa\u00eds, agudizada hoy en d\u00eda por el gobierno nacional, el cual tramita ante el Congreso de la Rep\u00fablica un proyecto de ley que les impone a los caficultores una contribuci\u00f3n hasta de seis centavos de d\u00f3lar por libra de caf\u00e9 exportado, adem\u00e1s de los impuestos que por reforma tributaria se cobrar\u00e1n a partir de enero de 2003. Este se\u00f1alamiento se hizo en el marco de la instalaci\u00f3n de la Mesa Cafetera del Tolima, evento en el cual particip\u00f3 la gobernaci\u00f3n, el Comit\u00e9 Departamental de Cafeteros y el movimiento por la Salvaci\u00f3n Agropecuaria de Colombia.<\/p>\n<p>Se alista una gran movilizaci\u00f3n del sector agrario, la cual se realizar\u00eda antes del 15 de abril de 2003, en aras de solicitarle al gobierno de Alvaro Uribe V\u00e9lez que Colombia sea retirada del \u00c1rea de Libre Comercio de las Am\u00e9ricas, ALCA.<\/p>\n<p>Hay que recordar que precisamente en la fecha mencionada, se deber\u00e1n fijar los puntos de acuerdo para que el sector agrario colombiano entre a participar del tratado internacional. As\u00ed lo se\u00f1al\u00f3 Aurelio Su\u00e1rez Montoya, presidente de Unidad Cafetera, durante la instalaci\u00f3n de la Mesa Cafetera del Tolima, ayer en el centro de Convenciones Alfonso L\u00f3pez Pumarejo de la Gobernaci\u00f3n.<\/p>\n<p>Sector en crisis<\/p>\n<p>En el evento se realiz\u00f3 una exposici\u00f3n de la cr\u00edtica situaci\u00f3n cafetera del pa\u00eds, agudizada hoy en d\u00eda por el Gobierno nacional, el cual tramita ante el Congreso de la Rep\u00fablica un proyecto de ley que les impone a los caficultores una contribuci\u00f3n hasta de seis centavos de d\u00f3lar por libra de caf\u00e9 exportado. Siendo esta cifra muy alta para los productores nacionales e inconsecuente con la realidad de los mismos.<\/p>\n<p>Por otra parte, Su\u00e1rez sent\u00f3 su voz de protesta en contra de los art\u00edculos de la reforma tributaria en los que se obliga a gravar con IVA los insumos agropecuarios.<\/p>\n<p>&#8220;El impuesto de contribuci\u00f3n cafetera es recesivo, pues parte de la base de que se deber\u00e1 pagar a partir de los ingresos y no de las utilidades de los caficultores. Adem\u00e1s, no puede ser que el Gobierno grave la venta de caf\u00e9 pergamino, verde, tostado y en todas sus presentaciones, con lo cual se atropella la econom\u00eda del productor de grano&#8221;, indic\u00f3 Su\u00e1rez.<\/p>\n<p>De otra parte, el acad\u00e9mico enfatiz\u00f3 que el precio interno no puede amarrarse a las condiciones de los exportadores y comercializadores privados, quienes son en \u00faltimas los que se llevan la mayor parte de los dividendos de este negocio.<\/p>\n<p>La inversi\u00f3n de los cafeteros va a parar en manos del Gobierno de Estados Unidos por concepto de impuestos de venta. Tambi\u00e9n, este dinero queda a cargo de las multinacionales que procesan el grano, las cuales intervienen el mercado a su antojo.<\/p>\n<p>Margen negativo<\/p>\n<p>En esta actividad, se se\u00f1al\u00f3 que en la actualidad, y a pesar del subsidio para la carga de caf\u00e9, se presenta un margen negativo en la exportaci\u00f3n del producto, pues al bajar el precio internacional se le reduce el valor al productor, en tanto que los costos de producci\u00f3n se incrementan, con lo cual no existe rentabilidad.<\/p>\n<p>Ante este panorama, la Mesa Cafetera, en la cual participaron funcionarios de la Gobernaci\u00f3n, del Comit\u00e9 Departamental de Cafeteros del Tolima y el movimiento por la Salvaci\u00f3n Agropecuaria de Colombia, le solicitaron al Gobierno mayor presencia en las zonas cafeteras, apoyo en los procesos de reconversi\u00f3n econ\u00f3mica del sector y el establecimiento de reglas claras y justas en los procesos de exportaci\u00f3n. As\u00ed mismo, hubo una oposici\u00f3n rotunda a las fumigaciones a\u00e9reas contra los cafetales del departamento del Tolima en donde se presume que existen cultivos il\u00edcitos.<\/p>\n<p>&#8220;La negativa y el rechazo nuestro ante la posibilidad de fumigar con glifosato los sectores cafeteros es total. En este caso vamos a realizar todo lo que est\u00e9 a nuestro alcance para que esta iniciativa que fue presentada al secretario de Estado Americano Colin Powel, por parte del Gobierno colombiano, ponga en riesgo la estabilidad ambiental, econ\u00f3mica y demogr\u00e1fica de las zonas cafeteras&#8221;, concluy\u00f3 Su\u00e1rez <\/p>\n","protected":false},"excerpt":{"rendered":"<p>GOBIERNO INTENTAR\u00cdA UN PEAJE DE 6 CENTAVOS POR LIBRA EXPORTADA. CAFETEROS TOLIMENSES DECLARAN COMO INSOSTENIBLE SU ECONOMIA Oscar Var\u00f3n, El Nuevo D\u00eda; Ibagu\u00e9 , diciembre 7 de 2002 Como cr\u00edtica e insostenible se analiz\u00f3 la actual situaci\u00f3n cafetera del pa\u00eds, agudizada hoy en d\u00eda por el gobierno nacional, el cual tramita ante el Congreso de [&hellip;]<\/p>\n","protected":false},"author":1,"featured_media":0,"comment_status":"open","ping_status":"open","sticky":false,"template":"","format":"standard","meta":{"advanced_seo_description":"","jetpack_seo_html_title":"","jetpack_seo_noindex":false,"_jetpack_memberships_contains_paid_content":false,"footnotes":""},"categories":[7],"tags":[],"class_list":["post-457","post","type-post","status-publish","format-standard","hentry","category-pronunciamientos-de-organizaciones-sociales"],"jetpack_featured_media_url":"","jetpack-related-posts":[{"id":6588,"url":"https:\/\/moir.com.co\/web\/en-defensa-de-la-dignidad-el-ingreso-y-la-produccion-cafetera-nacional-movilicemonos\/","url_meta":{"origin":457,"position":0},"title":"En defensa de la dignidad, el ingreso y la producci\u00f3n cafetera nacional  \u00a1Movilic\u00e9monos!","author":"admin","date":"junio 6, 2012","format":false,"excerpt":"Realizamos, en medio de la tradicional hospitalidad del pueblo ind\u00edgena y campesino de Riosucio, Caldas, el Encuentro Regional Cafetero del Occidente de Colombia. M\u00e1s de 700 dirigentes provenientes de m\u00e1s de cien Municipios de los departamentos de Antioqu\u00eda, Caldas, Risaralda, Quind\u00edo, Valle del Cauca, Cauca y Tolima y con el\u2026","rel":"","context":"En \u00abPronunciamientos de Organizaciones Sociales\u00bb","block_context":{"text":"Pronunciamientos de Organizaciones Sociales","link":"https:\/\/moir.com.co\/web\/category\/pronunciamientos-de-organizaciones-sociales\/"},"img":{"alt_text":"","src":"","width":0,"height":0},"classes":[]},{"id":4726,"url":"https:\/\/moir.com.co\/web\/no-mas-impuestos-a-los-cafeteros\/","url_meta":{"origin":457,"position":1},"title":"No m\u00e1s impuestos a los cafeteros","author":"admin","date":"agosto 30, 2010","format":false,"excerpt":"Colombia import\u00f3 en 2009 un mill\u00f3n de sacos de caf\u00e9. Los cafeteros se quiebran con caf\u00e9 a 2.4 d\u00f3lares la libra. \u00bfSe atrever\u00eda Santos a proponer que les duplicaran los impuestos a las trasnacionales de la miner\u00eda. Doblar la contribuci\u00f3n cafetera, un tipo de impuesto especial que pagan los cafeteros,\u2026","rel":"","context":"En \u00abJorge Enrique Robledo\u00bb","block_context":{"text":"Jorge Enrique Robledo","link":"https:\/\/moir.com.co\/web\/category\/jorge-enrique-robledo\/"},"img":{"alt_text":"","src":"","width":0,"height":0},"classes":[]},{"id":6395,"url":"https:\/\/moir.com.co\/web\/detrimento-patrimonial-de-60-000-millones-en-el-fondo-nacional-del-cafe\/","url_meta":{"origin":457,"position":2},"title":"Detrimento patrimonial de $60.000 millones en el Fondo Nacional del Caf\u00e9","author":"admin","date":"marzo 21, 2012","format":false,"excerpt":"La cosecha cafetera se ha reducido en 8 millones de sacos. La mitad del caf\u00e9 que se consume en Colombia es importado. Los precios internacionales, en picada. Si Santos no le pone control a la revaluaci\u00f3n, aqu\u00ed no va a quedar nada del aparato productivo. Santos anuncia m\u00e1s impuestos a\u2026","rel":"","context":"En \u00abJorge Enrique Robledo\u00bb","block_context":{"text":"Jorge Enrique Robledo","link":"https:\/\/moir.com.co\/web\/category\/jorge-enrique-robledo\/"},"img":{"alt_text":"","src":"","width":0,"height":0},"classes":[]},{"id":21256,"url":"https:\/\/moir.com.co\/web\/unidad-cafetera-firme-contra-politica-neoliberal-en-el-cafe\/","url_meta":{"origin":457,"position":3},"title":"UNIDAD CAFETERA, FIRME CONTRA POLITICA NEOLIBERAL EN EL CAFE","author":"admin","date":"febrero 15, 2009","format":false,"excerpt":"(Apartes) Mi dif\u00edcil encargo es entregarle a este Congreso el balance de una batalla en la que nos comprometimos hace dieciocho a\u00f1os. Una tarde, en un restaurante en Pereira, Jorge Robledo, Fernando Ruiz y yo, despu\u00e9s de una larga conversaci\u00f3n, concluimos: la crisis del caf\u00e9 se viene inexorablemente, y vamos\u2026","rel":"","context":"En \u00abINTERVENCIONES EN EL CONGRESO NACIONAL AGROPECUARIO\u00bb","block_context":{"text":"INTERVENCIONES EN EL CONGRESO NACIONAL AGROPECUARIO","link":"https:\/\/moir.com.co\/web\/category\/temas\/agro\/intervenciones-en-el-congreso-nacional-agropecuario\/"},"img":{"alt_text":"","src":"","width":0,"height":0},"classes":[]},{"id":6418,"url":"https:\/\/moir.com.co\/web\/paisaje-cultural-cafetero\/","url_meta":{"origin":457,"position":4},"title":"Paisaje cultural \u00bfcafetero?","author":"admin","date":"marzo 30, 2012","format":false,"excerpt":"La declaraci\u00f3n por la Unesco del Paisaje Cultural del Eje Cafetero como patrimonio de la humanidad, hace que nos sintamos orgullosos de haber nacido en unas tierras que resaltan por su belleza y que, sin duda, son un atractivo para cualquier turista que disfrute de la naturaleza y las tradiciones\u2026","rel":"","context":"En \u00abTemas\u00bb","block_context":{"text":"Temas","link":"https:\/\/moir.com.co\/web\/category\/temas\/"},"img":{"alt_text":"","src":"","width":0,"height":0},"classes":[]},{"id":6731,"url":"https:\/\/moir.com.co\/web\/cafeteros-a-manizales\/","url_meta":{"origin":457,"position":5},"title":"Cafeteros a Manizales","author":"admin","date":"agosto 5, 2012","format":false,"excerpt":"La crisis que se ha venido larvando en el seno de la producci\u00f3n cafetera colombiana est\u00e1 tocando fondo: a falta de un precio de sustentaci\u00f3n que contemple atender los costos de producci\u00f3n y un margen de utilidad como en cualquier negocio, ahora se suma la carencia de producto, pues la\u2026","rel":"","context":"En \u00abTemas\u00bb","block_context":{"text":"Temas","link":"https:\/\/moir.com.co\/web\/category\/temas\/"},"img":{"alt_text":"","src":"","width":0,"height":0},"classes":[]}],"jetpack_sharing_enabled":true,"_links":{"self":[{"href":"https:\/\/moir.com.co\/web\/wp-json\/wp\/v2\/posts\/457","targetHints":{"allow":["GET"]}}],"collection":[{"href":"https:\/\/moir.com.co\/web\/wp-json\/wp\/v2\/posts"}],"about":[{"href":"https:\/\/moir.com.co\/web\/wp-json\/wp\/v2\/types\/post"}],"author":[{"embeddable":true,"href":"https:\/\/moir.com.co\/web\/wp-json\/wp\/v2\/users\/1"}],"replies":[{"embeddable":true,"href":"https:\/\/moir.com.co\/web\/wp-json\/wp\/v2\/comments?post=457"}],"version-history":[{"count":0,"href":"https:\/\/moir.com.co\/web\/wp-json\/wp\/v2\/posts\/457\/revisions"}],"wp:attachment":[{"href":"https:\/\/moir.com.co\/web\/wp-json\/wp\/v2\/media?parent=457"}],"wp:term":[{"taxonomy":"category","embeddable":true,"href":"https:\/\/moir.com.co\/web\/wp-json\/wp\/v2\/categories?post=457"},{"taxonomy":"post_tag","embeddable":true,"href":"https:\/\/moir.com.co\/web\/wp-json\/wp\/v2\/tags?post=457"}],"curies":[{"name":"wp","href":"https:\/\/api.w.org\/{rel}","templated":true}]}}