{"id":453,"date":"2004-08-09T07:00:00","date_gmt":"2004-08-09T07:00:00","guid":{"rendered":"https:\/\/moir.org.co\/web\/la-resistencia-civil-dio-el-triunfo-a-los-paneleros-frente-a-las-pretensiones-de-los-monopolios\/"},"modified":"2004-08-09T07:00:00","modified_gmt":"2004-08-09T07:00:00","slug":"la-resistencia-civil-dio-el-triunfo-a-los-paneleros-frente-a-las-pretensiones-de-los-monopolios","status":"publish","type":"post","link":"https:\/\/moir.com.co\/web\/la-resistencia-civil-dio-el-triunfo-a-los-paneleros-frente-a-las-pretensiones-de-los-monopolios\/","title":{"rendered":"\u00a1LA RESISTENCIA CIVIL DIO EL TRIUNFO A LOS PANELEROS FRENTE A LAS PRETENSIONES DE LOS MONOPOLIOS!"},"content":{"rendered":"<p>Asociaci\u00f3n Nacional por la Salvaci\u00f3n Agropecuaria, Noviembre 9 de 2002<\/p>\n<p>El Ministerio del Medio Ambiente, mediante resoluci\u00f3n n\u00famero 0960 del 18 de octubre de 2002, revoc\u00f3 la resoluci\u00f3n de la Corporaci\u00f3n Regional del Cauca del 3 de mayo de este a\u00f1o que otorgaba la licencia ambiental al ingenio panelero de Padilla (Cauca). Dicha revocatoria se bas\u00f3 en \u201clos impactos que afectan a la comunidad campesina tradicional productora de panela\u201d. Es decir, por iguales motivos con los que la Asociaci\u00f3n Nacional por la Salvaci\u00f3n Agropecuaria y la Unidad Panelera convocaron a la Resistencia Civil a los 300.000 productores nacionales.<\/p>\n<p>Esa Resistencia Civil, adelantada desde el Congreso Panelero de marzo de 2000 en Moniquir\u00e1, en las Marchas Paneleras de los \u00faltimos dos a\u00f1os, en el gran Paro Nacional Agropecuario del 31 de julio de 2001, as\u00ed como en la Marcha al Ministerio del Medio Ambiente del 30 de julio de 2002, fue una t\u00e1ctica correcta y justa contra el establecimiento de ese trapiche industrial de propiedad de los grupos econ\u00f3micos poderosos del pa\u00eds, de firmas internacionales como la norteamericana Enron y de algunos ingenios del oligopolio azucarero del Valle del Cauca.<\/p>\n<p>Con personalidades, alcaldes, Concejos y Asambleas Departamentales, congresistas y organizaciones sindicales, sociales y agrarias se form\u00f3 un gran frente que contribuy\u00f3 a la movilizaci\u00f3n de los paneleros y alcanz\u00f3 este triunfo para el sector agropecuario nacional. El gobierno debe velar porque el grupo Desarrollos Empresariales Caucanos cumpla esa resoluci\u00f3n, que no tiene apelaci\u00f3n, e impedir que con alguna artima\u00f1a se pretenda violar lo resuelto y se contin\u00fae con el empe\u00f1o de poner a producir ese ingenio y arruinar a los productores nacionales de panela<\/p>\n<p>Pese a la victoria, otros problemas de los paneleros se agravan. Para enfrentarlos, junto con las nuevas dificultades, como es la implantaci\u00f3n del ALCA y sus consecuencias nefastas sobre la producci\u00f3n agropecuaria e industrial del pa\u00eds, debemos fortalecer la unidad. Para la panela, por ejemplo, es muy grave que la firma Coca Cola ya est\u00e9 importando m\u00e1s de 10 mil toneladas de az\u00facar a Colombia. En varias ocasiones se\u00f1alamos que el Ingenio de Padilla se deb\u00eda, en buena parte, a que los poderosos ingenios azucareros nacionales ve\u00edan en el mercado de la panela un \u201cescampadero\u201d frente a la competencia extranjera del az\u00facar, pues con el ALCA se acaba la protecci\u00f3n que han tenido durante d\u00e9cadas. La Unidad Panelera y las organizaciones agropecuarias deben tomar este triunfo como fuente de nuevas energ\u00edas para luchar contra los peligros futuros y para estrechar los v\u00ednculos tanto con todos aquellos que quieran una patria pr\u00f3spera como con las fuerzas progresistas del continente que rechazan la esclavitud que se intenta imponer a centenares de millones de americanos con ese proyecto, el ALCA, que s\u00f3lo favorece a las compa\u00f1\u00edas multinacionales gringas. Desde ya, el mayor n\u00famero de paneleros ha de estar dispuesto a gritar: \u00a1No al ALCA!<\/p>\n<p>ASOCIACI\u00d3N NACIONAL POR LA SALVACI\u00d3N AGROPECUARIA<\/p>\n<p>\u00c1ngel Mar\u00eda Caballero<br \/>\nPresidente<\/p>\n<p>Aurelio Su\u00e1rez Montoya<br \/>\nDirector Ejecutivo<\/p>\n<p>UNIDAD PANELERA NACIONAL<\/p>\n<p>Pedro Camargo Acevedo<br \/>\nCoordinador Nacional<\/p>\n<p>Jos\u00e9 Fernando Ocampo Trujillo<br \/>\nCoordinador Cundinamarca<\/p>\n","protected":false},"excerpt":{"rendered":"<p>Asociaci\u00f3n Nacional por la Salvaci\u00f3n Agropecuaria, Noviembre 9 de 2002 El Ministerio del Medio Ambiente, mediante resoluci\u00f3n n\u00famero 0960 del 18 de octubre de 2002, revoc\u00f3 la resoluci\u00f3n de la Corporaci\u00f3n Regional del Cauca del 3 de mayo de este a\u00f1o que otorgaba la licencia ambiental al ingenio panelero de Padilla (Cauca). Dicha revocatoria se [&hellip;]<\/p>\n","protected":false},"author":1,"featured_media":0,"comment_status":"open","ping_status":"open","sticky":false,"template":"","format":"standard","meta":{"advanced_seo_description":"","jetpack_seo_html_title":"","jetpack_seo_noindex":false,"_jetpack_memberships_contains_paid_content":false,"footnotes":""},"categories":[7],"tags":[],"class_list":["post-453","post","type-post","status-publish","format-standard","hentry","category-pronunciamientos-de-organizaciones-sociales"],"jetpack_featured_media_url":"","jetpack-related-posts":[{"id":19795,"url":"https:\/\/moir.com.co\/web\/de-salvacion-agropecuaria-la-resistencia-civil-dio-el-triunfo-a-los-paneleros-frente-a-las-pretensiones-de-los-monopolios\/","url_meta":{"origin":453,"position":0},"title":"De Salvaci\u00f3n Agropecuaria: LA RESISTENCIA CIVIL DIO EL TRIUNFO A LOS PANELEROS FRENTE A LAS PRETENSIONES DE LOS MONOPOLIOS","author":"admin","date":"agosto 10, 2004","format":false,"excerpt":"El Ministerio del Medio Ambiente, mediante resoluci\u00f3n n\u00famero 0960 del 18 de octubre de 2002, revoc\u00f3 la resoluci\u00f3n de la Corporaci\u00f3n Regional del Cauca del 3 de mayo de este a\u00f1o que otorgaba la licencia ambiental al ingenio panelero de Padilla, Cauca. Dicha revocatoria se bas\u00f3 en \u00ablos impactos que\u2026","rel":"","context":"En \u00abJos\u00e9 Fernando Ocampo\u00bb","block_context":{"text":"Jos\u00e9 Fernando Ocampo","link":"https:\/\/moir.com.co\/web\/category\/bitacoras\/jose-fernando-ocampo\/"},"img":{"alt_text":"","src":"","width":0,"height":0},"classes":[]},{"id":425,"url":"https:\/\/moir.com.co\/web\/convocatoria-a-marcha-nacional-panelera-el-proximo-30-de-julio-de-2002\/","url_meta":{"origin":453,"position":1},"title":"CONVOCATORIA A MARCHA NACIONAL PANELERA EL PROXIMO 30 DE JULIO DE 2002","author":"admin","date":"agosto 8, 2004","format":false,"excerpt":"Asociaci\u00f3n Nacional por la Salvaci\u00f3n agropecuaria-Unidad Panelera Nacional, Ibagu\u00e9, junio 26 de 2002 Despu\u00e9s de realizadas las audiencias p\u00fablicas de Sup\u00eda (Caldas), Villeta (Cundinamarca) y Moniquir\u00e1 (Boyac\u00e1) con la participaci\u00f3n entusiasta de cientos de paneleros, en las que fue un\u00e1nime el rechazo a la Resoluci\u00f3n 399 de la Corporaci\u00f3n Aut\u00f3noma\u2026","rel":"","context":"En \u00abPronunciamientos de Organizaciones Sociales\u00bb","block_context":{"text":"Pronunciamientos de Organizaciones Sociales","link":"https:\/\/moir.com.co\/web\/category\/pronunciamientos-de-organizaciones-sociales\/"},"img":{"alt_text":"","src":"","width":0,"height":0},"classes":[]},{"id":413,"url":"https:\/\/moir.com.co\/web\/ante-la-audiencia-publica-convocada-por-la-crc-sobre-la-licencia-ambiental-para-el-proyecto-panelero-de-padilla\/","url_meta":{"origin":453,"position":2},"title":"ANTE LA AUDIENCIA P\u00daBLICA CONVOCADA POR LA CRC SOBRE LA LICENCIA AMBIENTAL PARA EL &#8220;PROYECTO PANELERO DE PADILLA&#8221;","author":"admin","date":"agosto 8, 2004","format":false,"excerpt":"CONSTANCIA Unidad Panelera Nacional Los abajo firmantes en nuestra calidad de voceros y\/o representantes de organizaciones paneleras, hacemos constar ante la Audiencia P\u00fablica convocada hoy 22 de marzo de 2002 por la CRC como requisito para otorgar la Licencia Ambiental de Funcionamiento al Ingenio Panelero promovido por \u201cDesarrollos Empresariales Caucanos\u201d\u2026","rel":"","context":"En \u00abPronunciamientos de Organizaciones Sociales\u00bb","block_context":{"text":"Pronunciamientos de Organizaciones Sociales","link":"https:\/\/moir.com.co\/web\/category\/pronunciamientos-de-organizaciones-sociales\/"},"img":{"alt_text":"","src":"","width":0,"height":0},"classes":[]},{"id":437,"url":"https:\/\/moir.com.co\/web\/resolucion-de-la-tercera-asamblea-departamental-de-salvaci__n-agropecuaria-en-antioquia-sobre-el-precio-del-cafe\/","url_meta":{"origin":453,"position":3},"title":"RESOLUCI\u00d3N DE LA TERCERA ASAMBLEA DEPARTAMENTAL DE SALVACI__N AGROPECUARIA EN ANTIOQUIA SOBRE EL PRECIO DEL CAF\u00c9","author":"admin","date":"agosto 9, 2004","format":false,"excerpt":"Asociaci\u00f3n Nacional Por La Salvaci\u00f3n Agropecuario, agosto 9 de 2002 La III Asamblea Departamental de la Asociaci\u00f3n Nacional por la Salvaci\u00f3n Agropecuaria en Antioquia, reunida en el Auditorio de la Fundaci\u00f3n Universitaria Mar\u00eda en la Ciudad de Medell\u00edn el d\u00eda 9 de Agosto de 2002-08-20 CONSIDERANDO 1. Que gracias al\u2026","rel":"","context":"En \u00abPronunciamientos de Organizaciones Sociales\u00bb","block_context":{"text":"Pronunciamientos de Organizaciones Sociales","link":"https:\/\/moir.com.co\/web\/category\/pronunciamientos-de-organizaciones-sociales\/"},"img":{"alt_text":"","src":"","width":0,"height":0},"classes":[]},{"id":421,"url":"https:\/\/moir.com.co\/web\/magna-audiencia-de-paneleros-provincia-del-gualiva-resolucion\/","url_meta":{"origin":453,"position":4},"title":"MAGNA AUDIENCIA DE PANELEROS PROVINCIA DEL GUALIV\u00c1 RESOLUCI\u00d3N","author":"admin","date":"agosto 8, 2004","format":false,"excerpt":"La audiencia de paneleros de los municipios de la Provincia del Gualiv\u00e1 (Caparrap\u00ed, Guaduas, La Pe\u00f1a, La Vega, Nimaima, Nocaima, La Vega, \u00datica, Vergara, Quebradanegra y Villeta), celebrada en el municipio de Villeta con la asistencia de m\u00e1s de mil productores el d\u00eda 3 de junio de 2002 CONSIDERANDO QUE:\u2026","rel":"","context":"En \u00abPronunciamientos de Organizaciones Sociales\u00bb","block_context":{"text":"Pronunciamientos de Organizaciones Sociales","link":"https:\/\/moir.com.co\/web\/category\/pronunciamientos-de-organizaciones-sociales\/"},"img":{"alt_text":"","src":"","width":0,"height":0},"classes":[]},{"id":436,"url":"https:\/\/moir.com.co\/web\/en-firme-los-preparativos-de-la-marcha-nacional-panelera-en-bogota-contra-el-ingenio-de-padilla\/","url_meta":{"origin":453,"position":5},"title":"EN FIRME LOS PREPARATIVOS DE LA MARCHA NACIONAL PANELERA EN BOGOT\u00c1 CONTRA EL INGENIO DE PADILLA","author":"admin","date":"agosto 9, 2004","format":false,"excerpt":"Asociaci\u00f3n Nacional por la Salvaci\u00f3n Agropecuaria, Ibagu\u00e9; julio 24 de 2002 Delegaciones de paneleros de casi todo el pa\u00eds se est\u00e1n preparando para hacerse presentes en la Marcha Nacional Panelera que se efectuar\u00e1 el pr\u00f3ximo martes 30 de julio en Bogot\u00e1. Han confirmado su asistencia los principales municipios productores de\u2026","rel":"","context":"En \u00abPronunciamientos de Organizaciones Sociales\u00bb","block_context":{"text":"Pronunciamientos de Organizaciones Sociales","link":"https:\/\/moir.com.co\/web\/category\/pronunciamientos-de-organizaciones-sociales\/"},"img":{"alt_text":"","src":"","width":0,"height":0},"classes":[]}],"jetpack_sharing_enabled":true,"_links":{"self":[{"href":"https:\/\/moir.com.co\/web\/wp-json\/wp\/v2\/posts\/453","targetHints":{"allow":["GET"]}}],"collection":[{"href":"https:\/\/moir.com.co\/web\/wp-json\/wp\/v2\/posts"}],"about":[{"href":"https:\/\/moir.com.co\/web\/wp-json\/wp\/v2\/types\/post"}],"author":[{"embeddable":true,"href":"https:\/\/moir.com.co\/web\/wp-json\/wp\/v2\/users\/1"}],"replies":[{"embeddable":true,"href":"https:\/\/moir.com.co\/web\/wp-json\/wp\/v2\/comments?post=453"}],"version-history":[{"count":0,"href":"https:\/\/moir.com.co\/web\/wp-json\/wp\/v2\/posts\/453\/revisions"}],"wp:attachment":[{"href":"https:\/\/moir.com.co\/web\/wp-json\/wp\/v2\/media?parent=453"}],"wp:term":[{"taxonomy":"category","embeddable":true,"href":"https:\/\/moir.com.co\/web\/wp-json\/wp\/v2\/categories?post=453"},{"taxonomy":"post_tag","embeddable":true,"href":"https:\/\/moir.com.co\/web\/wp-json\/wp\/v2\/tags?post=453"}],"curies":[{"name":"wp","href":"https:\/\/api.w.org\/{rel}","templated":true}]}}