{"id":445,"date":"2004-08-09T07:00:00","date_gmt":"2004-08-09T07:00:00","guid":{"rendered":"https:\/\/moir.org.co\/web\/el-gobierno-debe-explicar-como-fija-el-precio-del-cafe-en-esta-cosecha\/"},"modified":"2004-08-09T07:00:00","modified_gmt":"2004-08-09T07:00:00","slug":"el-gobierno-debe-explicar-como-fija-el-precio-del-cafe-en-esta-cosecha","status":"publish","type":"post","link":"https:\/\/moir.com.co\/web\/el-gobierno-debe-explicar-como-fija-el-precio-del-cafe-en-esta-cosecha\/","title":{"rendered":"\u00a1EL GOBIERNO DEBE EXPLICAR C\u00d3MO FIJA EL PRECIO DEL CAF\u00c9 EN ESTA  COSECHA\u00a1"},"content":{"rendered":"<p>Unidad Cafetera Nacional, octubre 22 de 2002<\/p>\n<p>Los cafeteros colombianos entienden que, aunque en la reciente reuni\u00f3n de la Organizaci\u00f3n Internacional del Caf\u00e9 (OIC), se decidi\u00f3, entre los pa\u00edses productores y consumidores, destruir 4.5 millones de sacos de mala calidad para eliminar en algo la superproducci\u00f3n e impulsar los precios hacia arriba, las expectativas de altas cotizaciones no est\u00e1n dentro de la l\u00f3gica actual del mercado dado que \u00e9sta es una cantidad que apenas alcanza a algo m\u00e1s de la d\u00e9cima parte del total de los excedentes y porque adem\u00e1s el principal consumidor, Estados Unidos, no apoya ese convenio.<\/p>\n<p>En Colombia, de otro lado, las promesas electorales incumplidas en torno al apoyo al caficultor por parte de Alvaro Uribe V\u00e9lez, con la disculpa de las \u201cdificultades fiscales\u201d del gobierno, son una mala se\u00f1al acerca del futuro de las 550.000 familias productoras. Sabiendo de las graves dificultades del comercio exterior del caf\u00e9, no es justo que el \u201dAcuerdo entre la Federaci\u00f3n y el Gobierno\u201d reduzca el subsidio al precio interno de $30.000 a $25.000 por carga y, en los \u00faltimos d\u00edas, a $20.000, que elimine los recursos p\u00fablicos para atender los programas especiales de cr\u00e9dito y renovaci\u00f3n de cafetales y \u201dpivatice\u201d la prestaci\u00f3n de la asistencia t\u00e9cnica a quienes responden por el 45% de la producci\u00f3n colombiana.<\/p>\n<p>Pero lo m\u00e1s grave es la forma como se viene fijando el precio interno de la actual cosecha. Aunque el valor internacional es mayor que en enero y la devaluaci\u00f3n en el a\u00f1o es m\u00e1s del 20%, esto apenas se traduce en alzas que en el mejor de los casos, como el 16 de octubre pasado, ni siquiera reflejaron la p\u00e9rdida del valor del peso frente al d\u00f3lar. Esto es peor todav\u00eda para la mayor\u00eda de los cafeteros que no logran, por calidad, el nivel m\u00e1ximo del precio oficial. Los datos siguientes muestran c\u00f3mo no existe coherencia alguna en la forma como se est\u00e1 pagando la cosecha, inclusive en los \u00faltimos d\u00edas cuando no est\u00e1 operando ning\u00fan valor por subsidio al precio.<\/p>\n<p>VARIABLES DETERMINANTES DEL PRECIO INTERNO DEL CAF\u00c9 EN 2002<\/p>\n<p>FECHA Vr. Precio internacional<br \/>\n( d\u00f3lares \/ libra)<br \/>\nVr.<br \/>\nTasa Cambio<\/p>\n<p>( $ por d\u00f3lar)<br \/>\nVr.<br \/>\nSubsidio<\/p>\n<p>( $ \/ carga)<br \/>\nVr.<br \/>\nPrecio interno<\/p>\n<p>( $ \/ carga)<br \/>\nDevaluaci\u00f3n<\/p>\n<p>( %)<br \/>\nCambio<br \/>\nPrecio<\/p>\n<p>Externo<\/p>\n<p>en 2002<br \/>\nCambio Precio<br \/>\nInterno<\/p>\n<p>en 2002<\/p>\n<p>Enero 0.63 2.274,9 30.000 276.608 &#8212;- &#8212; &#8212;<br \/>\nAbril 0.70 2.263,1 30.000 308.818 &#8211; 0,4% 11% 11,8%<br \/>\nJulio 0,60 2.510 30.000 260.000 10.3% -5% &#8211; 6%<br \/>\nOctubre 11 0.61 2.861 20.000 296.625 25,7% -3% 6 %<br \/>\nOctubre 15 67 2.853 &#8212;&#8212; 350.000 25.3% 6.4% 26,5%<br \/>\nOctubre 16 74 2.857 &#8212;&#8212; 329.375 25.5% 17.5% 19%<br \/>\nOctubre 18 70 2.837 &#8212;&#8212; 322.750 25% 11% 16,7%<br \/>\nOctubre 21 66.5 2.790 &#8212;&#8212; 333.875 22.5% 5.5% 20,7%<\/p>\n<p>UNIDAD CAFETERA llama los productores de caf\u00e9 a exigir del gobierno, voz dominante en el Comit\u00e9 Nacional de Cafeteros, a trav\u00e9s del ministro de Hacienda, Roberto Junguito, claridad suficiente acerca de la fijaci\u00f3n del precio interno de la cosecha. Este asunto es tambi\u00e9n de vital inter\u00e9s para todas las regiones que dependen del caf\u00e9 y que urgen de m\u00e1s recursos para sus econom\u00edas. Pero adem\u00e1s de claridad, es imperativo persistir en la demanda de un precio estable y remunerativo que no se fije por variables fuera del control de los productores de caf\u00e9 como son la cotizaci\u00f3n internacional y la tasa de cambio. Insistimos en que debe fijarse con base en los costos de producci\u00f3n y una tasa de ganancia media que haga rentable la caficultura y le brinde estabilidad.<\/p>\n<p>Igualmente, exhortamos a rechazar con energ\u00eda el proyecto de Reforma Tributaria que se ensa\u00f1a contra el agro nacional y que aplica una contribuci\u00f3n de cuatro centavos de d\u00f3lar que los cafeteros deben ceder del precio internacional para el sostenimiento de las instituciones y del Fondo Nacional del Caf\u00e9, creando un factor m\u00e1s de disminuci\u00f3n del precio al productor sobre quien el Estado, de forma inicua y en la peor hora, descarga toda la responsabilidad en lo atinente con la existencia de la industria cafetera nacional. Ese rechazo debe expresarse en las formas como Unidad Cafetera lo ha hecho a trav\u00e9s del tiempo, incluyendo la protesta organizada y p\u00fablica.<\/p>\n<p>Aurelio Su\u00e1rez Montoya<br \/>\nPresidente Nacional UNIDAD CAFETERA. <\/p>\n","protected":false},"excerpt":{"rendered":"<p>Unidad Cafetera Nacional, octubre 22 de 2002 Los cafeteros colombianos entienden que, aunque en la reciente reuni\u00f3n de la Organizaci\u00f3n Internacional del Caf\u00e9 (OIC), se decidi\u00f3, entre los pa\u00edses productores y consumidores, destruir 4.5 millones de sacos de mala calidad para eliminar en algo la superproducci\u00f3n e impulsar los precios hacia arriba, las expectativas de [&hellip;]<\/p>\n","protected":false},"author":1,"featured_media":0,"comment_status":"open","ping_status":"open","sticky":false,"template":"","format":"standard","meta":{"advanced_seo_description":"","jetpack_seo_html_title":"","jetpack_seo_noindex":false,"_jetpack_memberships_contains_paid_content":false,"footnotes":""},"categories":[7],"tags":[],"class_list":["post-445","post","type-post","status-publish","format-standard","hentry","category-pronunciamientos-de-organizaciones-sociales"],"jetpack_featured_media_url":"","jetpack-related-posts":[{"id":467,"url":"https:\/\/moir.com.co\/web\/encuentro-cafetero-en-suiza\/","url_meta":{"origin":445,"position":0},"title":"ENCUENTRO CAFETERO EN SUIZA","author":"admin","date":"agosto 9, 2004","format":false,"excerpt":"Unidad Cafetera Nacional, LA TARDE. Pereira, enero 10 de 2003 Con el fin de llegar a un acuerdo sobre los futuro desarrollo en la tarea de defender a los productores mundiales de caf\u00e9 ante las inicuas iniciativas adelantadas por las multinacionales en su contra, se efectuar\u00e1 entre el 13 y\u2026","rel":"","context":"En \u00abPronunciamientos de Organizaciones Sociales\u00bb","block_context":{"text":"Pronunciamientos de Organizaciones Sociales","link":"https:\/\/moir.com.co\/web\/category\/pronunciamientos-de-organizaciones-sociales\/"},"img":{"alt_text":"","src":"","width":0,"height":0},"classes":[]},{"id":410,"url":"https:\/\/moir.com.co\/web\/el-subsidio-no-debe-disminuirse-sino-aumentarse\/","url_meta":{"origin":445,"position":1},"title":"EL SUBSIDIO NO DEBE DISMINUIRSE SINO AUMENTARSE","author":"admin","date":"agosto 8, 2004","format":false,"excerpt":"Jorge Enrique Robledo Castillo,Coordinador Nacional Unidad Cafetera, Manizales, febrero 14 de 2002. En el d\u00eda de ayer, el ministro de Hacienda, Juan Manuel Santos, anunci\u00f3 que al finalizar el mes de marzo se eliminar\u00e1n los 30 mil pesos de subsidio por carga de caf\u00e9 que viene pagando el gobierno nacional.\u2026","rel":"","context":"En \u00abPronunciamientos de Organizaciones Sociales\u00bb","block_context":{"text":"Pronunciamientos de Organizaciones Sociales","link":"https:\/\/moir.com.co\/web\/category\/pronunciamientos-de-organizaciones-sociales\/"},"img":{"alt_text":"","src":"","width":0,"height":0},"classes":[]},{"id":473,"url":"https:\/\/moir.com.co\/web\/alianza-global-por-la-defensa-del-cafe-reclama-un-plan-de-rescate-de-los-cafeteros-del-mundo\/","url_meta":{"origin":445,"position":2},"title":"\u00a1ALIANZA GLOBAL POR LA DEFENSA DEL CAF\u00c9 RECLAMA UN PLAN DE RESCATE DE LOS CAFETEROS DEL MUNDO!","author":"admin","date":"agosto 9, 2004","format":false,"excerpt":"Unidad Cafetera Nacional, Ginebra (Suiza) enero 14 de 2003 La Alianza Global por la defensa del CAF\u00c9, que se constituy\u00f3 en Ginebra (Suiza) el 13 y 14 de enero de 2003, reclam\u00f3 de los poderes econ\u00f3micos y pol\u00edticos del mundo un Plan de Rescate para hacer un mercado cafetero estable\u2026","rel":"","context":"En \u00abPronunciamientos de Organizaciones Sociales\u00bb","block_context":{"text":"Pronunciamientos de Organizaciones Sociales","link":"https:\/\/moir.com.co\/web\/category\/pronunciamientos-de-organizaciones-sociales\/"},"img":{"alt_text":"","src":"","width":0,"height":0},"classes":[]},{"id":426,"url":"https:\/\/moir.com.co\/web\/carta-de-la-xi-asamblea-nacional-de-delegados-de-unidad-cafetera-al-presidente-electo-alvaro-uribe-velez\/","url_meta":{"origin":445,"position":3},"title":"CARTA DE LA XI ASAMBLEA NACIONAL DE DELEGADOS DE UNIDAD CAFETERA AL PRESIDENTE ELECTO ALVARO URIBE VELEZ","author":"admin","date":"agosto 8, 2004","format":false,"excerpt":"Se\u00f1or Doctor ALVARO URIBE VELEZ Presidente electo de la Rep\u00fablica de Colombia Bogot\u00e1 Se\u00f1or Presidente: Se volvi\u00f3 costumbre, desde que sobrevino la crisis del caf\u00e9 a ra\u00edz del rompimiento del Pacto de Cuotas, que los candidatos presidenciales vengan a la zona cafetera en \u00e9poca de campa\u00f1a, prometan el oro y\u2026","rel":"","context":"En \u00abPronunciamientos de Organizaciones Sociales\u00bb","block_context":{"text":"Pronunciamientos de Organizaciones Sociales","link":"https:\/\/moir.com.co\/web\/category\/pronunciamientos-de-organizaciones-sociales\/"},"img":{"alt_text":"","src":"","width":0,"height":0},"classes":[]},{"id":21107,"url":"https:\/\/moir.com.co\/web\/el-cafe-no-se-recupera\/","url_meta":{"origin":445,"position":4},"title":"EL CAF\u00c9 NO SE RECUPERA","author":"admin","date":"mayo 11, 2005","format":false,"excerpt":"Jorge Enrique Robledo C., Coordinador Unidad Cafetera Nacional Con la eliminaci\u00f3n de las cuotas en el Pacto Internacional del Caf\u00e9, lo que ten\u00eda que pasar pas\u00f3: las cotizaciones cayeron en picada en los mercados mundiales. Los ingresos de las naciones cafeteras se han reducido en cerca de diez mil millones\u2026","rel":"","context":"En \u00abTribuna Roja N\u00b0 52, Bogot\u00e1; julio 29- agosto 11 de 1993\u00bb","block_context":{"text":"Tribuna Roja N\u00b0 52, Bogot\u00e1; julio 29- agosto 11 de 1993","link":"https:\/\/moir.com.co\/web\/category\/tribuna-roja\/ediciones-1990-1994\/tribuna-roja-n-52-bogota-julio-29-agosto-11-de-1993\/"},"img":{"alt_text":"","src":"","width":0,"height":0},"classes":[]},{"id":459,"url":"https:\/\/moir.com.co\/web\/carta-abierta-a-el-tiempo\/","url_meta":{"origin":445,"position":5},"title":"CARTA ABIERTA A &#8220;El Tiempo&#8221;","author":"admin","date":"agosto 9, 2004","format":false,"excerpt":"Aurelio Su\u00e1rez Montoya; presidente Unidad Cafetera Nacional., Pereira, diciembre 10 de 2002 Pereira, diciembre 10 de 2002 Doctores Enrique Santos C. y Rafael Santos C. Directores Peri\u00f3dico \u201cEl Tiempo\u201d Bogot\u00e1 D. C. Cordial saludo, Las afirmaciones del editorial del s\u00e1bado 7 de diciembre sobre la industria cafetera colombiana me obligan\u2026","rel":"","context":"En \u00abPronunciamientos de Organizaciones Sociales\u00bb","block_context":{"text":"Pronunciamientos de Organizaciones Sociales","link":"https:\/\/moir.com.co\/web\/category\/pronunciamientos-de-organizaciones-sociales\/"},"img":{"alt_text":"","src":"","width":0,"height":0},"classes":[]}],"jetpack_sharing_enabled":true,"_links":{"self":[{"href":"https:\/\/moir.com.co\/web\/wp-json\/wp\/v2\/posts\/445","targetHints":{"allow":["GET"]}}],"collection":[{"href":"https:\/\/moir.com.co\/web\/wp-json\/wp\/v2\/posts"}],"about":[{"href":"https:\/\/moir.com.co\/web\/wp-json\/wp\/v2\/types\/post"}],"author":[{"embeddable":true,"href":"https:\/\/moir.com.co\/web\/wp-json\/wp\/v2\/users\/1"}],"replies":[{"embeddable":true,"href":"https:\/\/moir.com.co\/web\/wp-json\/wp\/v2\/comments?post=445"}],"version-history":[{"count":0,"href":"https:\/\/moir.com.co\/web\/wp-json\/wp\/v2\/posts\/445\/revisions"}],"wp:attachment":[{"href":"https:\/\/moir.com.co\/web\/wp-json\/wp\/v2\/media?parent=445"}],"wp:term":[{"taxonomy":"category","embeddable":true,"href":"https:\/\/moir.com.co\/web\/wp-json\/wp\/v2\/categories?post=445"},{"taxonomy":"post_tag","embeddable":true,"href":"https:\/\/moir.com.co\/web\/wp-json\/wp\/v2\/tags?post=445"}],"curies":[{"name":"wp","href":"https:\/\/api.w.org\/{rel}","templated":true}]}}